{"id":61408,"date":"2024-07-15T12:00:06","date_gmt":"2024-07-15T12:00:06","guid":{"rendered":"https:\/\/ekamu.net\/?p=61408"},"modified":"2024-07-15T12:00:06","modified_gmt":"2024-07-15T12:00:06","slug":"simsek-enflasyonla-mucadelede-en-zoru-geride-kaldi","status":"publish","type":"post","link":"https:\/\/ekamu.net\/index.php\/2024\/07\/15\/simsek-enflasyonla-mucadelede-en-zoru-geride-kaldi\/","title":{"rendered":"\u015eim\u015fek: Enflasyonla m\u00fccadelede en zoru geride kald\u0131"},"content":{"rendered":"<div>\n<p>T\u00dcS\u0130AD Y\u00fcksek \u0130sti\u015fare Kurulu Toplant\u0131s\u0131\u2019nda konu\u015fan Hazine ve Maliye Bakan\u0131 Mehmet \u015eim\u015fek, swap hari\u00e7 net rezervlerin 18 milyar dolar\u0131n \u00fczerine \u00e7\u0131kt\u0131\u011f\u0131n\u0131 an\u0131msatt\u0131.<\/p>\n<p>&#8220;Mali disiplinde bir sorun yok. Yap\u0131sal reformlar kal\u0131c\u0131 hale gelmeli&#8221; diyen \u015eim\u015fek, a\u00e7lar\u0131n\u0131n vergide adaleti sa\u011flamak oldu\u011funu dile getirdi.<\/p>\n<p>Hazine ve Maliye Bakan\u0131 Mehmet \u015eim\u015fek, T\u00fcrkiye\u2019nin uluslararas\u0131 kurulu\u015flar nezdinde rezerv yeterlili\u011finde istedi\u011fi noktaya ula\u015ft\u0131\u011f\u0131n\u0131 s\u00f6yledi.<\/p>\n<p>Ge\u00e7en y\u0131l 143 milyar dolarla zirveyi g\u00f6ren Kur Korumal\u0131 Mevduat\u2019\u0131n bug\u00fcn 60 milyar dolar\u0131n alt\u0131na indi\u011fini belirten \u015eim\u015fek, \u201cVergi te\u015fviklerini kald\u0131rd\u0131\u011f\u0131m\u0131z i\u00e7in KKM\u2019den \u00e7\u0131k\u0131\u015f \u00e7ok daha h\u0131zlanacak ve T\u00fcrkiye bu fasl\u0131 da kapatm\u0131\u015f olacakt\u0131r\u201d dedi.<\/p>\n<\/div>\n<div>\n<p>\u015eim\u015fek, enflasyonun Temmuzda b\u00fcy\u00fck olas\u0131l\u0131kla y\u00fczde 60 civar\u0131na inece\u011fini, takip eden aylarda da y\u00fczde 50 ve y\u00fczde 50\u2019nin alt\u0131na do\u011fru seyredece\u011fini s\u00f6ylerken, \u201cY\u0131l\u0131 tabii ki TCMB hedefi olan y\u00fczde 38 civar\u0131nda kapatmay\u0131 \u00fcmit ediyoruz, y\u00fczde 42\u2019ye kadar da tolerans var\u201d dedi.<\/p>\n<p>Vergide adalet ve etkinli\u011fi sa\u011flamak i\u00e7in \u00e7abalad\u0131klar\u0131n\u0131 s\u00f6yleyen \u015eim\u015fek, \u201cProgram\u0131n y\u00fck\u00fcn\u00fc herkes adil \u015fekilde payla\u015fmal\u0131\u201d diye ekledi.<\/p>\n<p>Yar\u0131n a\u00e7\u0131klanacak veri ile cari a\u00e7\u0131\u011f\u0131n milli gelire oran\u0131 y\u00fczde 2,5&#8217;in alt\u0131na d\u00fc\u015fm\u00fc\u015f olaca\u011f\u0131n\u0131 dile getiren \u015eim\u015fek, kur riskini azaltt\u0131klar\u0131n\u0131, bor\u00e7lanman\u0131n vadesini art\u0131rd\u0131klar\u0131n\u0131 dile getirdi.<\/p>\n<p>\u015eim\u015fek konu\u015fmas\u0131n\u0131 \u015f\u00f6yle s\u00fcrd\u00fcrd\u00fc:<\/p>\n<p>&#8220;Bankalarla swap\u0131 neredeyse kapatt\u0131k. Swap hari\u00e7 net rezerv 18 milyar dolar\u0131n \u00fczerine \u00e7\u0131km\u0131\u015f durumda.<\/p>\n<p>T\u00fcrkiye&#8217;nin istikrar ve reform program\u0131 ile birlikte risk priminde dramatik bir d\u00fc\u015f\u00fc\u015f ya\u015fanm\u0131\u015ft\u0131r. Son 1 y\u0131lda risk priminde daralma 450 puan civar\u0131nda, benzer \u00fclkelere g\u00f6re risk priminde muazzam iyile\u015fme var.<\/p>\n<p>KKM 60 milyar dolar\u0131n alt\u0131na indi, Temmuzda KKM&#8217;den \u00e7\u0131k\u0131\u015f \u00e7ok daha h\u0131zlanacak<\/p>\n<p>T\u00fcrkiye&#8217;nin makul maliyetlerle d\u0131\u015f kayna\u011fa eri\u015fiminde sorun, \u00f6nemli \u00f6l\u00e7\u00fcde ortadan kalkt\u0131. T\u00fcrkiye&#8217;nin d\u0131\u015f kayna\u011fa eri\u015fiminde sorun \u00f6neli \u00f6l\u00e7\u00fcde ortadan kalkt\u0131.<\/p>\n<p>2017 sonras\u0131nda bankalar\u0131m\u0131z\u0131n uzun vadeli kayna\u011fa eri\u015fimi dramatik \u015fekilde artt\u0131. Rezervlerdeki art\u0131\u015f s\u0131cak para de\u011fil, vatanda\u015flar\u0131n ve \u015firketlerin D\u00f6vizden TL&#8217;ye ge\u00e7mesi. Enflasyonda en zoru geride kald\u0131. Para politikas\u0131n\u0131n yeniden in\u015fa edilmesi zaman al\u0131yor.&#8221;<\/p>\n<\/div>\n<\/p>\n<p><\/p>\n<p>Kaynak :\u00a0<span style=\"background-color: rgb(255, 249, 236); color: rgb(55, 58, 60); font-size: 14px;\">Bloomberg HT<\/span><\/p>\n<p><span style=\"display: block; width: 343.125px; color: rgb(55, 58, 60); font-size: 14px; background-color: rgb(255, 249, 236);\"><\/span><\/p>\n","protected":false},"excerpt":{"rendered":"<p>Hazine ve Maliye Bakan Mehmet \u015eim\u015fek, dezenflasyon d\u00f6neminin ba\u015f\u0131nda olundu\u011funu belirterek, &#8220;Enflasyonla m\u00fccadelede en zoru zoru geride b\u0131rakt\u0131k, program \u00e7al\u0131\u015f\u0131yor, ba\u015faraca\u011f\u0131z&#8221; dedi.<\/p>\n","protected":false},"author":1,"featured_media":61409,"comment_status":"open","ping_status":"open","sticky":false,"template":"","format":"standard","meta":{"footnotes":""},"categories":[2],"tags":[114,964,80],"class_list":["post-61408","post","type-post","status-publish","format-standard","has-post-thumbnail","hentry","category-ekonomi","tag-milyar","tag-simsek","tag-turkiye"],"_links":{"self":[{"href":"https:\/\/ekamu.net\/index.php\/wp-json\/wp\/v2\/posts\/61408","targetHints":{"allow":["GET"]}}],"collection":[{"href":"https:\/\/ekamu.net\/index.php\/wp-json\/wp\/v2\/posts"}],"about":[{"href":"https:\/\/ekamu.net\/index.php\/wp-json\/wp\/v2\/types\/post"}],"author":[{"embeddable":true,"href":"https:\/\/ekamu.net\/index.php\/wp-json\/wp\/v2\/users\/1"}],"replies":[{"embeddable":true,"href":"https:\/\/ekamu.net\/index.php\/wp-json\/wp\/v2\/comments?post=61408"}],"version-history":[{"count":1,"href":"https:\/\/ekamu.net\/index.php\/wp-json\/wp\/v2\/posts\/61408\/revisions"}],"predecessor-version":[{"id":61410,"href":"https:\/\/ekamu.net\/index.php\/wp-json\/wp\/v2\/posts\/61408\/revisions\/61410"}],"wp:featuredmedia":[{"embeddable":true,"href":"https:\/\/ekamu.net\/index.php\/wp-json\/wp\/v2\/media\/61409"}],"wp:attachment":[{"href":"https:\/\/ekamu.net\/index.php\/wp-json\/wp\/v2\/media?parent=61408"}],"wp:term":[{"taxonomy":"category","embeddable":true,"href":"https:\/\/ekamu.net\/index.php\/wp-json\/wp\/v2\/categories?post=61408"},{"taxonomy":"post_tag","embeddable":true,"href":"https:\/\/ekamu.net\/index.php\/wp-json\/wp\/v2\/tags?post=61408"}],"curies":[{"name":"wp","href":"https:\/\/api.w.org\/{rel}","templated":true}]}}