{"id":61490,"date":"2024-07-15T15:48:05","date_gmt":"2024-07-15T15:48:05","guid":{"rendered":"https:\/\/ekamu.net\/?p=61490"},"modified":"2024-07-15T15:48:05","modified_gmt":"2024-07-15T15:48:05","slug":"intel-300-serisi-islemciler-dogrulandi-celeron-geri-mi-donuyor","status":"publish","type":"post","link":"https:\/\/ekamu.net\/index.php\/2024\/07\/15\/intel-300-serisi-islemciler-dogrulandi-celeron-geri-mi-donuyor\/","title":{"rendered":"Intel 300 serisi i\u015flemciler do\u011fruland\u0131: Celeron geri mi d\u00f6n\u00fcyor?"},"content":{"rendered":"<p><figure> <span> <img decoding=\"async\" src=\"https:\/\/ekamu.net\/wp-content\/uploads\/2024\/07\/intel-300-serisi-islemciler-dogrulandi-celeron-geri-mi-donuyor-0-e7g4uFwr.jpg\"\/> <\/span> Intel, bildi\u011finiz gibi Raptor Lake mimarisinin ard\u0131ndan uzun s\u00fcredir kullan\u0131lan <strong>Celeron ve Pentium markalar\u0131n\u0131<\/strong> sonland\u0131rd\u0131. Her nesilde yaln\u0131zca bir avu\u00e7 Pentium veya Celeron modeli tan\u0131t\u0131ld\u0131\u011f\u0131 d\u00fc\u015f\u00fcn\u00fcld\u00fc\u011f\u00fcnde ise, bu biraz ilgin\u00e7 kar\u015f\u0131lanm\u0131\u015ft\u0131. Ancak \u00e7ift \u00e7ekirdekli i\u015flemciler bir s\u00fcre daha raflarda kalabilir. Ge\u00e7ti\u011fimizde saatlerde, yeni bir &#8220;<strong>Intel 310&#8243; i\u015flemci<\/strong>\u00a0<strong>modeli <\/strong>ortaya \u00e7\u0131kt\u0131.\u00a0 <\/figure>\n<p><b>Intel 300 serisi i\u015flemciler ortaya \u00e7\u0131kt\u0131: Celeron geri mi d\u00f6n\u00fcyor.\u00a0<\/b><\/p>\n<p>Intel 310 i\u015flemci, 2024&#8217;\u00fcn ba\u015flar\u0131nda piyasaya \u00e7\u0131kaca\u011f\u0131 a\u00e7\u0131klanan Intel 300&#8217;\u00fc takip ediyor. Ka\u00e7\u0131ranlar i\u00e7in \u015firketin 2023&#8217;\u00fcn ortalar\u0131ndan bu yana, giri\u015f seviyesi CPU&#8217;lar \u00fczerinde \u00e7al\u0131\u015ft\u0131\u011f\u0131 biliniyordu. Bunlar\u0131n Intel 300 serisi oldu\u011fu da art\u0131k do\u011frulanm\u0131\u015f durumda. Aktar\u0131ld\u0131\u011f\u0131 kadar\u0131yla <strong>Efficient (k\u00fc\u00e7\u00fck) \u00e7ekirdekler<\/strong> \u00fczerine kurulan\u00a0bu seri, \u00e7ift \u00e7ekirdekli konfig\u00fcrasyonlarda geliyor.\u00a0<\/p>\n<figure> <span> <img decoding=\"async\" src=\"https:\/\/ekamu.net\/wp-content\/uploads\/2024\/07\/intel-300-serisi-islemciler-dogrulandi-celeron-geri-mi-donuyor-1-GbPM4mkc.jpg\"\/> <\/span> Geekbench&#8217;ten al\u0131nan listeye bakt\u0131\u011f\u0131m\u0131zda, Intel 310&#8217;un 4,1GHz saat h\u0131z\u0131na ula\u015ft\u0131\u011f\u0131 g\u00f6r\u00fcl\u00fcyor. \u0130\u015flemcinin y\u00fckseltilmi\u015f saat h\u0131z\u0131na sahip olmad\u0131\u011f\u0131n\u0131 belirtmekte fayda var. Tek iyi haber, Hyperthreading&#8217;in desteklenmesi. Bununla birlikte yeni i\u015flemci, platformun<strong> tek \u00e7ekirdek testlerinden 2.152, \u00e7oklu \u00e7ekirdek testlerinden ise 4.254 puan<\/strong> al\u0131yor.\u00a0 <\/figure>\n<p>Daha \u00f6nce Intel 300&#8217;\u00fcn <strong>82 dolar fiyatla 3,9GHz saat h\u0131z\u0131na<\/strong> sahip oldu\u011fundan bahsetmi\u015ftik. Intel&#8217;in belirtti\u011fine g\u00f6re bu serinin hedef kitlesi PC\/Client\/Tablet cihazlar\u0131 olacak.\u00a0Ancak, bu cihazlar\u0131n masa\u00fcst\u00fc format\u0131nda olmas\u0131 \u00e7eli\u015fkili bir durum yarat\u0131yor. Dolay\u0131s\u0131yla g\u00f6m\u00fcl\u00fc sistemler i\u00e7in daha uygun olabilir. Zira UHD Graphics 710&#8217;a sahip bu i\u015flemciler, 5K 120 Hz g\u00f6r\u00fcnt\u00fc \u00e7\u0131k\u0131\u015f\u0131 ve b\u00fcy\u00fck ekranl\u0131 paneller i\u00e7in yeterli g\u00fcce sahip.\u00a0<\/p>\n\n<p><span style=\"display: block; width: 343.125px; color: rgb(55, 58, 60); font-size: 14px; background-color: rgb(255, 249, 236);\"><\/span><\/p>\n<p>Kaynak :\u00a0<span style=\"background-color: rgb(255, 249, 236); color: rgb(55, 58, 60); font-size: 14px;\">https:\/\/www.donanimhaber.com\/intel-300-serisi-islemciler-dogrulandi-celeron-geri-mi-donuyor&#8211;179386<\/span><\/p>\n","protected":false},"excerpt":{"rendered":"<p>Intel, bildi\u011finiz gibi Raptor Lake mimarisinin ard\u0131ndan uzun s\u00fcredir kullan\u0131lan Celeron ve Pentium markalar\u0131n\u0131 sonland\u0131rd\u0131. Her nesilde yaln\u0131zca bir avu\u00e7 Pentium veya Celeron modeli tan\u0131t\u0131ld\u0131\u011f\u0131 d\u00fc\u015f\u00fcn\u00fcld\u00fc\u011f\u00fcnde ise, bu biraz ilgin\u00e7 kar\u015f\u0131lanm\u0131\u015ft\u0131 &#8230;<\/p>\n","protected":false},"author":1,"featured_media":61491,"comment_status":"open","ping_status":"open","sticky":false,"template":"","format":"standard","meta":{"footnotes":""},"categories":[8],"tags":[134,1257],"class_list":["post-61490","post","type-post","status-publish","format-standard","has-post-thumbnail","hentry","category-teknoloji","tag-cekirdek","tag-intel"],"_links":{"self":[{"href":"https:\/\/ekamu.net\/index.php\/wp-json\/wp\/v2\/posts\/61490","targetHints":{"allow":["GET"]}}],"collection":[{"href":"https:\/\/ekamu.net\/index.php\/wp-json\/wp\/v2\/posts"}],"about":[{"href":"https:\/\/ekamu.net\/index.php\/wp-json\/wp\/v2\/types\/post"}],"author":[{"embeddable":true,"href":"https:\/\/ekamu.net\/index.php\/wp-json\/wp\/v2\/users\/1"}],"replies":[{"embeddable":true,"href":"https:\/\/ekamu.net\/index.php\/wp-json\/wp\/v2\/comments?post=61490"}],"version-history":[{"count":1,"href":"https:\/\/ekamu.net\/index.php\/wp-json\/wp\/v2\/posts\/61490\/revisions"}],"predecessor-version":[{"id":61494,"href":"https:\/\/ekamu.net\/index.php\/wp-json\/wp\/v2\/posts\/61490\/revisions\/61494"}],"wp:featuredmedia":[{"embeddable":true,"href":"https:\/\/ekamu.net\/index.php\/wp-json\/wp\/v2\/media\/61491"}],"wp:attachment":[{"href":"https:\/\/ekamu.net\/index.php\/wp-json\/wp\/v2\/media?parent=61490"}],"wp:term":[{"taxonomy":"category","embeddable":true,"href":"https:\/\/ekamu.net\/index.php\/wp-json\/wp\/v2\/categories?post=61490"},{"taxonomy":"post_tag","embeddable":true,"href":"https:\/\/ekamu.net\/index.php\/wp-json\/wp\/v2\/tags?post=61490"}],"curies":[{"name":"wp","href":"https:\/\/api.w.org\/{rel}","templated":true}]}}