{"id":61747,"date":"2024-07-16T04:48:05","date_gmt":"2024-07-16T04:48:05","guid":{"rendered":"https:\/\/ekamu.net\/?p=61747"},"modified":"2024-07-16T04:48:05","modified_gmt":"2024-07-16T04:48:05","slug":"abdde-tuketici-guveni-8-ayin-en-dusuk-seviyesinde","status":"publish","type":"post","link":"https:\/\/ekamu.net\/index.php\/2024\/07\/16\/abdde-tuketici-guveni-8-ayin-en-dusuk-seviyesinde\/","title":{"rendered":"ABD\u2019de t\u00fcketici g\u00fcveni 8 ay\u0131n en d\u00fc\u015f\u00fck seviyesinde"},"content":{"rendered":"<div>\n<p>ABD\u2019de T\u00fcketici G\u00fcveni endeksi Temmuz ay\u0131nda 68,2\u2019den 66\u2019ya geriledi. Bloomberg\u2019in anketine kat\u0131lan ekonomistlerin medyan tahmini 68,5\u2019ti.<\/p>\n<p>T\u00fcketicilerin gelecek y\u0131l i\u00e7in enflasyon beklentileri y\u00fczde 3\u2019ten y\u00fczde 2,9\u2019a geriled ve b\u00f6ylece enflasyon beklentisinde d\u00fc\u015f\u00fc\u015f 2. ayda da devam etti.<\/p>\n<p>Cari ko\u015fullar endeksi 65,9\u2019dan 64,1\u2019e gerileyerek Aral\u0131k 2022\u2019den beri g\u00f6r\u00fclen en d\u00fc\u015f\u00fck seviyeye inerken beklenti endeksi de 67,2 olarak 8 ay\u0131n en d\u00fc\u015f\u00fck seviyesine indi.<\/p>\n<\/div>\n<div>\n<p>Anket y\u00f6neticisi Joanne Hsu enflasyonda gerileme beklentisine ra\u011fmen t\u00fcketicilerin hala y\u00fcksek fiyatlar\u0131n etkisiyle kar\u015f\u0131 kar\u015f\u0131ya oldu\u011funu belirtti.<\/p>\n<p>\u00dclkede d\u00fcn a\u00e7\u0131klanan veriler, enflasyonun yava\u015flad\u0131\u011f\u0131n\u0131 g\u00f6stermi\u015fti. Bu durum Fed\u2019den yak\u0131n zamanda faiz indirimi beklentilerini kuvvetlendirdi.<\/p>\n<\/div>\n<\/p>\n<p><\/p>\n<p>Kaynak :\u00a0<span style=\"background-color: rgb(255, 249, 236); color: rgb(55, 58, 60); font-size: 14px;\">Bloomberg HT<\/span><\/p>\n<p><span style=\"display: block; width: 343.125px; color: rgb(55, 58, 60); font-size: 14px; background-color: rgb(255, 249, 236);\"><\/span><\/p>\n","protected":false},"excerpt":{"rendered":"<p>ABD\u2019de Michigan \u00dcniversitesi t\u00fcketici g\u00fcven endeksi y\u00fcksek fiyatlar\u0131n hanehalk\u0131na ve ekonomiye olumsuz etkileriyle 8 ay\u0131n en d\u00fc\u015f\u00fck seviyesine geriledi<\/p>\n","protected":false},"author":1,"featured_media":61748,"comment_status":"open","ping_status":"open","sticky":false,"template":"","format":"standard","meta":{"footnotes":""},"categories":[2],"tags":[58],"class_list":["post-61747","post","type-post","status-publish","format-standard","has-post-thumbnail","hentry","category-ekonomi","tag-beklenti"],"_links":{"self":[{"href":"https:\/\/ekamu.net\/index.php\/wp-json\/wp\/v2\/posts\/61747","targetHints":{"allow":["GET"]}}],"collection":[{"href":"https:\/\/ekamu.net\/index.php\/wp-json\/wp\/v2\/posts"}],"about":[{"href":"https:\/\/ekamu.net\/index.php\/wp-json\/wp\/v2\/types\/post"}],"author":[{"embeddable":true,"href":"https:\/\/ekamu.net\/index.php\/wp-json\/wp\/v2\/users\/1"}],"replies":[{"embeddable":true,"href":"https:\/\/ekamu.net\/index.php\/wp-json\/wp\/v2\/comments?post=61747"}],"version-history":[{"count":1,"href":"https:\/\/ekamu.net\/index.php\/wp-json\/wp\/v2\/posts\/61747\/revisions"}],"predecessor-version":[{"id":61749,"href":"https:\/\/ekamu.net\/index.php\/wp-json\/wp\/v2\/posts\/61747\/revisions\/61749"}],"wp:featuredmedia":[{"embeddable":true,"href":"https:\/\/ekamu.net\/index.php\/wp-json\/wp\/v2\/media\/61748"}],"wp:attachment":[{"href":"https:\/\/ekamu.net\/index.php\/wp-json\/wp\/v2\/media?parent=61747"}],"wp:term":[{"taxonomy":"category","embeddable":true,"href":"https:\/\/ekamu.net\/index.php\/wp-json\/wp\/v2\/categories?post=61747"},{"taxonomy":"post_tag","embeddable":true,"href":"https:\/\/ekamu.net\/index.php\/wp-json\/wp\/v2\/tags?post=61747"}],"curies":[{"name":"wp","href":"https:\/\/api.w.org\/{rel}","templated":true}]}}