{"id":61773,"date":"2024-07-16T06:12:04","date_gmt":"2024-07-16T06:12:04","guid":{"rendered":"https:\/\/ekamu.net\/?p=61773"},"modified":"2024-07-16T06:12:04","modified_gmt":"2024-07-16T06:12:04","slug":"cumhurbaskani-erdogandan-f-16-aciklamasi","status":"publish","type":"post","link":"https:\/\/ekamu.net\/index.php\/2024\/07\/16\/cumhurbaskani-erdogandan-f-16-aciklamasi\/","title":{"rendered":"Cumhurba\u015fkan\u0131 Erdo\u011fan\u2019dan F-16 a\u00e7\u0131klamas\u0131"},"content":{"rendered":"<p><p>Cumhurba\u015fkan\u0131 Erdo\u011fan, NATO Devlet ve H\u00fck\u00fcmet Ba\u015fkanlar\u0131 Zirvesi&#8217;ne kat\u0131lmak \u00fczere ziyaret etti\u011fi ABD&#8217;nin ba\u015fkenti Washington&#8217;dan d\u00f6n\u00fc\u015f\u00fcnde u\u00e7akta gazetecilere a\u00e7\u0131klamalarda bulundu.<\/p>\n<p>Cumhurba\u015fkan\u0131 Erdo\u011fan, &#8220;Bas\u0131n toplant\u0131s\u0131nda da de\u011findiniz ama biz F-35 meselesinin nas\u0131l \u00e7\u00f6z\u00fclece\u011fini merak ediyoruz. Programa geri d\u00f6n\u00fc\u015f m\u00fc s\u00f6z konusu ya da F-16&#8217;yla ilgili bir mahsupla\u015fma m\u0131 olacak?&#8221; sorusu \u00fczerine \u015funlar\u0131 kaydetti:<\/p>\n<p>&#8220;Bizim burada \u00f6nceli\u011fimiz F-16 talebimizin kar\u015f\u0131lanmas\u0131. Alt k\u00fcmelerde farkl\u0131 durumlar olabiliyor ama biz oradaki parasal ili\u015fkileri pek g\u00fcndeme almak istemiyoruz. \u00c7\u00fcnk\u00fc biz F-35 \u00fczerinden zaten \u00f6dememizi yapt\u0131k. Hatta 5 tane F-35 hangara da al\u0131nm\u0131\u015ft\u0131 ama ne yaz\u0131k ki olay farkl\u0131 geli\u015fti ve daha sonra ABD, bizim F-16&#8217;lar\u0131m\u0131z\u0131 da vermeme noktas\u0131na dahi gelmi\u015fti. Son g\u00f6r\u00fc\u015fmede ABD Ba\u015fkan\u0131 Biden &#8216;3-4 hafta i\u00e7erisinde F-16 sorununu \u00e7\u00f6zece\u011fim&#8217; dedi. Bizim i\u00e7in bu noktada \u00f6nemli olan F-16 konusudur. Bu u\u00e7aklar\u0131n ve par\u00e7alar\u0131n\u0131n bize gelmesi halinde zaten bizim \u015fu anda teknik kadrolar\u0131m\u0131z yeterlidir. Bu alanda b\u00fct\u00fcn at\u00f6lyelerimiz F-16 modernizasyonu konusunda \u00e7ok \u00e7ok ba\u015far\u0131l\u0131. Bu s\u00fcreci gerek biz, gerek ilgili bakanlar\u0131m\u0131z ve kurumlar\u0131m\u0131z yak\u0131ndan takip ediyor ve k\u0131sa s\u00fcrede netice alabilmek i\u00e7in de \u00e7al\u0131\u015fmalar\u0131m\u0131z\u0131 s\u00fcrd\u00fcr\u00fcyoruz.&#8221;<\/p>\n\n<p><\/p>\n<p>Kaynak :\u00a0<span style=\"background-color: rgb(255, 249, 236); color: rgb(55, 58, 60); font-size: 14px;\">Bloomberg HT<\/span><\/p>\n<p><span style=\"display: block; width: 343.125px; color: rgb(55, 58, 60); font-size: 14px; background-color: rgb(255, 249, 236);\"><\/span><\/p>\n","protected":false},"excerpt":{"rendered":"<p>Cumhurba\u015fkan\u0131 Erdo\u011fan ABD\u2019den F-16 tedari\u011fi konusunda \u201cABD Ba\u015fkan\u0131 Biden &#8216;3-4 hafta i\u00e7erisinde F-16 sorununu \u00e7\u00f6zece\u011fim&#8217; dedi..Bu s\u00fcreci gerek biz, gerek ilgili bakanlar\u0131m\u0131z ve kurumlar\u0131m\u0131z yak\u0131ndan takip ediyor ve k\u0131sa s\u00fcrede netice alabilmek i\u00e7in&#8230;<\/p>\n","protected":false},"author":1,"featured_media":61774,"comment_status":"open","ping_status":"open","sticky":false,"template":"","format":"standard","meta":{"footnotes":""},"categories":[2],"tags":[2931],"class_list":["post-61773","post","type-post","status-publish","format-standard","has-post-thumbnail","hentry","category-ekonomi","tag-f-16"],"_links":{"self":[{"href":"https:\/\/ekamu.net\/index.php\/wp-json\/wp\/v2\/posts\/61773","targetHints":{"allow":["GET"]}}],"collection":[{"href":"https:\/\/ekamu.net\/index.php\/wp-json\/wp\/v2\/posts"}],"about":[{"href":"https:\/\/ekamu.net\/index.php\/wp-json\/wp\/v2\/types\/post"}],"author":[{"embeddable":true,"href":"https:\/\/ekamu.net\/index.php\/wp-json\/wp\/v2\/users\/1"}],"replies":[{"embeddable":true,"href":"https:\/\/ekamu.net\/index.php\/wp-json\/wp\/v2\/comments?post=61773"}],"version-history":[{"count":1,"href":"https:\/\/ekamu.net\/index.php\/wp-json\/wp\/v2\/posts\/61773\/revisions"}],"predecessor-version":[{"id":61775,"href":"https:\/\/ekamu.net\/index.php\/wp-json\/wp\/v2\/posts\/61773\/revisions\/61775"}],"wp:featuredmedia":[{"embeddable":true,"href":"https:\/\/ekamu.net\/index.php\/wp-json\/wp\/v2\/media\/61774"}],"wp:attachment":[{"href":"https:\/\/ekamu.net\/index.php\/wp-json\/wp\/v2\/media?parent=61773"}],"wp:term":[{"taxonomy":"category","embeddable":true,"href":"https:\/\/ekamu.net\/index.php\/wp-json\/wp\/v2\/categories?post=61773"},{"taxonomy":"post_tag","embeddable":true,"href":"https:\/\/ekamu.net\/index.php\/wp-json\/wp\/v2\/tags?post=61773"}],"curies":[{"name":"wp","href":"https:\/\/api.w.org\/{rel}","templated":true}]}}