{"id":61776,"date":"2024-07-16T06:24:05","date_gmt":"2024-07-16T06:24:05","guid":{"rendered":"https:\/\/ekamu.net\/?p=61776"},"modified":"2024-07-16T06:24:05","modified_gmt":"2024-07-16T06:24:05","slug":"apple-vision-pro-5-ulkede-daha-satisa-sunuldu-turkiyeye-gelecek-mi","status":"publish","type":"post","link":"https:\/\/ekamu.net\/index.php\/2024\/07\/16\/apple-vision-pro-5-ulkede-daha-satisa-sunuldu-turkiyeye-gelecek-mi\/","title":{"rendered":"Apple Vision Pro 5 \u00fclkede daha sat\u0131\u015fa sunuldu: T\u00fcrkiye&#8217;ye gelecek mi?"},"content":{"rendered":"<p><figure> <span> <img decoding=\"async\" src=\"https:\/\/ekamu.net\/wp-content\/uploads\/2024\/07\/apple-vision-pro-5-ulkede-daha-satisa-sunuldu-turkiyeye-gelecek-mi-0-hsGthJXn.jpg\"\/> <\/span> Apple\u2019\u0131n ge\u00e7en y\u0131l tan\u0131tt\u0131\u011f\u0131 karma ger\u00e7ekli\u011fi g\u00f6zl\u00fc\u011f\u00fc\u00a0<strong>Vision Pro&#8217;nun<\/strong>, ge\u00e7ti\u011fimiz ay d\u00fczenlenen WWDC\u00a02024 kapsam\u0131nda\u00a0<strong>ilk kez ABD d\u0131\u015f\u0131na \u00e7\u0131karak<\/strong>\u00a0d\u00fcnya\u00a0\u00e7ap\u0131nda sat\u0131\u015fa \u00e7\u0131kaca\u011f\u0131 aktar\u0131lm\u0131\u015ft\u0131. Bunun ard\u0131ndan\u00a0\u00c7in, Hong Kong, Japonya ve Singapur\u2019da yerini alan cihaz, \u015fimdi <strong>5 \u00fclkeye daha<\/strong> geliyor.\u00a0 <\/figure>\n<p><b>Apple Vision Pro hangi \u00fclkelere geliyor?<\/b><\/p>\n<p>Apple,\u00a0bug\u00fcn yapt\u0131\u011f\u0131 a\u00e7\u0131klamayla Apple Vision Pro\u2019nun <strong>Almanya, Avustralya, Birle\u015fik Krall\u0131k, Fransa ve Kanada<\/strong>\u00a0olmak \u00fczere 5 \u00fclkede daha resmen sat\u0131\u015fa sunulmaya ba\u015flad\u0131\u011f\u0131n\u0131 duyurdu. \u00d6n sipari\u015f s\u00fcreci, bu b\u00f6lgelerde 28 Haziran\u2019dan beri a\u00e7\u0131kt\u0131. 12 Temmuz itibar\u0131yla da\u00a0ma\u011fazalardan eri\u015filebilir h\u00e2le geldi.<\/p>\n<p>B\u00f6ylece Apple Vision Pro,\u00a0t\u0131pk\u0131 sat\u0131\u015fa sunuldu\u011fu di\u011fer \u00fclkelerde oldu\u011fu gibi\u00a0Apple\u00a0ma\u011fazalar\u0131nda g\u00f6r\u00fcp sat\u0131n alabiliyorlar ve demolar yoluyla deneyimlenebiliyor. Yeni \u00fclkelerin eklenmesiyle birlikte cihaz\u0131n ABD dahil\u00a0<strong>10 \u00fclkede eri\u015filebilir oldu\u011funu hat\u0131rlatal\u0131m. <\/strong>T\u00fcrkiye\u2019ye ne zaman gelece\u011fi konusunda ise maalesef hen\u00fcz bir bilgi yok. Vision Pro&#8217;nun sat\u0131ld\u0131\u011f\u0131 \u00fclkeler ise \u015fu \u015fekilde;<\/p>\n<ul>\n<li>Avustralya<\/li>\n<li>Kanada<\/li>\n<li>\u00c7in<\/li>\n<li>Fransa<\/li>\n<li>Almanya<\/li>\n<li>Japonya<\/li>\n<li>Singapur<\/li>\n<li>G\u00fcney Kore<\/li>\n<li>Birle\u015fik Krall\u0131k<\/li>\n<\/ul>\n<p>Ka\u00e7\u0131ranlar i\u00e7in\u00a0Apple&#8217;\u0131n ilk karma ger\u00e7eklik ba\u015fl\u0131\u011f\u0131 hem art\u0131r\u0131lm\u0131\u015f hem de sanal ger\u00e7eklik \u00f6zellikleri sunuyor ve g\u00f6zleriniz, elleriniz ve sesinizin bir kombinasyonuyla kontrol ediliyor. Genel olarak, Vision Pro hakk\u0131ndaki geri bildirimler kar\u0131\u015f\u0131k. Keza\u00a0bir\u00e7ok kullan\u0131c\u0131 cihaz\u0131n geli\u015fmi\u015f donan\u0131m\u0131n\u0131 ve teknolojisini takdir ederken, kontrollerin kullan\u0131m kolayl\u0131\u011f\u0131 ve cihaz\u0131n uzun s\u00fcreli kullan\u0131m\u0131 ve rahatl\u0131\u011f\u0131 konusunda \u015fikayetler mevcut.<\/p>\n\n<p><span style=\"display: block; width: 343.125px; color: rgb(55, 58, 60); font-size: 14px; background-color: rgb(255, 249, 236);\"><\/span><\/p>\n<p>Kaynak :\u00a0<span style=\"background-color: rgb(255, 249, 236); color: rgb(55, 58, 60); font-size: 14px;\">https:\/\/www.donanimhaber.com\/apple-vision-pro-5-ulkede-daha-satisa-sunuldu&#8211;179437<\/span><\/p>\n","protected":false},"excerpt":{"rendered":"<p>Apple\u2019\u0131n ge\u00e7en y\u0131l tan\u0131tt\u0131\u011f\u0131 karma ger\u00e7ekli\u011fi g\u00f6zl\u00fc\u011f\u00fc\u00a0Vision Pro&#8217;nun, ge\u00e7ti\u011fimiz ay d\u00fczenlenen WWDC\u00a02024 kapsam\u0131nda\u00a0ilk kez ABD d\u0131\u015f\u0131na \u00e7\u0131karak\u00a0d\u00fcnya\u00a0\u00e7ap\u0131nda sat\u0131\u015fa \u00e7\u0131kaca\u011f\u0131 aktar\u0131lm\u0131\u015ft\u0131. Bunun ard\u0131ndan\u00a0\u00c7in, Hong Kong, Japonya ve Singapur\u2019da &#8230;<\/p>\n","protected":false},"author":1,"featured_media":61777,"comment_status":"open","ping_status":"open","sticky":false,"template":"","format":"standard","meta":{"footnotes":""},"categories":[8],"tags":[140,2224],"class_list":["post-61776","post","type-post","status-publish","format-standard","has-post-thumbnail","hentry","category-teknoloji","tag-apple","tag-vision-pro"],"_links":{"self":[{"href":"https:\/\/ekamu.net\/index.php\/wp-json\/wp\/v2\/posts\/61776","targetHints":{"allow":["GET"]}}],"collection":[{"href":"https:\/\/ekamu.net\/index.php\/wp-json\/wp\/v2\/posts"}],"about":[{"href":"https:\/\/ekamu.net\/index.php\/wp-json\/wp\/v2\/types\/post"}],"author":[{"embeddable":true,"href":"https:\/\/ekamu.net\/index.php\/wp-json\/wp\/v2\/users\/1"}],"replies":[{"embeddable":true,"href":"https:\/\/ekamu.net\/index.php\/wp-json\/wp\/v2\/comments?post=61776"}],"version-history":[{"count":1,"href":"https:\/\/ekamu.net\/index.php\/wp-json\/wp\/v2\/posts\/61776\/revisions"}],"predecessor-version":[{"id":61779,"href":"https:\/\/ekamu.net\/index.php\/wp-json\/wp\/v2\/posts\/61776\/revisions\/61779"}],"wp:featuredmedia":[{"embeddable":true,"href":"https:\/\/ekamu.net\/index.php\/wp-json\/wp\/v2\/media\/61777"}],"wp:attachment":[{"href":"https:\/\/ekamu.net\/index.php\/wp-json\/wp\/v2\/media?parent=61776"}],"wp:term":[{"taxonomy":"category","embeddable":true,"href":"https:\/\/ekamu.net\/index.php\/wp-json\/wp\/v2\/categories?post=61776"},{"taxonomy":"post_tag","embeddable":true,"href":"https:\/\/ekamu.net\/index.php\/wp-json\/wp\/v2\/tags?post=61776"}],"curies":[{"name":"wp","href":"https:\/\/api.w.org\/{rel}","templated":true}]}}