{"id":61968,"date":"2024-07-16T15:24:05","date_gmt":"2024-07-16T15:24:05","guid":{"rendered":"https:\/\/ekamu.net\/?p=61968"},"modified":"2024-07-16T15:24:05","modified_gmt":"2024-07-16T15:24:05","slug":"cinde-buyume-tahminlerin-altinda-kaldi","status":"publish","type":"post","link":"https:\/\/ekamu.net\/index.php\/2024\/07\/16\/cinde-buyume-tahminlerin-altinda-kaldi\/","title":{"rendered":"\u00c7in\u2019de b\u00fcy\u00fcme tahminlerin alt\u0131nda kald\u0131"},"content":{"rendered":"<div>\n<p>\u00c7in Ulusal \u0130statistik B\u00fcrosu\u2019nun verilerine g\u00f6re \u00fclke ekonomisi y\u0131l\u0131n 2. \u00e7eyre\u011finde \u00f6nceki y\u0131l\u0131n ayn\u0131 d\u00f6nemine k\u0131yasla y\u00fczde 4,7 b\u00fcy\u00fcd\u00fc. Bu, 2023\u2019\u00fcn ilk \u00e7eyre\u011finden beri g\u00f6r\u00fclen en yava\u015f b\u00fcy\u00fcme olarak kayda ge\u00e7ti. Bloomberg\u2019in anketine kat\u0131lan ekonomistlerin medyan tahmini y\u00fczde 5,1\u2019di.<\/p>\n<p>Ekonomi y\u0131l\u0131n ilk \u00e7eyre\u011finde y\u00fczde 5,3 b\u00fcy\u00fcm\u00fc\u015ft\u00fc. Ekonomi \u00e7eyreklik bazda ise y\u00fczde 0,7 b\u00fcy\u00fcd\u00fc. \u0130lk \u00e7eyrekte ekonomi y\u00fczde 1,6 b\u00fcy\u00fcm\u00fc\u015ft\u00fc.<\/p>\n<p>\u0130statistik B\u00fcrosu\u2019ndan yap\u0131lan a\u00e7\u0131klamada d\u0131\u015f ortam\u0131n karma\u015f\u0131k oldu\u011funa, i\u00e7 talebin ise yetersiz oldu\u011funa vurgu yap\u0131ld\u0131. B\u00fcy\u00fcmedeki yava\u015flamada, olumsuz hava ko\u015fullar\u0131 ve sel gibi k\u0131sa d\u00f6nemli fakt\u00f6rlerin etkili oldu\u011fu belirtildi.<\/p>\n<\/div>\n<div>\n<p>\u00dclkede perakende sat\u0131\u015flar da Haziran ay\u0131nda y\u00fczde 2 artarak Aral\u0131k 2022\u2019den beri en yava\u015f art\u0131\u015f\u0131 kaydetti.<\/p>\n<p>Yine bug\u00fcn a\u00e7\u0131klanan veriye g\u00f6re sanayi \u00fcretimi y\u0131ll\u0131k bazda y\u00fczde 5,3 ile tahminlerin \u00fczerinde artt\u0131.<\/p>\n<p>B\u00fcy\u00fcme verisi, \u00c7inli yetkililerin ekonomiyi desteklemek i\u00e7in harcamalar\u0131 art\u0131rmak konusunda daha fazla \u00e7aba harcamas\u0131 gerekece\u011fini g\u00f6steriyor.<\/p>\n<p>Australia &#038; New Zealand Banking Group K\u0131demli Ekonomisti Raymond Yeung \u201cBug\u00fcn a\u00e7\u0131klanan verilerden en dikkat \u00e7ekici olan, zay\u0131f gelen perakende sat\u0131\u015flar. Hanehalk\u0131 t\u00fcketimi \u00e7ok zay\u0131f. \u00dccretlerdeki d\u00fc\u015f\u00fc\u015f ve gen\u00e7 i\u015fsizli\u011fin artmas\u0131yla hanehalk\u0131 harcamalar\u0131n\u0131n temkinli kalmas\u0131n\u0131 bekliyoruz\u201d de\u011ferlendirmesini yapt\u0131.<\/p>\n<\/div>\n<\/p>\n<p><\/p>\n<p>Kaynak :\u00a0<span style=\"background-color: rgb(255, 249, 236); color: rgb(55, 58, 60); font-size: 14px;\">Bloomberg HT<\/span><\/p>\n<p><span style=\"display: block; width: 343.125px; color: rgb(55, 58, 60); font-size: 14px; background-color: rgb(255, 249, 236);\"><\/span><\/p>\n","protected":false},"excerpt":{"rendered":"<p>D\u00fcnyan\u0131n en b\u00fcy\u00fck ikinci ekonomisi \u00c7in, Nisan-Haziran d\u00f6neminde beklentilerin alt\u0131nda b\u00fcy\u00fcd\u00fc. Bu durum, Pekin h\u00fck\u00fcmetinin ekonomiyi canland\u0131rmak i\u00e7in daha fazla te\u015fvik a\u00e7\u0131klayaca\u011f\u0131na dair beklentileri art\u0131rd\u0131.<\/p>\n","protected":false},"author":1,"featured_media":61969,"comment_status":"open","ping_status":"open","sticky":false,"template":"","format":"standard","meta":{"footnotes":""},"categories":[2],"tags":[185],"class_list":["post-61968","post","type-post","status-publish","format-standard","has-post-thumbnail","hentry","category-ekonomi","tag-ekonomi"],"_links":{"self":[{"href":"https:\/\/ekamu.net\/index.php\/wp-json\/wp\/v2\/posts\/61968","targetHints":{"allow":["GET"]}}],"collection":[{"href":"https:\/\/ekamu.net\/index.php\/wp-json\/wp\/v2\/posts"}],"about":[{"href":"https:\/\/ekamu.net\/index.php\/wp-json\/wp\/v2\/types\/post"}],"author":[{"embeddable":true,"href":"https:\/\/ekamu.net\/index.php\/wp-json\/wp\/v2\/users\/1"}],"replies":[{"embeddable":true,"href":"https:\/\/ekamu.net\/index.php\/wp-json\/wp\/v2\/comments?post=61968"}],"version-history":[{"count":1,"href":"https:\/\/ekamu.net\/index.php\/wp-json\/wp\/v2\/posts\/61968\/revisions"}],"predecessor-version":[{"id":61970,"href":"https:\/\/ekamu.net\/index.php\/wp-json\/wp\/v2\/posts\/61968\/revisions\/61970"}],"wp:featuredmedia":[{"embeddable":true,"href":"https:\/\/ekamu.net\/index.php\/wp-json\/wp\/v2\/media\/61969"}],"wp:attachment":[{"href":"https:\/\/ekamu.net\/index.php\/wp-json\/wp\/v2\/media?parent=61968"}],"wp:term":[{"taxonomy":"category","embeddable":true,"href":"https:\/\/ekamu.net\/index.php\/wp-json\/wp\/v2\/categories?post=61968"},{"taxonomy":"post_tag","embeddable":true,"href":"https:\/\/ekamu.net\/index.php\/wp-json\/wp\/v2\/tags?post=61968"}],"curies":[{"name":"wp","href":"https:\/\/api.w.org\/{rel}","templated":true}]}}