{"id":62112,"date":"2024-07-16T23:24:08","date_gmt":"2024-07-16T23:24:08","guid":{"rendered":"https:\/\/ekamu.net\/?p=62112"},"modified":"2024-07-16T23:24:08","modified_gmt":"2024-07-16T23:24:08","slug":"futbol-a-takimimiz-gunun-ilk-antrenmanini-yapti-5","status":"publish","type":"post","link":"https:\/\/ekamu.net\/index.php\/2024\/07\/16\/futbol-a-takimimiz-gunun-ilk-antrenmanini-yapti-5\/","title":{"rendered":"Futbol A Tak\u0131m\u0131m\u0131z g\u00fcn\u00fcn ilk antrenman\u0131n\u0131 yapt\u0131"},"content":{"rendered":"<p>Fenerbah\u00e7emiz, yeni sezon haz\u0131rl\u0131klar\u0131n\u0131 Fenerbah\u00e7e Can Bartu Tesislerimizde sabah saatlerinde yapt\u0131\u011f\u0131 g\u00fcn\u00fcn ilk antrenman\u0131yla s\u00fcrd\u00fcrd\u00fc.<\/p>\n<p>  Teknik Direkt\u00f6r\u00fcm\u00fcz Jose Mourinho y\u00f6netiminde \u0131s\u0131nma, koordinasyon, \u00e7abukluk ve pas \u00e7al\u0131\u015fmalar\u0131yla ba\u015flayan antrenman; taktiksel \u00e7al\u0131\u015fmalarla tamamland\u0131.<\/p>\n<p>  Fenerbah\u00e7emiz, haz\u0131rl\u0131klar\u0131na ak\u015fam saatlerinde yapaca\u011f\u0131 g\u00fcn\u00fcn ikinci antrenman\u0131 ile devam edecek.<\/p>\n<p><b>Bas\u0131n Foto\u011fraflar\u0131<\/b><\/p>\n<div>\n<figure> <img decoding=\"async\" src=\"https:\/\/ekamu.net\/wp-content\/uploads\/2024\/07\/futbol-a-takimimiz-gunun-ilk-antrenmanini-yapti-0-75yl45DA.jpg\"\/> <\/figure>\n<figure> <img decoding=\"async\" src=\"https:\/\/ekamu.net\/wp-content\/uploads\/2024\/07\/futbol-a-takimimiz-gunun-ilk-antrenmanini-yapti-1-O3bLp82b.jpg\"\/> <\/figure>\n<figure> <img decoding=\"async\" src=\"https:\/\/ekamu.net\/wp-content\/uploads\/2024\/07\/futbol-a-takimimiz-gunun-ilk-antrenmanini-yapti-2-AK6wlHXE.jpg\"\/> <\/figure>\n<figure> <img decoding=\"async\" src=\"https:\/\/ekamu.net\/wp-content\/uploads\/2024\/07\/futbol-a-takimimiz-gunun-ilk-antrenmanini-yapti-3-dFzayTNg.jpg\"\/> <\/figure>\n<figure> <img decoding=\"async\" src=\"https:\/\/ekamu.net\/wp-content\/uploads\/2024\/07\/futbol-a-takimimiz-gunun-ilk-antrenmanini-yapti-4-MnzDF5uB.jpg\"\/> <\/figure>\n<figure> <img decoding=\"async\" src=\"https:\/\/ekamu.net\/wp-content\/uploads\/2024\/07\/futbol-a-takimimiz-gunun-ilk-antrenmanini-yapti-5-TWsbWA5x.jpg\"\/> <\/figure>\n<figure> <img decoding=\"async\" src=\"https:\/\/ekamu.net\/wp-content\/uploads\/2024\/07\/futbol-a-takimimiz-gunun-ilk-antrenmanini-yapti-6-BRuCQnuZ.jpg\"\/> <\/figure>\n<figure> <img decoding=\"async\" src=\"https:\/\/ekamu.net\/wp-content\/uploads\/2024\/07\/futbol-a-takimimiz-gunun-ilk-antrenmanini-yapti-7-evOtnegG.jpg\"\/> <\/figure>\n<figure> <img decoding=\"async\" src=\"https:\/\/ekamu.net\/wp-content\/uploads\/2024\/07\/futbol-a-takimimiz-gunun-ilk-antrenmanini-yapti-8-SdTb4ibj.jpg\"\/> <\/figure>\n<figure> <img decoding=\"async\" src=\"https:\/\/ekamu.net\/wp-content\/uploads\/2024\/07\/futbol-a-takimimiz-gunun-ilk-antrenmanini-yapti-9-1AS8kuVq.jpg\"\/> <\/figure>\n<figure> <img decoding=\"async\" src=\"https:\/\/ekamu.net\/wp-content\/uploads\/2024\/07\/futbol-a-takimimiz-gunun-ilk-antrenmanini-yapti-10-m8xPYrr8.jpg\"\/> <\/figure>\n<figure> <img decoding=\"async\" src=\"https:\/\/ekamu.net\/wp-content\/uploads\/2024\/07\/futbol-a-takimimiz-gunun-ilk-antrenmanini-yapti-11-CulWTsH4.jpg\"\/> <\/figure>\n<figure> <img decoding=\"async\" src=\"https:\/\/ekamu.net\/wp-content\/uploads\/2024\/07\/futbol-a-takimimiz-gunun-ilk-antrenmanini-yapti-12-bVeODlII.jpg\"\/> <\/figure>\n<figure> <img decoding=\"async\" src=\"https:\/\/ekamu.net\/wp-content\/uploads\/2024\/07\/futbol-a-takimimiz-gunun-ilk-antrenmanini-yapti-13-jVeg7QNF.jpg\"\/> <\/figure>\n<figure> <img decoding=\"async\" src=\"https:\/\/ekamu.net\/wp-content\/uploads\/2024\/07\/futbol-a-takimimiz-gunun-ilk-antrenmanini-yapti-14-qIPLHwD4.jpg\"\/> <\/figure>\n<\/p><\/div>\n<\/p>","protected":false},"excerpt":{"rendered":"<p>Fenerbah\u00e7emiz, yeni sezon haz\u0131rl\u0131klar\u0131n\u0131 Fenerbah\u00e7e Can Bartu Tesislerimizde sabah saatlerinde yapt\u0131\u011f\u0131 g\u00fcn\u00fcn ilk antrenman\u0131yla s\u00fcrd\u00fcrd\u00fc. Teknik Direkt\u00f6r\u00fcm\u00fcz Jose Mourinho y\u00f6netiminde \u0131s\u0131nma, koordinasyon, \u00e7abukluk ve pas \u00e7al\u0131\u015fmalar\u0131yla ba\u015flayan &#8230;<\/p>\n","protected":false},"author":1,"featured_media":62113,"comment_status":"open","ping_status":"open","sticky":false,"template":"","format":"standard","meta":{"footnotes":""},"categories":[11],"tags":[],"class_list":["post-62112","post","type-post","status-publish","format-standard","has-post-thumbnail","hentry","category-fenerbahce"],"_links":{"self":[{"href":"https:\/\/ekamu.net\/index.php\/wp-json\/wp\/v2\/posts\/62112","targetHints":{"allow":["GET"]}}],"collection":[{"href":"https:\/\/ekamu.net\/index.php\/wp-json\/wp\/v2\/posts"}],"about":[{"href":"https:\/\/ekamu.net\/index.php\/wp-json\/wp\/v2\/types\/post"}],"author":[{"embeddable":true,"href":"https:\/\/ekamu.net\/index.php\/wp-json\/wp\/v2\/users\/1"}],"replies":[{"embeddable":true,"href":"https:\/\/ekamu.net\/index.php\/wp-json\/wp\/v2\/comments?post=62112"}],"version-history":[{"count":1,"href":"https:\/\/ekamu.net\/index.php\/wp-json\/wp\/v2\/posts\/62112\/revisions"}],"predecessor-version":[{"id":62129,"href":"https:\/\/ekamu.net\/index.php\/wp-json\/wp\/v2\/posts\/62112\/revisions\/62129"}],"wp:featuredmedia":[{"embeddable":true,"href":"https:\/\/ekamu.net\/index.php\/wp-json\/wp\/v2\/media\/62113"}],"wp:attachment":[{"href":"https:\/\/ekamu.net\/index.php\/wp-json\/wp\/v2\/media?parent=62112"}],"wp:term":[{"taxonomy":"category","embeddable":true,"href":"https:\/\/ekamu.net\/index.php\/wp-json\/wp\/v2\/categories?post=62112"},{"taxonomy":"post_tag","embeddable":true,"href":"https:\/\/ekamu.net\/index.php\/wp-json\/wp\/v2\/tags?post=62112"}],"curies":[{"name":"wp","href":"https:\/\/api.w.org\/{rel}","templated":true}]}}