{"id":63186,"date":"2024-07-18T23:12:06","date_gmt":"2024-07-18T23:12:06","guid":{"rendered":"https:\/\/ekamu.net\/?p=63186"},"modified":"2024-07-18T23:12:06","modified_gmt":"2024-07-18T23:12:06","slug":"google-pixel-9-pro-ve-pixel-9-pro-foldun-ilk-videosunu-paylasti","status":"publish","type":"post","link":"https:\/\/ekamu.net\/index.php\/2024\/07\/18\/google-pixel-9-pro-ve-pixel-9-pro-foldun-ilk-videosunu-paylasti\/","title":{"rendered":"Google, Pixel 9 Pro ve Pixel 9 Pro Fold&#8217;un ilk videosunu payla\u015ft\u0131"},"content":{"rendered":"<p><figure> <span> <img decoding=\"async\" src=\"https:\/\/ekamu.net\/wp-content\/uploads\/2024\/07\/google-pixel-9-pro-ve-pixel-9-pro-foldun-ilk-videosunu-paylasti-0-O5n3RRWZ.jpg\"\/> <\/span> <strong>Made by Google<\/strong>\u00a0etkinli\u011fine bir aydan az bir s\u00fcre kala <strong>Pixel\u00a09<\/strong> serisi\u00a0s\u0131z\u0131nt\u0131lar arac\u0131l\u0131\u011f\u0131yla ortaya \u00e7\u0131km\u0131\u015ft\u0131. Bu s\u0131z\u0131nt\u0131lardan b\u0131kan Google, yeni <strong>Pixel 9 Pro&#8217;yu<\/strong> ve\u00a0<strong>Pixel 9 Pro Fold&#8217;u<\/strong> kendisi g\u00f6stermeye karar verdi. <\/figure>\n<p><b>Google, Pixel serisinin k\u0131sa tan\u0131t\u0131m videolar\u0131n\u0131 yay\u0131nlad\u0131<\/b><\/p>\n<p>Teknoloji devi iki modelinde\u00a0en az\u0131ndan bir k\u0131sm\u0131n\u0131 ortaya \u00e7\u0131karan <strong>iki ayr\u0131 tan\u0131t\u0131m videosu<\/strong> yay\u0131nlad\u0131.\u00a0Ayr\u0131ca Google&#8217;\u0131n May\u0131s ay\u0131nda yapt\u0131\u011f\u0131 t\u00fcm duyurular\u0131 g\u00f6z \u00f6n\u00fcnde bulundurdu\u011fumuzda \u015fa\u015f\u0131rt\u0131c\u0131 olmayan bir \u015fekilde AI ve Gemini entegrasyonunu\u00a0da ima ediyor.<\/p>\n<p>Google&#8217;\u0131n \u00f6n sipari\u015f sayfas\u0131nda yay\u0131nlanan\u00a0video ve g\u00f6rseller, u\u00e7tan uca \u00e7ubuk format\u0131n\u0131n yerini daha hap \u015feklinde bir yap\u0131n\u0131n ald\u0131\u011f\u0131 yeniden tasarlanm\u0131\u015f kamera dizilimine dair do\u011fru bir g\u00f6r\u00fcnt\u00fc sunuyor.\u00a0<\/p>\n<p><u><strong>\u0130\u015fte\u00a0Pixel 9 Pro ve\u00a0Pixel 9 Pro Fold k\u0131sa tan\u0131t\u0131m videolar\u0131:<\/strong><\/u><\/p>\n\n<p><span style=\"display: block; width: 343.125px; color: rgb(55, 58, 60); font-size: 14px; background-color: rgb(255, 249, 236);\">https:\/\/www.youtube.com\/embed\/OMVpP-Zam1A<\/span><\/p>\n<p>Kaynak :\u00a0<span style=\"background-color: rgb(255, 249, 236); color: rgb(55, 58, 60); font-size: 14px;\">https:\/\/www.donanimhaber.com\/google-pixel-9-pro-ve-pixel-9-pro-fold-un-ilk-videosunu-paylasti&#8211;179631<\/span><\/p>\n","protected":false},"excerpt":{"rendered":"<p>Made by Google\u00a0etkinli\u011fine bir aydan az bir s\u00fcre kala Pixel\u00a09 serisi\u00a0s\u0131z\u0131nt\u0131lar arac\u0131l\u0131\u011f\u0131yla ortaya \u00e7\u0131km\u0131\u015ft\u0131. Bu s\u0131z\u0131nt\u0131lardan b\u0131kan Google, yeni Pixel 9 Pro&#8217;yu ve\u00a0Pixel 9 Pro Fold&#8217;u kendisi g\u00f6stermeye karar verdi. Google, Pixel serisinin k\u0131sa &#8230;<\/p>\n","protected":false},"author":1,"featured_media":63187,"comment_status":"open","ping_status":"open","sticky":false,"template":"","format":"standard","meta":{"footnotes":""},"categories":[8],"tags":[2291],"class_list":["post-63186","post","type-post","status-publish","format-standard","has-post-thumbnail","hentry","category-teknoloji","tag-pixel"],"_links":{"self":[{"href":"https:\/\/ekamu.net\/index.php\/wp-json\/wp\/v2\/posts\/63186","targetHints":{"allow":["GET"]}}],"collection":[{"href":"https:\/\/ekamu.net\/index.php\/wp-json\/wp\/v2\/posts"}],"about":[{"href":"https:\/\/ekamu.net\/index.php\/wp-json\/wp\/v2\/types\/post"}],"author":[{"embeddable":true,"href":"https:\/\/ekamu.net\/index.php\/wp-json\/wp\/v2\/users\/1"}],"replies":[{"embeddable":true,"href":"https:\/\/ekamu.net\/index.php\/wp-json\/wp\/v2\/comments?post=63186"}],"version-history":[{"count":1,"href":"https:\/\/ekamu.net\/index.php\/wp-json\/wp\/v2\/posts\/63186\/revisions"}],"predecessor-version":[{"id":63189,"href":"https:\/\/ekamu.net\/index.php\/wp-json\/wp\/v2\/posts\/63186\/revisions\/63189"}],"wp:featuredmedia":[{"embeddable":true,"href":"https:\/\/ekamu.net\/index.php\/wp-json\/wp\/v2\/media\/63187"}],"wp:attachment":[{"href":"https:\/\/ekamu.net\/index.php\/wp-json\/wp\/v2\/media?parent=63186"}],"wp:term":[{"taxonomy":"category","embeddable":true,"href":"https:\/\/ekamu.net\/index.php\/wp-json\/wp\/v2\/categories?post=63186"},{"taxonomy":"post_tag","embeddable":true,"href":"https:\/\/ekamu.net\/index.php\/wp-json\/wp\/v2\/tags?post=63186"}],"curies":[{"name":"wp","href":"https:\/\/api.w.org\/{rel}","templated":true}]}}