{"id":63827,"date":"2024-07-21T19:48:04","date_gmt":"2024-07-21T19:48:04","guid":{"rendered":"https:\/\/ekamu.net\/?p=63827"},"modified":"2024-07-21T19:48:04","modified_gmt":"2024-07-21T19:48:04","slug":"harrisin-sansi-ne-salincak-eyaletlerde-etkili-ama","status":"publish","type":"post","link":"https:\/\/ekamu.net\/index.php\/2024\/07\/21\/harrisin-sansi-ne-salincak-eyaletlerde-etkili-ama\/","title":{"rendered":"Harris&#8217;in \u015fans\u0131 ne?: Sal\u0131ncak eyaletlerde etkili ama&#8230;"},"content":{"rendered":"<div>\n<p>ABD ba\u015fkanl\u0131k se\u00e7imlerinde senaryolar\u0131 k\u00f6kten de\u011fi\u015ftirecek geli\u015fmelere Biden&#8217;\u0131n adayl\u0131ktan \u00e7ekilmesiyle yenisi eklenirken, yerine i\u015faret etti\u011fi aday Kamala Harris&#8217;in performans\u0131 art\u0131k en \u00e7ok merak edilen konular\u0131n ba\u015f\u0131nda geliyor.<\/p>\n<p>Suikast giri\u015fiminden yaral\u0131 kurtulan Trump ilk a\u00e7\u0131klamas\u0131nda Harris&#8217;i de kolayl\u0131kla yenebilece\u011fini s\u00f6ylerken kamuoyu ara\u015ft\u0131rmalar\u0131 Harris&#8217;in \u00f6zellikle kritik eyaletlerde ciddi bir destek g\u00f6rd\u00fc\u011f\u00fc \u015feklinde.<\/p>\n<p>Bloomberg&#8217;in haberine g\u00f6re Ba\u015fkan Yard\u0131mc\u0131s\u0131 Kamala Harris&#8217;in karars\u0131z se\u00e7menlere giderek daha fazla kendini sevdirdi\u011fi g\u00f6r\u00fcl\u00fcyor.<\/p>\n<\/div>\n<div>\n<p>Bloomberg News\/Morning Consult taraf\u0131ndan May\u0131s ay\u0131 ba\u015f\u0131nda yap\u0131lan bir ankete g\u00f6re, karars\u0131z se\u00e7menlerin neredeyse yar\u0131s\u0131, %48&#8217;i, Biden&#8217;\u0131n art\u0131k g\u00f6rev yapamayacak durumda olmas\u0131 halinde Harris&#8217;in ba\u015fkanl\u0131k g\u00f6revlerini yerine getirece\u011fine g\u00fcvendiklerini s\u00f6yl\u00fcyor. Bu oran, anketin ilk kez yap\u0131ld\u0131\u011f\u0131 Ekim ay\u0131ndan bu yana en y\u00fcksek g\u00fcven d\u00fczeyine i\u015faret ediyor.<\/p>\n<p>\u0130lk kad\u0131n, siyah ya da Asyal\u0131 ba\u015fkan yard\u0131mc\u0131s\u0131 olan Harris, ge\u00e7ti\u011fimiz aylarda Demokrat taban\u0131n \u00f6nemli kesimlerinde yank\u0131 uyand\u0131ran bir dizi y\u00fcksek profilli etkinlik d\u00fczenledi. Bunlar aras\u0131nda Minnesota&#8217;daki bir k\u00fcrtaj klini\u011fine tarihi bir ziyaret, kad\u0131n se\u00e7menleri harekete ge\u00e7iren federal kad\u0131n sa\u011fl\u0131\u011f\u0131 haklar\u0131n\u0131n geri al\u0131nmas\u0131na y\u00f6nelik a\u00e7\u0131klamalar ve Sivil Haklar d\u00f6neminin bir d\u00f6n\u00fcm noktas\u0131 olan Selma, Alabama&#8217;daki Edmund Pettus K\u00f6pr\u00fcs\u00fc&#8217;nde ate\u015fli bir konu\u015fma yer al\u0131yor. Harris ve y\u00f6netim ayr\u0131ca Harris&#8217;in ki\u015fisel ge\u00e7mi\u015fini ve kamu g\u00f6revindeki sicilini detayland\u0131rmaya y\u00f6neldi.<\/p>\n<p>Yine de, se\u00e7menlerin Harris&#8217;e olan g\u00fcvenindeki art\u0131\u015fa ra\u011fmen, Harris varsay\u0131msal bir ba\u015fa ba\u015f oylamada Trump&#8217;\u0131n y\u00fczde 7 puan gerisinde kald\u0131 ve bu oran Trump&#8217;\u0131n ankette Biden&#8217;a kar\u015f\u0131 sahip oldu\u011fu 4 puanl\u0131k avantajdan daha fazla.<\/p>\n<\/div>\n<\/p>\n<p><\/p>\n<p>Kaynak :\u00a0<span style=\"background-color: rgb(255, 249, 236); color: rgb(55, 58, 60); font-size: 14px;\">Bloomberg HT<\/span><\/p>\n<p><span style=\"display: block; width: 343.125px; color: rgb(55, 58, 60); font-size: 14px; background-color: rgb(255, 249, 236);\"><\/span><\/p>\n","protected":false},"excerpt":{"rendered":"<p>ABD&#8217;de mevcut ba\u015fkan Joe Biden&#8217;\u0131n se\u00e7im yar\u0131\u015f\u0131ndan \u00e7ekilip, adayl\u0131k i\u00e7in yard\u0131mc\u0131s\u0131 Kamala Harris&#8217;i i\u015faret etmesinin ard\u0131ndan dikkatler Donald Trump kar\u015f\u0131s\u0131nda Harris&#8217;in ne kadar \u015fansl\u0131 olabilece\u011fine \u00e7evrildi. Bloomberg\/Morning Consult&#8217;\u0131n&#8230;<\/p>\n","protected":false},"author":1,"featured_media":63828,"comment_status":"open","ping_status":"open","sticky":false,"template":"","format":"standard","meta":{"footnotes":""},"categories":[2],"tags":[926,3186],"class_list":["post-63827","post","type-post","status-publish","format-standard","has-post-thumbnail","hentry","category-ekonomi","tag-bas","tag-harris"],"_links":{"self":[{"href":"https:\/\/ekamu.net\/index.php\/wp-json\/wp\/v2\/posts\/63827","targetHints":{"allow":["GET"]}}],"collection":[{"href":"https:\/\/ekamu.net\/index.php\/wp-json\/wp\/v2\/posts"}],"about":[{"href":"https:\/\/ekamu.net\/index.php\/wp-json\/wp\/v2\/types\/post"}],"author":[{"embeddable":true,"href":"https:\/\/ekamu.net\/index.php\/wp-json\/wp\/v2\/users\/1"}],"replies":[{"embeddable":true,"href":"https:\/\/ekamu.net\/index.php\/wp-json\/wp\/v2\/comments?post=63827"}],"version-history":[{"count":1,"href":"https:\/\/ekamu.net\/index.php\/wp-json\/wp\/v2\/posts\/63827\/revisions"}],"predecessor-version":[{"id":63829,"href":"https:\/\/ekamu.net\/index.php\/wp-json\/wp\/v2\/posts\/63827\/revisions\/63829"}],"wp:featuredmedia":[{"embeddable":true,"href":"https:\/\/ekamu.net\/index.php\/wp-json\/wp\/v2\/media\/63828"}],"wp:attachment":[{"href":"https:\/\/ekamu.net\/index.php\/wp-json\/wp\/v2\/media?parent=63827"}],"wp:term":[{"taxonomy":"category","embeddable":true,"href":"https:\/\/ekamu.net\/index.php\/wp-json\/wp\/v2\/categories?post=63827"},{"taxonomy":"post_tag","embeddable":true,"href":"https:\/\/ekamu.net\/index.php\/wp-json\/wp\/v2\/tags?post=63827"}],"curies":[{"name":"wp","href":"https:\/\/api.w.org\/{rel}","templated":true}]}}