{"id":64757,"date":"2024-07-24T20:00:06","date_gmt":"2024-07-24T20:00:06","guid":{"rendered":"https:\/\/ekamu.net\/?p=64757"},"modified":"2024-07-24T20:00:06","modified_gmt":"2024-07-24T20:00:06","slug":"enflasyonun-tedavisi-herkes-icin-adil-degil-ama-cozume-ihtiyac-var","status":"publish","type":"post","link":"https:\/\/ekamu.net\/index.php\/2024\/07\/24\/enflasyonun-tedavisi-herkes-icin-adil-degil-ama-cozume-ihtiyac-var\/","title":{"rendered":"&#8220;Enflasyonun tedavisi herkes i\u00e7in adil de\u011fil ama \u00e7\u00f6z\u00fcme ihtiya\u00e7 var&#8221;"},"content":{"rendered":"<div>\n<p>T\u00fcrkiye\u2019de ekonominin g\u00fcvenli bir gelece\u011fe demir atabilmesi i\u00e7in, ekonomi biliminin ger\u00e7ekleriyle uyumlu bir te\u015fhis ve bu te\u015fhise y\u00f6nelik bir tedavi d\u00f6nemi i\u00e7inde olundu\u011funu dile getiren \u0130stanbul Sanayi Odas\u0131 (\u0130SO) Y\u00f6netim Kurulu Ba\u015fkan\u0131 Erdal Bah\u00e7\u0131van, \u0130SO Meclisi\u2019nin 2024 y\u0131l\u0131 Temmuz ay\u0131 ola\u011fan toplant\u0131s\u0131nda konu\u015ftu.<\/p>\n<p>Bah\u00e7\u0131van, daha \u00f6nce ekonomide rasyonaliteden \u00e7\u0131k\u0131lmas\u0131 halinde finansal istikrar\u0131n bozulaca\u011f\u0131n\u0131, y\u00fcksek enflasyon belas\u0131 ile yeniden kar\u015f\u0131la\u015faca\u011f\u0131m\u0131z\u0131, bunun tedavisinin de \u00e7ok a\u011f\u0131r bir tedavi olaca\u011f\u0131n\u0131 her f\u0131rsatta ortaya koyduklar\u0131n\u0131 s\u00f6yledi ve \u201cTabii ki bug\u00fcn i\u00e7inde bulundu\u011fumuz durumun tedavi y\u00f6ntemlerinin herkes i\u00e7in adil oldu\u011funu kimse savunamaz. Ama ya\u015fad\u0131\u011f\u0131m\u0131z irrasyonel s\u00fcrecin de s\u00fcrd\u00fcr\u00fclemez oldu\u011funu ve acil bir \u00e7\u00f6z\u00fcme ihtiyac\u0131 oldu\u011funu kimse ink\u00e2r edemez\u201d dedi.<\/p>\n<\/div>\n<div>\n<p>Ekonomik rasyonaliteden bir kez daha kopmaman\u0131n, sab\u0131r g\u00f6stermenin t\u00fcm taraflar i\u00e7in \u00f6nemli oldu\u011funu dile getiren Erdal Bah\u00e7\u0131van, \u201c\u00d6n\u00fcm\u00fczde \u00e7ok zorlu bir s\u00fcre\u00e7 var. Y\u00fcr\u00fcrl\u00fc\u011fe girmi\u015f olan ekonomik program\u0131n mutlaka ba\u015far\u0131l\u0131 olmas\u0131 gerekiyor\u201d diye konu\u015ftu.<\/p>\n<p>Enfasyonun \u00e7\u00f6z\u00fclmesi gereken en b\u00fcy\u00fck sorun haline geldi\u011fini ifade eden Bah\u00e7\u0131van, &#8220;Bu noktaya nas\u0131l gelindi\u011fini hepimiz \u00e7ok iyi biliyoruz. 2021 y\u0131l\u0131n\u0131n ikinci yar\u0131s\u0131ndan itibaren ekonomi politikalar\u0131nda rasyonellikten uzakla\u015f\u0131ld\u0131. B\u00fcy\u00fcmenin niteli\u011fi ikinci plana at\u0131ld\u0131. Y\u00fcksek b\u00fcy\u00fcmenin neredeyse tek hedef olarak g\u00f6r\u00fclmeye ba\u015fland\u0131\u011f\u0131na hep birlikte tan\u0131k olduk. Biz \u0130SO olarak bu yakla\u015f\u0131m\u0131n ekonomimizin hayr\u0131na olmad\u0131\u011f\u0131n\u0131 her zaman oldu\u011fu gibi, o g\u00fcnlerde de her platformda dile getirdik\u201d dedi.<\/p>\n<p><b>&#8220;Tedavi y\u00f6ntemleri herkes i\u00e7in adil de\u011fil&#8221;<\/b><\/p>\n<p>Ekonomide rasyonaliteden \u00e7\u0131k\u0131lmas\u0131 halinde finansal istikrar\u0131n bozulaca\u011f\u0131n\u0131, y\u00fcksek enflasyon belas\u0131 ile yeniden kar\u015f\u0131la\u015f\u0131laca\u011f\u0131n\u0131, bunun tedavisinin de a\u011f\u0131r bir tedavi olaca\u011f\u0131n\u0131 her f\u0131rsatta ve net bir \u015fekilde ortaya koyduklar\u0131n\u0131 dile getiren Erdal Bah\u00e7\u0131van, \u201cTabii ki bug\u00fcn i\u00e7inde bulundu\u011fumuz durumun tedavi y\u00f6ntemlerinin herkes i\u00e7in adil oldu\u011funu kimse savunamaz. Ama ya\u015fad\u0131\u011f\u0131m\u0131z irrasyonel s\u00fcrecin de s\u00fcrd\u00fcr\u00fclemez oldu\u011funu ve acil bir \u00e7\u00f6z\u00fcme ihtiyac\u0131 oldu\u011funu kimse inkar edemez. Kaybolan g\u00fcvenin, istikrar\u0131n, kaybolan kredibilitenin tekrar olu\u015fmas\u0131 ad\u0131na her kesim maalesef bir bedel \u00f6deyecek. Bug\u00fcn reel sekt\u00f6r, sanayi sekt\u00f6r\u00fc, sebebi kendisi olmayan bu a\u011f\u0131r d\u00f6nemin tedavisine d\u00f6n\u00fck getirilen \u00e7\u00f6z\u00fcm\u00fcn en b\u00fcy\u00fck zorlu\u011fu ve zahmetini \u00e7ekmektedir\u201d diye konu\u015ftu.<\/p>\n<p><b>&#8220;Al\u0131m g\u00fcc\u00fc d\u00fc\u015fen \u00e7al\u0131\u015fan kesimin \u00fccret art\u0131\u015f\u0131 beklentisi ile \u00fcreticinin kar\u015f\u0131lat\u0131\u011f\u0131 maliyetler nedeniyle k\u00e2r marj\u0131 bask\u0131s\u0131 ayna anda ya\u015fan\u0131yor&#8221;<\/b><\/p>\n<p>2023 ortalar\u0131na gelindi\u011finde T\u00fcrkiye\u2019de ekonomi politikas\u0131 \u00e7er\u00e7evesinde bir normalle\u015fme s\u00fcrecinin ka\u00e7\u0131n\u0131lmaz hale geldi\u011finin alt\u0131n\u0131 \u00e7izen Erdal Bah\u00e7\u0131van, \u201cBug\u00fcn \u00e7ok \u015f\u00fck\u00fcr ekonomimizi yeniden rasyonel bir \u00e7izgiye ta\u015f\u0131ma \u00e7abas\u0131 i\u00e7inde olan kararl\u0131 bir kadro var. Bu y\u00f6ndeki \u00e7abalar\u0131n sonu\u00e7 vermesi \u015f\u00fcphesiz zaman alacakt\u0131r. Hepimizin bir anlamda sab\u0131r ve stres testi olarak g\u00f6rd\u00fc\u011f\u00fcm bu s\u00fcre\u00e7ten ba\u015far\u0131yla \u00e7\u0131kmaya \u00e7ok ihtiyac\u0131 var. \u00c7\u00fcnk\u00fc t\u00fcm kesimler i\u00e7in \u00f6nemli bir belirsizlik ve endi\u015fe kayna\u011f\u0131 olan enflasyon, bug\u00fcn geldi\u011fi nokta itibar\u0131yla ekonomik bir sorun olman\u0131n \u00f6tesinde sosyolojik bir soruna da d\u00f6n\u00fc\u015fm\u00fc\u015f durumda. Bir tarafta hayat pahal\u0131l\u0131\u011f\u0131 nedeniyle al\u0131m g\u00fcc\u00fc zay\u0131flayan \u00e7al\u0131\u015fan kesimin hakl\u0131 y\u00fcksek \u00fccret beklentileri, di\u011fer tarafta artan girdi maliyetleri nedeniyle \u00fcreticilerin kar\u015f\u0131la\u015ft\u0131\u011f\u0131 k\u00e2r marj\u0131 bask\u0131s\u0131 ayn\u0131 anda ya\u015fan\u0131yor. \u015e\u00fcphesiz bu durum, \u00f6n\u00fcm\u00fczdeki d\u00f6nemin s\u0131cak g\u00fcndem maddelerinden biri olacakt\u0131r. Bu s\u0131cak s\u00fcrece de\u011finirken, ekonomik rasyonaliteden bir kez daha kopmaman\u0131n, sab\u0131r g\u00f6stermenin t\u00fcm taraflar i\u00e7in \u00f6nemli oldu\u011funu da \u00f6zellikle vurgulamak istiyorum.\u201d<\/p>\n<p><b>KDV, \u201c\u015e\u00fcpheli alacak\u201d mant\u0131\u011f\u0131yla gider yaz\u0131lmalal\u0131<\/b><\/p>\n<p>Konu\u015fmas\u0131nda T\u00fcrkiye\u2019nin \u00f6n\u00fcnde \u00e7ok zorlu bir m\u00fccadele s\u00fcreci oldu\u011funu belirten Erdal Bah\u00e7\u0131van, yeni vergi d\u00fczenlemelerine de\u011finerek, \u201cSanayimizi ilgilendiren mevzuat d\u00fczenlemelerinde her zaman savundu\u011fumuz isti\u015fare s\u00fcrecinin, son vergi tasar\u0131s\u0131nda yeterince i\u015flemedi\u011fini g\u00f6rd\u00fck.\u201d dedi ve bu konuda da \u015funlar\u0131 s\u00f6yledi:<\/p>\n<p>Gerek yerli gerekse uluslararas\u0131 yat\u0131r\u0131mlar\u0131n artmas\u0131 ve s\u00fcrd\u00fcr\u00fclebilirli\u011fi i\u00e7in verilen te\u015fvikler ve bu te\u015fviklerin yat\u0131r\u0131m sonras\u0131nda yat\u0131r\u0131mc\u0131 aleyhine de\u011fi\u015fmemesi b\u00fcy\u00fck \u00f6nem ta\u015f\u0131makta.<\/p>\n<p>Kurumlar vergisi uygulamas\u0131 da bu te\u015fvikler aras\u0131nda \u00f6nemli yer tutmakta. Ge\u00e7mi\u015f y\u0131llarda oran\u0131 s\u0131k\u00e7a de\u011fi\u015ftirilen kurumlar vergisi i\u00e7in yeni tasar\u0131da, indirim ve istisnalar d\u00fc\u015f\u00fclmeden \u00f6nceki kurum kazanc\u0131n\u0131n y\u00fczde 10&#8217;undan az olamayaca\u011f\u0131 gibi yepyeni bir kriter getiriliyor. Yap\u0131lacak bu ve benzeri de\u011fi\u015fiklikler yat\u0131r\u0131mlar i\u00e7in gerekli olan g\u00fcven ve \u00f6ng\u00f6r\u00fclebilirli\u011fi olumsuz etkileyecektir.<\/p>\n<p>Tasar\u0131daki bir di\u011fer d\u00fczenleme de devreden KDV ile ilgili. Vergi tasar\u0131s\u0131, be\u015f takvim y\u0131l\u0131 s\u00fcresince indirim yoluyla giderilemeyen katma de\u011fer vergisinin gider olarak yaz\u0131labilece\u011fini h\u00fckme ba\u011fl\u0131yor. Bu d\u00fczenleme, \u0130stanbul Sanayi Odas\u0131 taraf\u0131ndan uzun s\u00fcredir g\u00fcndeme getirilmekte olan devreden KDV\u2019nin \u015firketlerimiz \u00fczerinde olu\u015fturdu\u011fu y\u00fck\u00fcn art\u0131k kamu taraf\u0131ndan da kabul edilmesi a\u00e7\u0131s\u0131ndan \u00f6nemli. Ancak devreden KDV tutar\u0131n\u0131n gider olarak yaz\u0131labilmesi sanayimizin \u00e7ok uzun s\u00fcredir katland\u0131\u011f\u0131 finansman y\u00fck\u00fcn\u00fc azaltmayacak ve hak kayb\u0131na neden olacakt\u0131r. Sanayimizin ge\u00e7ici olarak devlete verdi\u011fi bu borcun, \u015f\u00fcpheli bir alacak mant\u0131\u011f\u0131yla gider olarak yaz\u0131lmas\u0131na y\u00f6nelik bu yakla\u015f\u0131m\u0131 ilkesel olarak da kabul etmemiz m\u00fcmk\u00fcn de\u011fil. B\u00f6yle bir uygulaman\u0131n benzerinin \u00e7a\u011fda\u015f hi\u00e7bir \u00fclkede olmad\u0131\u011f\u0131n\u0131 da d\u00fc\u015f\u00fcn\u00fcyoruz. Dolay\u0131s\u0131yla, uzun y\u0131llard\u0131r indirilemeyen KDV\u2019nin i\u015fletmelerimiz \u00fczerinde olu\u015fturdu\u011fu finansman y\u00fck\u00fcn\u00fcn azalt\u0131lmas\u0131 ve i\u015fletmelerin nakit finansman ihtiyac\u0131n\u0131n kar\u015f\u0131lanmas\u0131 amac\u0131yla, devreden KDV tutar\u0131n\u0131n, Avrupa \u00fclkelerindeki uygulamalara paralel bir \u015fekilde m\u00fckellefe iade edilmesi ve s\u00fcrecin kolayla\u015ft\u0131r\u0131lmas\u0131na y\u00f6nelik d\u00fczenlemeler yap\u0131lmal\u0131d\u0131r.\u201d<\/p>\n<p>Bah\u00e7\u0131van son olarak \u201cY\u00fcr\u00fcrl\u00fc\u011fe girmi\u015f olan ekonomik program\u0131n mutlaka ba\u015far\u0131l\u0131 olmas\u0131 gerekiyor. \u00dclkemizin yeniden enerji, zaman ve kaynak israf\u0131na dayanacak g\u00fcc\u00fcn\u00fcn olmad\u0131\u011f\u0131 bir ger\u00e7ek. Bizler bu s\u00fcre\u00e7te sanayicilerimizin ve \u00fcretim hayat\u0131m\u0131z\u0131n sorunlar\u0131n\u0131 ve bunlara dair \u00e7\u00f6z\u00fcmleri her zaman oldu\u011fu gibi ifade etmeye devam edece\u011fiz\u201d dedi.<\/p>\n<\/div>\n<\/p>\n<p><\/p>\n<p>Kaynak :\u00a0<span style=\"background-color: rgb(255, 249, 236); color: rgb(55, 58, 60); font-size: 14px;\">Bloomberg HT<\/span><\/p>\n<p><span style=\"display: block; width: 343.125px; color: rgb(55, 58, 60); font-size: 14px; background-color: rgb(255, 249, 236);\"><\/span><\/p>\n","protected":false},"excerpt":{"rendered":"<p>Daha \u00f6nce ekonomide rasyonaliteden \u00e7\u0131k\u0131lmas\u0131 halinde finansal istikrar\u0131n bozulaca\u011f\u0131n\u0131, y\u00fcksek enflasyon belas\u0131 ile yeniden kar\u015f\u0131la\u015f\u0131laca\u011f\u0131n\u0131, bunun tedavisinin de \u00e7ok a\u011f\u0131r bir tedavi olaca\u011f\u0131n\u0131 her f\u0131rsatta ortaya koyduklar\u0131n\u0131 dile getiren \u0130SO&#8230;<\/p>\n","protected":false},"author":1,"featured_media":64758,"comment_status":"open","ping_status":"open","sticky":false,"template":"","format":"standard","meta":{"footnotes":""},"categories":[2],"tags":[185,3277,903,102,384],"class_list":["post-64757","post","type-post","status-publish","format-standard","has-post-thumbnail","hentry","category-ekonomi","tag-ekonomi","tag-kdv","tag-sanayi","tag-tedavi","tag-vergi"],"_links":{"self":[{"href":"https:\/\/ekamu.net\/index.php\/wp-json\/wp\/v2\/posts\/64757","targetHints":{"allow":["GET"]}}],"collection":[{"href":"https:\/\/ekamu.net\/index.php\/wp-json\/wp\/v2\/posts"}],"about":[{"href":"https:\/\/ekamu.net\/index.php\/wp-json\/wp\/v2\/types\/post"}],"author":[{"embeddable":true,"href":"https:\/\/ekamu.net\/index.php\/wp-json\/wp\/v2\/users\/1"}],"replies":[{"embeddable":true,"href":"https:\/\/ekamu.net\/index.php\/wp-json\/wp\/v2\/comments?post=64757"}],"version-history":[{"count":1,"href":"https:\/\/ekamu.net\/index.php\/wp-json\/wp\/v2\/posts\/64757\/revisions"}],"predecessor-version":[{"id":64759,"href":"https:\/\/ekamu.net\/index.php\/wp-json\/wp\/v2\/posts\/64757\/revisions\/64759"}],"wp:featuredmedia":[{"embeddable":true,"href":"https:\/\/ekamu.net\/index.php\/wp-json\/wp\/v2\/media\/64758"}],"wp:attachment":[{"href":"https:\/\/ekamu.net\/index.php\/wp-json\/wp\/v2\/media?parent=64757"}],"wp:term":[{"taxonomy":"category","embeddable":true,"href":"https:\/\/ekamu.net\/index.php\/wp-json\/wp\/v2\/categories?post=64757"},{"taxonomy":"post_tag","embeddable":true,"href":"https:\/\/ekamu.net\/index.php\/wp-json\/wp\/v2\/tags?post=64757"}],"curies":[{"name":"wp","href":"https:\/\/api.w.org\/{rel}","templated":true}]}}