{"id":64957,"date":"2024-07-25T12:37:06","date_gmt":"2024-07-25T12:37:06","guid":{"rendered":"https:\/\/ekamu.net\/?p=64957"},"modified":"2024-07-25T12:37:06","modified_gmt":"2024-07-25T12:37:06","slug":"baskan-demircandan-bakan-mehmet-simseke-cagri","status":"publish","type":"post","link":"https:\/\/ekamu.net\/index.php\/2024\/07\/25\/baskan-demircandan-bakan-mehmet-simseke-cagri\/","title":{"rendered":"Ba\u015fkan Demircan\u2019dan Bakan Mehmet \u015eim\u015fek\u2019e \u00c7a\u011fr\u0131"},"content":{"rendered":"<p>Hazine ve Maliye Bakan\u0131 Mehmet \u015eim\u015fek\u2019e \u00e7a\u011fr\u0131 ! Demokratik Sa\u011fl\u0131k Sen Genel Ba\u015fkan\u0131 Togan Demircan, \u201cMadem tasarruf var, memur\u00a0sendika \u00fcyesi kendi aidat\u0131n\u0131 kendisi \u00f6desin\u201d \u00f6nerisinde bulundu.<\/p>\n<p>Sendika \u00fcye aidatlar\u0131 ve sendikal baraj tart\u0131\u015fmalar\u0131 s\u00fcrerken Demokratik Sa\u011fl\u0131k Sen Genel Ba\u015fkan\u0131 Togan Demircan, her iki konuda \u00f6nemli a\u00e7\u0131klamalarda bulundu. Tasarruf tedbirleri kamuoyunda tart\u0131\u015fma yaratan Hazine ve Maliye Bakan\u0131 Mehmet \u015eim\u015fek\u2019e \u00e7a\u011fr\u0131da bulunan Ba\u015fkan Demircan, Demokratik sa\u011fl\u0131k sen olarak sendika \u00fcye aidatlar\u0131n\u0131n hazineden de\u011fil sendika \u00fcyesi taraf\u0131ndan\u00a0\u00f6denmesini hep talep ettik. Buradan Hazine ve Maliye Bakan\u0131na da bir \u00e7a\u011fr\u0131m\u0131z var. Madem kamuda\u00a0tasarruf tedbirleri al\u0131n\u0131yor, vergi d\u00fczenlemesi yap\u0131l\u0131yor, kamu mali disiplini olu\u015fturuluyor o zaman bu\u00a0\u00f6denek tamamen kald\u0131r\u0131ls\u0131n, sendika \u00fcyesi kendi aidat\u0131n\u0131 kendisi \u00f6desin. i\u015f\u00e7ilerde oldu\u011fu gibi.\u00a0Yetkili sendika temsilcisine de iki \u00e7ift laf\u0131m\u0131z var bu \u00fclkede be\u015f milyonun \u00fczerinde memur var.\u00a0Kamuyu yanl\u0131\u015f bilgilendiriyorsunuz. Anayasa Mahkemesi iki milyon memuru ma\u011fdur etti diyorsunuz.\u00a0Anayasa Mahkemesi hakkaniyetli bir karar verdi. Memurun ve emeklinin bir ma\u011fduriyeti varsa bunun\u00a0m\u00fcsebbibi temsil kabiliyetini yitirmi\u015f olan siz ve sendikalar\u0131n\u0131zd\u0131r\u201d dedi.<\/p>\n<p><b>Sendikac\u0131 Sana Sesleniyorum<\/b><\/p>\n<p>Memura verilen toplu s\u00f6zle\u015fme ikramiyesinin \u00e7ok d\u00fc\u015f\u00fck oldu\u011funu, memurlar\u0131n kazan\u0131mlar\u0131 (!) konusunda Toplu S\u00f6zle\u015fme Masas\u0131nda imza atan Memur Sen\u2019in sorumlu oldu\u011funu anlatan Demircan, \u201cMemurun da\u011f gibi sorunlar\u0131 bir yan, iki kahve paras\u0131 niteli\u011findeki toplu s\u00f6zle\u015fme ikramiyesi (!) bir\u00a0yana.\u00a0Daha \u00f6nce Dan\u0131\u015ftay ilgili dairesi taraf\u0131ndan ba\u015fta Anayasa\u2019ya ayk\u0131r\u0131 olmas\u0131 ve buna ba\u011fl\u0131 4688 say\u0131l\u0131\u00a0kanun ile \u0130LO s\u00f6zle\u015fmelerine at\u0131fta bulunularak ve bir hukuk dersi niteli\u011finde iptal edilen sendikalara\u00a0uygulanmak istenilen % 1 baraj savsatas\u0131 k\u0131sa bir s\u00fcre sonra kar\u015f\u0131m\u0131za % 2 baraj uygulamas\u0131 olarak ve\u00a0dahas\u0131 375 say\u0131l\u0131 KHK ek olarak yasala\u015fm\u0131\u015ft\u0131. Bunu da Anayasa Mahkemesi iptal etti. Buradan \u00f6ncesi\u00a0de sonras\u0131 da bizim i\u00e7in s\u00f6z\u00fcn bitti\u011fi yer. Defaten ifade ettik bir sendika di\u011fer sendikalara T.B.M.M.\u00a0arac\u0131l\u0131\u011f\u0131 ile antidemokratik bir yakla\u015f\u0131m sergiliyor. Gazi meclise sesleniyorum, Anayasa Mahkemesinin\u00a0Anayasaya ayk\u0131r\u0131 buldu\u011fu ve iptal etti\u011fi bir talebi neden yeniden Meclis Genel Kurulunda g\u00f6r\u00fc\u015f\u00fclmek\u00a0ve dolay\u0131s\u0131 ile kanunla\u015ft\u0131rmak \u00fczere teklif ediyorsunuz? Milletin vekilleri olarak belki \u00fcyelerinin dahi\u00a0kar\u015f\u0131 \u00e7\u0131kaca\u011f\u0131 bir talebi s\u0131rf sar\u0131 sendika talep ediyor diye memurun ve emeklinin bunca sorunu varken\u00a0neden g\u00fcndeminize al\u0131yorsunuz? Sosyal medya mecralar\u0131nda \u201cbize s\u00f6z verildi\u201d ifadelerini kullanan\u00a0temsil kabiliyetini kaybetmi\u015f y\u00fcze sendikac\u0131 sana sesleniyorum \u201c3600 ek g\u00f6stergenin birinci dereceye\u00a0inmi\u015f t\u00fcm memurlara verilecek\u201d s\u00f6z\u00fc bize mi verildi? Yetkili sendika oldu\u011funuzdan beri memur ve\u00a0emekli i\u00e7in ne elde ettiniz? Ge\u00e7ti\u011fimiz y\u0131l emekli memurlar hari\u00e7 emeklili\u011fe ve ikramiyesine hi\u00e7bir\u00a0etkisi olmayan ve sizin yetkili olman\u0131za ra\u011fmen bilgi sahibi dahi olmad\u0131\u011f\u0131n\u0131z 8.077 liral\u0131k art\u0131\u015f\u0131n\u00a0yaratt\u0131\u011f\u0131 ayr\u0131mc\u0131l\u0131\u011f\u0131n giderilmesi i\u00e7in ne yapt\u0131n\u0131z? T\u00fcik taraf\u0131ndan a\u00e7\u0131klanan enflasyon oranlar\u0131n\u0131n reel\u00a0enflasyon oranlar\u0131 olmad\u0131\u011f\u0131na y\u00f6nelik tek bir a\u00e7\u0131klaman\u0131z var m\u0131? % 180 enflasyonun oldu\u011fu bir<br \/> \u00fclkede toplu s\u00f6zle\u015fme de y\u0131ll\u0131k bazda % 25 oran\u0131na imza atman\u0131z\u0131n ve att\u0131\u011f\u0131n\u0131z imzan\u0131n dahi arkas\u0131nda \u00a0duramad\u0131\u011f\u0131n\u0131z, g\u00fcnah ke\u00e7isi olarak Kamu Hakem Heyetini i\u015faret ederek sorumluluktan ka\u00e7maktan\u00a0ba\u015fka marifetiniz var m\u0131? Ailesini katlederek son mermiyi kafas\u0131na s\u0131kan memurun neden o noktaya\u00a0geldi\u011fi konusunda vicdan\u0131n\u0131z\u0131n sesini dinliyor musunuz? \u0130ki kahve paras\u0131 i\u00e7in Meclis\u2019te yat\u0131p\u00a0kalk\u0131yorsunuz yeniden soruyorum sizlere kendiniz dini bayramlarda ikramiye al\u0131yor musunuz,\u00a0b\u00fcrolar\u0131n\u0131zda \u00e7al\u0131\u015fanlar bayram ikramiyesi al\u0131yor mu? Al\u0131yorsan\u0131z ka\u00e7 lira ikramiye al\u0131yorsunuz.\u00a0Kendinize ald\u0131\u011f\u0131n\u0131z ikramiye ile kamu g\u00f6revlisi ve sendika \u00fcyesi olup birde bunun \u00fczerine % 1 baraj\u00a0say\u0131s\u0131 \u00fczerinde \u00fcyesi olan sendika \u00fcyesine reva g\u00f6rd\u00fc\u011f\u00fcn\u00fcz miktarla sizin ikramiyeniz aras\u0131nda ka\u00e7 kat\u00a0fark var. T\u0131pk\u0131 sizin maa\u015f\u0131n\u0131z ile \u00e7al\u0131\u015fanlar ve sizin maa\u015f\u0131n\u0131z ile Cumhurba\u015fkan\u0131 maa\u015f\u0131 aras\u0131nda ka\u00e7 kat\u00a0fark oldu\u011fu gibi. Bug\u00fcn temsil etti\u011fi kitleden en az yirmi kat fazla ayl\u0131k alan, yasaya g\u00f6re t\u00fcz\u00fc\u011f\u00fcnde\u00a0ka\u00e7 lira ald\u0131\u011f\u0131n\u0131n belirtilmesi gereken kesim yoklu\u011fa ve yoksullu\u011fa mahk\u00fbm etti\u011fi memura \u00fc\u00e7 y\u00fcz\u00a0liray\u0131 reva g\u00f6r\u00fcyor. Umar\u0131m bunu duyan memur karde\u015fim kendilerini a\u00e7l\u0131k s\u0131n\u0131r\u0131n\u0131n \u00fczerinde yoksulluk\u00a0s\u0131n\u0131r\u0131 alt\u0131nda \u00fccret almalar\u0131na sebep olan yetkili sendika temsilcilerine gereken cevab\u0131 verir.\u00a0Toplu s\u00f6zle\u015fme masas\u0131nda elde etti\u011finiz baz\u0131 kazan\u0131mlar vard\u0131. \u00d6rne\u011fin koruyucu giyim yard\u0131m\u0131, servis\u00a0hizmeti\u2026. Tak\u0131r tak\u0131r kamu g\u00f6revlilerinin ellerinden bir y\u00f6netmelikle bu haklar al\u0131nd\u0131 c\u0131l\u0131z bir ses ile<br \/> ele\u015ftirdiniz. Dostlar al\u0131\u015fveri\u015fte g\u00f6rs\u00fcn misali\u201d (BSHA \u2013 Bilim ve Sa\u011fl\u0131k Haber Ajans\u0131)<\/p>\n","protected":false},"excerpt":{"rendered":"<p>Hazine ve Maliye Bakan\u0131 Mehmet \u015eim\u015fek&#8217;e \u00e7a\u011fr\u0131 ! Demokratik Sa\u011fl\u0131k Sen Genel Ba\u015fkan\u0131 Togan Demircan, &#8220;Madem tasarruf var, memur\u00a0sendika \u00fcyesi kendi aidat\u0131n\u0131 kendisi \u00f6desin&#8221; \u00f6nerisinde bulundu.\u00a0<\/p>\n","protected":false},"author":1,"featured_media":64958,"comment_status":"open","ping_status":"open","sticky":false,"template":"","format":"standard","meta":{"footnotes":""},"categories":[38],"tags":[1645,3299,377,1612,1345],"class_list":["post-64957","post","type-post","status-publish","format-standard","has-post-thumbnail","hentry","category-sivil-toplum-kuruluslari","tag-etti","tag-ikramiye","tag-kamu","tag-memur","tag-sen"],"_links":{"self":[{"href":"https:\/\/ekamu.net\/index.php\/wp-json\/wp\/v2\/posts\/64957","targetHints":{"allow":["GET"]}}],"collection":[{"href":"https:\/\/ekamu.net\/index.php\/wp-json\/wp\/v2\/posts"}],"about":[{"href":"https:\/\/ekamu.net\/index.php\/wp-json\/wp\/v2\/types\/post"}],"author":[{"embeddable":true,"href":"https:\/\/ekamu.net\/index.php\/wp-json\/wp\/v2\/users\/1"}],"replies":[{"embeddable":true,"href":"https:\/\/ekamu.net\/index.php\/wp-json\/wp\/v2\/comments?post=64957"}],"version-history":[{"count":1,"href":"https:\/\/ekamu.net\/index.php\/wp-json\/wp\/v2\/posts\/64957\/revisions"}],"predecessor-version":[{"id":64959,"href":"https:\/\/ekamu.net\/index.php\/wp-json\/wp\/v2\/posts\/64957\/revisions\/64959"}],"wp:featuredmedia":[{"embeddable":true,"href":"https:\/\/ekamu.net\/index.php\/wp-json\/wp\/v2\/media\/64958"}],"wp:attachment":[{"href":"https:\/\/ekamu.net\/index.php\/wp-json\/wp\/v2\/media?parent=64957"}],"wp:term":[{"taxonomy":"category","embeddable":true,"href":"https:\/\/ekamu.net\/index.php\/wp-json\/wp\/v2\/categories?post=64957"},{"taxonomy":"post_tag","embeddable":true,"href":"https:\/\/ekamu.net\/index.php\/wp-json\/wp\/v2\/tags?post=64957"}],"curies":[{"name":"wp","href":"https:\/\/api.w.org\/{rel}","templated":true}]}}