{"id":65008,"date":"2024-07-25T14:36:04","date_gmt":"2024-07-25T14:36:04","guid":{"rendered":"https:\/\/ekamu.net\/?p=65008"},"modified":"2024-07-25T14:36:04","modified_gmt":"2024-07-25T14:36:04","slug":"tarihin-en-sicak-gunu-rekoru-bir-kez-daha-kirildi","status":"publish","type":"post","link":"https:\/\/ekamu.net\/index.php\/2024\/07\/25\/tarihin-en-sicak-gunu-rekoru-bir-kez-daha-kirildi\/","title":{"rendered":"Tarihin en s\u0131cak g\u00fcn\u00fc rekoru bir kez daha k\u0131r\u0131ld\u0131"},"content":{"rendered":"<p><figure> <span> <img decoding=\"async\" src=\"https:\/\/ekamu.net\/wp-content\/uploads\/2024\/07\/tarihin-en-sicak-gunu-rekoru-bir-kez-daha-kirildi-0-EXO2GLGV.jpg\"\/> <\/span> K\u00fcresel \u0131s\u0131ma, iklim de\u011fi\u015fikli\u011fi ve i\u00e7inde olunan iklim sezonu k\u00fcresel s\u0131cakl\u0131klar\u0131n s\u0131n\u0131rlar\u0131n\u0131 zorlamaya devam ediyor. <strong>Copernicus \u0130klim De\u011fi\u015fikli\u011fi Servisi<\/strong> taraf\u0131ndan yay\u0131nlanan sonu\u00e7lara g\u00f6re D\u00fcnya, <strong>k\u00fcresel s\u0131cakl\u0131k<\/strong> \u00f6l\u00e7\u00fcmlerinin yap\u0131lmaya ba\u015flad\u0131\u011f\u0131 tarihten bu yana tarihin en s\u0131cak g\u00fcn\u00fc rekorunu <strong>21 Temmuz Pazar g\u00fcn\u00fc k\u0131rm\u0131\u015ft\u0131<\/strong>. Ancak bu rekor uzun soluklu olmad\u0131 ve <strong>bir kez daha k\u0131r\u0131ld\u0131<\/strong>. <\/figure>\n<p>Sanayi devrimi sonras\u0131nda k\u00fcresel s\u0131cakl\u0131klar d\u00fczenli bir art\u0131\u015f ya\u015fasa da \u00f6zellikle son 10 y\u0131lda s\u00fcrekli yeni rekorlar k\u0131r\u0131l\u0131yor. Bu ba\u011flamda Copernicus\u2019a g\u00f6re kay\u0131tlara ge\u00e7en en y\u00fcksek g\u00fcnl\u00fck k\u00fcresel ortalama s\u0131cakl\u0131k <strong>17.15 derece<\/strong> ile <strong>22 Temmuz 2024<\/strong>\u2019te ya\u015fand\u0131. Bu, sadece bir g\u00fcn \u00f6nce <strong>21 Temmuz<\/strong>\u2019da <strong>17.09<\/strong> derece ile k\u0131ran rekoru geride b\u0131rak\u0131yor. Daha \u00f6nceki rekor ise <strong>6 Temmuz 2023<\/strong>&#8216;te kaydedilen <strong>17.08<\/strong> dereceydi.<\/p>\n<figure> <span> <img decoding=\"async\" src=\"https:\/\/ekamu.net\/wp-content\/uploads\/2024\/07\/tarihin-en-sicak-gunu-rekoru-bir-kez-daha-kirildi-1-83HJLWfC.jpg\"\/> <\/span> Son 1 y\u0131l i\u00e7inde k\u00fcresel s\u0131cakl\u0131klar\u0131n bu seviyelere ula\u015fm\u0131\u015f olmas\u0131 ve di\u011fer y\u0131llardan \u00f6nemli derecede y\u00fcksek olmalar\u0131 endi\u015fe verici. Zira Temmuz 2023&#8217;ten \u00f6nce, bir \u00f6nceki g\u00fcnl\u00fck k\u00fcresel ortalama s\u0131cakl\u0131k rekoru <strong>13 A\u011fustos 2016<\/strong>&#8216;da <strong>16,8<\/strong> derece idi. <\/figure>\n<p>K\u00fcresel \u0131s\u0131nma e\u011filiminin bir ba\u015fka i\u015fareti de, en y\u00fcksek y\u0131ll\u0131k maksimum g\u00fcnl\u00fck ortalama s\u0131cakl\u0131klara sahip on y\u0131l\u0131n 2015&#8217;ten 2024&#8217;e kadar olan son on y\u0131l olmas\u0131.<\/p>\n<p><b>Bu rekora ne sebep oldu?<\/b><\/p>\n<figure> <span> <img decoding=\"async\" src=\"https:\/\/ekamu.net\/wp-content\/uploads\/2024\/07\/tarihin-en-sicak-gunu-rekoru-bir-kez-daha-kirildi-2-WPYpaQRF.jpg\"\/> <\/span> K\u00fcresel ortalama s\u0131cakl\u0131klar genellikle kuzey yar\u0131mk\u00fcrede yaz mevsimine denk gelen Haziran sonu ile A\u011fustos ba\u015f\u0131 aras\u0131nda zirveye ula\u015fmakta. Bunun nedeni, kuzey yar\u0131mk\u00fcrenin genel k\u00fcresel s\u0131cakl\u0131klar\u0131 y\u00f6nlendiriyor olmas\u0131. Yap\u0131lan analizlere g\u00f6re k\u00fcresel g\u00fcnl\u00fck s\u0131cakl\u0131k rekorundaki ani art\u0131\u015fa <strong>Antarktika&#8217;n\u0131n b\u00fcy\u00fck b\u00f6l\u00fcm\u00fcndeki ortalaman\u0131n \u00e7ok \u00fczerindeki s\u0131cakl\u0131klar neden oldu<\/strong>. Antarktika&#8217;n\u0131n b\u00fcy\u00fck b\u00f6l\u00fcm\u00fcnde s\u0131cakl\u0131klar normalin 12 santigrat derece kadar \u00fczerinde seyretti. Ek olarak sadece son 7 g\u00fcn i\u00e7inde gezegenin 550 yerinde rekor d\u00fczeyde g\u00fcnl\u00fck s\u0131cakl\u0131klar g\u00f6r\u00fcld\u00fc. <\/figure>\n<p><b>Bizi ne bekliyor?<\/b><\/p>\n<p>G\u00fcnl\u00fck k\u00fcresel ortalama s\u0131cakl\u0131\u011f\u0131n 22 veya 23 Temmuz 2024 civar\u0131nda zirve yapmas\u0131n\u0131 ve ard\u0131ndan d\u00fc\u015fmesi bekleniyor. 2023 y\u0131l\u0131nda, 4 A\u011fustos&#8217;ta g\u00fcnl\u00fck k\u00fcresel ortalama s\u0131cakl\u0131kta ikinci bir zirve ya\u015fanm\u0131\u015f ve 6 Temmuz 2023&#8217;te k\u0131r\u0131lan rekora yakla\u015f\u0131lm\u0131\u015ft\u0131. Benzer bir durumun ya\u015fanmas\u0131 muhtemel.<\/p>\n<p><b>2024 kay\u0131tlara ge\u00e7en en s\u0131cak y\u0131l olabilir mi?<\/b><\/p>\n<p>2024 y\u0131l\u0131n\u0131n s\u0131cakl\u0131\u011f\u0131 <strong>El Nino<\/strong> ve <strong>La Nina<\/strong> k\u00fcresel bir okyanus-atmosfer olaylar\u0131n\u0131n geli\u015fimiyle belli olacak. El Nino art\u0131k yerini <strong>okyanus s\u0131cakl\u0131klar\u0131 \u00fczerinde<\/strong> <strong>so\u011fumaya<\/strong> neden olan La Nina\u2019ya b\u0131rakacak. Ancak bug\u00fcne kadar 2024 y\u0131l\u0131, 2023\u2019e g\u00f6re daha s\u0131cak ge\u00e7mi\u015f durumda. Dolay\u0131s\u0131yla uzmanlar, bir <strong>tahminde bulunman\u0131n erken oldu\u011funu<\/strong> ve s\u00fcrecin La Nina\u2019n\u0131n ne kadar h\u0131zl\u0131 geli\u015fece\u011fiyle ilgili oldu\u011funu s\u00f6yl\u00fcyor.<\/p>\n\n<p><span style=\"display: block; width: 343.125px; color: rgb(55, 58, 60); font-size: 14px; background-color: rgb(255, 249, 236);\"><\/span><\/p>\n<p>Kaynak :\u00a0<span style=\"background-color: rgb(255, 249, 236); color: rgb(55, 58, 60); font-size: 14px;\">https:\/\/www.donanimhaber.com\/tarihin-en-sicak-gunu-rekoru-bir-kez-daha-kirildi&#8211;179870<\/span><\/p>\n","protected":false},"excerpt":{"rendered":"<p>K\u00fcresel \u0131s\u0131ma, iklim de\u011fi\u015fikli\u011fi ve i\u00e7inde olunan iklim sezonu k\u00fcresel s\u0131cakl\u0131klar\u0131n s\u0131n\u0131rlar\u0131n\u0131 zorlamaya devam ediyor. Copernicus \u0130klim De\u011fi\u015fikli\u011fi Servisi taraf\u0131ndan yay\u0131nlanan sonu\u00e7lara g\u00f6re D\u00fcnya, k\u00fcresel s\u0131cakl\u0131k \u00f6l\u00e7\u00fcmlerinin yap\u0131lmaya &#8230;<\/p>\n","protected":false},"author":1,"featured_media":65009,"comment_status":"open","ping_status":"open","sticky":false,"template":"","format":"standard","meta":{"footnotes":""},"categories":[8],"tags":[424,2900,2295,2841,1479],"class_list":["post-65008","post","type-post","status-publish","format-standard","has-post-thumbnail","hentry","category-teknoloji","tag-424","tag-gunluk","tag-rekor","tag-sicaklik","tag-temmuz"],"_links":{"self":[{"href":"https:\/\/ekamu.net\/index.php\/wp-json\/wp\/v2\/posts\/65008","targetHints":{"allow":["GET"]}}],"collection":[{"href":"https:\/\/ekamu.net\/index.php\/wp-json\/wp\/v2\/posts"}],"about":[{"href":"https:\/\/ekamu.net\/index.php\/wp-json\/wp\/v2\/types\/post"}],"author":[{"embeddable":true,"href":"https:\/\/ekamu.net\/index.php\/wp-json\/wp\/v2\/users\/1"}],"replies":[{"embeddable":true,"href":"https:\/\/ekamu.net\/index.php\/wp-json\/wp\/v2\/comments?post=65008"}],"version-history":[{"count":1,"href":"https:\/\/ekamu.net\/index.php\/wp-json\/wp\/v2\/posts\/65008\/revisions"}],"predecessor-version":[{"id":65013,"href":"https:\/\/ekamu.net\/index.php\/wp-json\/wp\/v2\/posts\/65008\/revisions\/65013"}],"wp:featuredmedia":[{"embeddable":true,"href":"https:\/\/ekamu.net\/index.php\/wp-json\/wp\/v2\/media\/65009"}],"wp:attachment":[{"href":"https:\/\/ekamu.net\/index.php\/wp-json\/wp\/v2\/media?parent=65008"}],"wp:term":[{"taxonomy":"category","embeddable":true,"href":"https:\/\/ekamu.net\/index.php\/wp-json\/wp\/v2\/categories?post=65008"},{"taxonomy":"post_tag","embeddable":true,"href":"https:\/\/ekamu.net\/index.php\/wp-json\/wp\/v2\/tags?post=65008"}],"curies":[{"name":"wp","href":"https:\/\/api.w.org\/{rel}","templated":true}]}}