{"id":65980,"date":"2024-07-29T13:12:05","date_gmt":"2024-07-29T13:12:05","guid":{"rendered":"https:\/\/ekamu.net\/?p=65980"},"modified":"2024-07-29T13:12:05","modified_gmt":"2024-07-29T13:12:05","slug":"ada-kibris-projesi-tanitildi","status":"publish","type":"post","link":"https:\/\/ekamu.net\/index.php\/2024\/07\/29\/ada-kibris-projesi-tanitildi\/","title":{"rendered":"Ada K\u0131br\u0131s projesi tan\u0131t\u0131ld\u0131"},"content":{"rendered":"<div>\n<p>Kuzey K\u0131br\u0131s T\u00fcrk Cumhuriyeti, 2023 y\u0131l\u0131nda Lefko\u015fa&#8217;da ger\u00e7ekle\u015ftirilen &#8220;T\u00fcrkiye Cumhuriyeti &#8211; Kuzey K\u0131br\u0131s T\u00fcrk Cumhuriyeti K\u00fclt\u00fcr ve Turizm Ortak \u00c7al\u0131\u015fma Grubu 1. Toplant\u0131s\u0131&#8221; sonras\u0131nda, turizm end\u00fcstrisinde s\u00fcrd\u00fcr\u00fclebilir d\u00f6n\u00fc\u015f\u00fcm\u00fc te\u015fvik etmek ve \u00fclke tan\u0131t\u0131m\u0131n\u0131 yeniden planlamak amac\u0131yla T\u00fcrkiye ile birlikte turizm odakl\u0131 tan\u0131t\u0131m ve markala\u015fma i\u015f birli\u011fi ba\u015flatt\u0131.<\/p>\n<p>T\u00fcrkiye Cumhuriyeti K\u00fclt\u00fcr ve Turizm Bakanl\u0131\u011f\u0131, Kuzey K\u0131br\u0131s T\u00fcrk Cumhuriyeti&#8217;nin tan\u0131t\u0131m ve pazarlama faaliyetlerine destek olmak i\u00e7in \u00fclke tan\u0131t\u0131m\u0131, destinasyon pazarlamas\u0131, markala\u015fma ve pazarlama konular\u0131nda deneyimlerini payla\u015facak. Bu i\u015f birli\u011fi \u00e7er\u00e7evesinde teknik dan\u0131\u015fmanl\u0131k da sa\u011flanacak.<\/p>\n<\/div>\n<div>\n<p>2024 Haziran itibariyle ba\u015flat\u0131lan Kuzey K\u0131br\u0131s T\u00fcrk Cumhuriyeti&#8217;nin turizm odakl\u0131 ileti\u015fim kampanyas\u0131, T\u00fcrkiye ve di\u011fer hedef pazarlar i\u00e7in farkl\u0131 yakla\u015f\u0131mlar i\u00e7eriyor. &#8220;Ada K\u0131br\u0131s&#8221; kampanyas\u0131, T\u00fcrkiye&#8217;deki hedef kitleye Kuzey K\u0131br\u0131s&#8217;\u0131n k\u00fclt\u00fcrel de\u011ferlerini, ada ya\u015fam\u0131n\u0131, lezzetlerini, do\u011fas\u0131n\u0131 ve deneyimlerini tan\u0131tmay\u0131 hedeflerken; &#8220;Visit &#038; Feel\/Taste\/See\/Discover\/Experience\/Dream\/Fun\/Dive&#8221; kampanyas\u0131 ise \u0130ngiltere ve di\u011fer pazarlarda uygulanacak. Her iki Bakanl\u0131k, Kuzey K\u0131br\u0131s&#8217;\u0131n imaj\u0131n\u0131 yeniden konumland\u0131rarak turizm talebini art\u0131rmay\u0131 ve \u00f6zg\u00fcn bir marka kimli\u011fi olu\u015fturmay\u0131 ama\u00e7l\u0131yor.<\/p>\n<p>Kuzey K\u0131br\u0131s T\u00fcrk Cumhuriyeti Ba\u015fbakan Yard\u0131mc\u0131s\u0131, Turizm ve \u00c7evre Bakan\u0131 Fikri Atao\u011flu \u015funlar\u0131 s\u00f6yledi: T\u00fcrkiye Cumhuriyeti\u2019ndeki herkesin Kuzey K\u0131br\u0131s T\u00fcrk Cumhuriyeti\u2019ne gelmesini istiyoruz. Ayn\u0131 dili, ayn\u0131 para birimini kullanan bu adaya gelmeleri \u00e7a\u011fr\u0131s\u0131n\u0131 yap\u0131yoruz. Cazip fiyatlar\u0131m\u0131zla kusursuz bir tatil imkan\u0131 sunuyoruz. Amac\u0131m\u0131z T\u00fcrkiye\u2019nin her k\u00f6\u015fesine ula\u015fmak\u2026 T\u00fcrkiye\u2019den gelen turist say\u0131s\u0131n\u0131n artmas\u0131 i\u00e7in y\u0131llar \u00f6ncesinden yola \u00e7\u0131kt\u0131k. Ada K\u0131br\u0131s\u2019\u0131m\u0131z i\u00e7in hep birlikte daha iyisini yapmak ad\u0131na var g\u00fcc\u00fcm\u00fczle \u00e7al\u0131\u015fmaya devam edece\u011fiz\u201d dedi.<\/p>\n<p>ADA KIBRIS\u2019\u0131n hedefi Anavatan\u2019da ya\u015fayan herkes i\u00e7in uygun fiyatl\u0131 tatil imkan\u0131 sunmak\u2026 Keyifli bir tatil i\u00e7in ihtiya\u00e7 duyulan her imkan\u0131n oldu\u011fu Ada K\u0131br\u0131s, turist olarak gelen pek \u00e7ok ki\u015fi taraf\u0131ndan da yuva olarak se\u00e7ilmeye ba\u015flad\u0131. Son y\u0131llarda ADA KIBRIS art\u0131k yuva oluyor. Bizler Kuzey K\u0131br\u0131s\u2019a bu g\u00fcne kadar gelmeyen T\u00fcrk halk\u0131na ADA KIBRIS\u2019\u0131 anlatmay\u0131 de\u011fil ya\u015fatmay\u0131 istiyoruz. \u0130lk \u00e7eyrekte %41 olan turizm art\u0131\u015f\u0131n\u0131n ADA KIBRIS projesiyle birlikte y\u0131l sonuna kadar %100 artmas\u0131n\u0131 bekliyoruz. Bu art\u0131\u015f, u\u00e7ak \u015firketlerinin mevcut seferlerine ekleri, yeni u\u00e7ak firmalar\u0131n\u0131n eklenmesi ve Anamur \u00fczerinden yeni ba\u015flayan Feribot seferleriyle ger\u00e7ekle\u015fecektir.<\/p>\n<\/div>\n<\/p>\n<p><\/p>\n<p>Kaynak :\u00a0<span style=\"background-color: rgb(255, 249, 236); color: rgb(55, 58, 60); font-size: 14px;\">Bloomberg HT<\/span><\/p>\n<p><span style=\"display: block; width: 343.125px; color: rgb(55, 58, 60); font-size: 14px; background-color: rgb(255, 249, 236);\"><\/span><\/p>\n","protected":false},"excerpt":{"rendered":"<p>9 ayd\u0131r \u00fczerinde \u00e7al\u0131\u015f\u0131lan ADA KIBRIS ve Kuzey K\u0131br\u0131s T\u00fcrk Cumhuriyetinin tan\u0131t\u0131m projesi a\u00e7\u0131kland\u0131.<\/p>\n","protected":false},"author":1,"featured_media":65981,"comment_status":"open","ping_status":"open","sticky":false,"template":"","format":"standard","meta":{"footnotes":""},"categories":[2],"tags":[3402,1061,220],"class_list":["post-65980","post","type-post","status-publish","format-standard","has-post-thumbnail","hentry","category-ekonomi","tag-kuzey-kibris-turk-cumhuriyeti","tag-turizm","tag-turk"],"_links":{"self":[{"href":"https:\/\/ekamu.net\/index.php\/wp-json\/wp\/v2\/posts\/65980","targetHints":{"allow":["GET"]}}],"collection":[{"href":"https:\/\/ekamu.net\/index.php\/wp-json\/wp\/v2\/posts"}],"about":[{"href":"https:\/\/ekamu.net\/index.php\/wp-json\/wp\/v2\/types\/post"}],"author":[{"embeddable":true,"href":"https:\/\/ekamu.net\/index.php\/wp-json\/wp\/v2\/users\/1"}],"replies":[{"embeddable":true,"href":"https:\/\/ekamu.net\/index.php\/wp-json\/wp\/v2\/comments?post=65980"}],"version-history":[{"count":1,"href":"https:\/\/ekamu.net\/index.php\/wp-json\/wp\/v2\/posts\/65980\/revisions"}],"predecessor-version":[{"id":65982,"href":"https:\/\/ekamu.net\/index.php\/wp-json\/wp\/v2\/posts\/65980\/revisions\/65982"}],"wp:featuredmedia":[{"embeddable":true,"href":"https:\/\/ekamu.net\/index.php\/wp-json\/wp\/v2\/media\/65981"}],"wp:attachment":[{"href":"https:\/\/ekamu.net\/index.php\/wp-json\/wp\/v2\/media?parent=65980"}],"wp:term":[{"taxonomy":"category","embeddable":true,"href":"https:\/\/ekamu.net\/index.php\/wp-json\/wp\/v2\/categories?post=65980"},{"taxonomy":"post_tag","embeddable":true,"href":"https:\/\/ekamu.net\/index.php\/wp-json\/wp\/v2\/tags?post=65980"}],"curies":[{"name":"wp","href":"https:\/\/api.w.org\/{rel}","templated":true}]}}