{"id":66448,"date":"2024-07-31T05:36:07","date_gmt":"2024-07-31T05:36:07","guid":{"rendered":"https:\/\/ekamu.net\/?p=66448"},"modified":"2024-07-31T05:36:07","modified_gmt":"2024-07-31T05:36:07","slug":"hamas-lideri-haniye-tahranda-olduruldu","status":"publish","type":"post","link":"https:\/\/ekamu.net\/index.php\/2024\/07\/31\/hamas-lideri-haniye-tahranda-olduruldu\/","title":{"rendered":"Hamas lideri Haniye Tahran&#8217;da \u00f6ld\u00fcr\u00fcld\u00fc"},"content":{"rendered":"<div>\n<p>Hamas lideri \u0130smail Haniye&#8217;nin, \u0130ran&#8217;\u0131n ba\u015fkenti Tahran&#8217;da kald\u0131\u011f\u0131 konutunda u\u011frad\u0131\u011f\u0131 sald\u0131r\u0131da \u00f6ld\u00fcr\u00fcld\u00fc\u011f\u00fc bildirildi.<\/p>\n<p>\u0130ran devlet televizyonunun Devrim Muhaf\u0131zlar\u0131 Ordusunun a\u00e7\u0131klamas\u0131na dayand\u0131rd\u0131\u011f\u0131 habere g\u00f6re, Hamas Siyasi B\u00fcro Ba\u015fkan\u0131 \u0130smail Haniye, Tahran&#8217;da kald\u0131\u011f\u0131 konutuna d\u00fczenlenen ter\u00f6r sald\u0131r\u0131s\u0131 sonucu ya\u015fam\u0131n\u0131 yitirdi.<\/p>\n<p>Sald\u0131r\u0131da Haniye&#8217;nin bir korumas\u0131n\u0131n da hayat\u0131n\u0131 kaybetti\u011fi aktar\u0131ld\u0131.<\/p>\n<p>\u0130ran bas\u0131n\u0131nda, olayla ilgili detaylar\u0131n daha sonra a\u00e7\u0131klanaca\u011f\u0131 kaydedildi.<\/p>\n<p><b>Hamas, Haniye&#8217;nin \u0130srail hava sald\u0131r\u0131s\u0131nda \u00f6ld\u00fcr\u00fcld\u00fc\u011f\u00fcn\u00fc do\u011frulad\u0131<\/b><\/p>\n<p>Hamas, Siyasi B\u00fcro Ba\u015fkan\u0131 \u0130smail Haniye&#8217;nin \u0130ran&#8217;\u0131n ba\u015fkenti Tahran&#8217;da ikamet etti\u011fi konuta \u0130srail ordusunun d\u00fczenledi\u011fi hava sald\u0131r\u0131s\u0131nda \u00f6ld\u00fcr\u00fcld\u00fc\u011f\u00fcn\u00fc do\u011frulad\u0131.<\/p>\n<\/div>\n<div>\n<p>Hamas&#8217;tan yap\u0131lan yaz\u0131l\u0131 a\u00e7\u0131klamada, Haniye&#8217;nin yeni \u0130ran Cumhurba\u015fkan\u0131 Mesud Peze\u015fkiyan&#8217;\u0131n g\u00f6revi teslim t\u00f6renine kat\u0131lmak i\u00e7in Tahran&#8217;da bulundu\u011fu belirtildi.<\/p>\n<p>Haniye&#8217;nin, \u0130srail ordusunun t\u00f6ren sonras\u0131 Tahran&#8217;daki konutuna d\u00fczenlenen hava sald\u0131r\u0131s\u0131nda hayat\u0131n\u0131 kaybetti\u011fi aktar\u0131ld\u0131.<\/p>\n<\/div>\n<\/p>\n<p><\/p>\n<p>Kaynak :\u00a0<span style=\"background-color: rgb(255, 249, 236); color: rgb(55, 58, 60); font-size: 14px;\">Bloomberg HT<\/span><\/p>\n<p><span style=\"display: block; width: 343.125px; color: rgb(55, 58, 60); font-size: 14px; background-color: rgb(255, 249, 236);\"><\/span><\/p>\n","protected":false},"excerpt":{"rendered":"<p>Hamas lideri Haniye Tahran&#8217;da ter\u00f6r sald\u0131r\u0131s\u0131nda \u00f6ld\u00fcr\u00fcld\u00fc<\/p>\n","protected":false},"author":1,"featured_media":66449,"comment_status":"open","ping_status":"open","sticky":false,"template":"","format":"standard","meta":{"footnotes":""},"categories":[2],"tags":[877,3443,3444],"class_list":["post-66448","post","type-post","status-publish","format-standard","has-post-thumbnail","hentry","category-ekonomi","tag-hamas","tag-iran","tag-tahranda"],"_links":{"self":[{"href":"https:\/\/ekamu.net\/index.php\/wp-json\/wp\/v2\/posts\/66448","targetHints":{"allow":["GET"]}}],"collection":[{"href":"https:\/\/ekamu.net\/index.php\/wp-json\/wp\/v2\/posts"}],"about":[{"href":"https:\/\/ekamu.net\/index.php\/wp-json\/wp\/v2\/types\/post"}],"author":[{"embeddable":true,"href":"https:\/\/ekamu.net\/index.php\/wp-json\/wp\/v2\/users\/1"}],"replies":[{"embeddable":true,"href":"https:\/\/ekamu.net\/index.php\/wp-json\/wp\/v2\/comments?post=66448"}],"version-history":[{"count":1,"href":"https:\/\/ekamu.net\/index.php\/wp-json\/wp\/v2\/posts\/66448\/revisions"}],"predecessor-version":[{"id":66450,"href":"https:\/\/ekamu.net\/index.php\/wp-json\/wp\/v2\/posts\/66448\/revisions\/66450"}],"wp:featuredmedia":[{"embeddable":true,"href":"https:\/\/ekamu.net\/index.php\/wp-json\/wp\/v2\/media\/66449"}],"wp:attachment":[{"href":"https:\/\/ekamu.net\/index.php\/wp-json\/wp\/v2\/media?parent=66448"}],"wp:term":[{"taxonomy":"category","embeddable":true,"href":"https:\/\/ekamu.net\/index.php\/wp-json\/wp\/v2\/categories?post=66448"},{"taxonomy":"post_tag","embeddable":true,"href":"https:\/\/ekamu.net\/index.php\/wp-json\/wp\/v2\/tags?post=66448"}],"curies":[{"name":"wp","href":"https:\/\/api.w.org\/{rel}","templated":true}]}}