{"id":66782,"date":"2024-08-01T10:12:05","date_gmt":"2024-08-01T10:12:05","guid":{"rendered":"https:\/\/ekamu.net\/?p=66782"},"modified":"2024-08-01T10:12:05","modified_gmt":"2024-08-01T10:12:05","slug":"teknofest-2024-yarismalari-11-farkli-sehirde-yapilacak-yarisma-takvimi-aciklandi","status":"publish","type":"post","link":"https:\/\/ekamu.net\/index.php\/2024\/08\/01\/teknofest-2024-yarismalari-11-farkli-sehirde-yapilacak-yarisma-takvimi-aciklandi\/","title":{"rendered":"TEKNOFEST 2024 yar\u0131\u015fmalar\u0131 11 farkl\u0131 \u015fehirde yap\u0131lacak: Yar\u0131\u015fma takvimi a\u00e7\u0131kland\u0131"},"content":{"rendered":"<p><figure> <span> <img decoding=\"async\" src=\"https:\/\/ekamu.net\/wp-content\/uploads\/2024\/08\/teknofest-2024-yarismalari-11-farkli-sehirde-yapilacak-yarisma-takvimi-aciklandi-0-vJxAXwqk.jpg\"\/> <\/span> Bu sene Adana\u2019n\u0131n ev sahipli\u011fi yapaca\u011f\u0131 <strong>TEKNOFEST Havac\u0131l\u0131k, Uzay ve Teknoloji Festivali\u2019nin<\/strong> teknoloji yar\u0131\u015fmalar\u0131 T\u00fcrkiye\u2019nin d\u00f6rt bir yan\u0131nda yap\u0131lacak. TEKNOFEST, yar\u0131\u015fmalar\u0131n d\u00fczenlenece\u011fi \u015fehirleri ve takvimi a\u00e7\u0131klad\u0131. <\/figure>\n<p><strong>TEKNOFEST 2024<\/strong>, Adana \u015eakirpa\u015fa Havaliman\u0131\u2019nda <strong>2-6 Ekim 2024<\/strong> tarihlerinde d\u00fczenlenecek. \u00d6nceki y\u0131llarda oldu\u011fu gibi bu sene de TEKNOFEST\u2019in baz\u0131 yar\u0131\u015fmalar\u0131 farkl\u0131 \u015fehirlerde ger\u00e7ekle\u015fecek. TEKNOFEST 2024\u2019\u00fcn yar\u0131\u015fma takvimine bakt\u0131\u011f\u0131m\u0131zda 11 farkl\u0131 \u015fehirde TEKNOFEST yar\u0131\u015fmalar\u0131n\u0131n d\u00fczenlenece\u011fini g\u00f6r\u00fcyoruz. 5 farkl\u0131 yar\u0131\u015fma ise online ortamda d\u00fczenlenecek.<\/p>\n<p>TEKNOFEST teknoloji yar\u0131\u015fmalar\u0131 bu y\u0131l <strong>49 ana kategori, 127 alt kategoride<\/strong> d\u00fczenlenecek. Yar\u0131\u015fmaya kat\u0131lanlara 30 milyon TL \u00f6d\u00fcl ve 55 milyon TL\u2019nin \u00fczerinde malzeme deste\u011fi sa\u011flanacak.<\/p>\n<p>TEKNOFEST Adana\u2019da World Drone Cup, TEKNOFEST Drone \u015eampiyonas\u0131 Final Etab\u0131, N\u00fckleer Enerji Teknolojileri Tasar\u0131m Yar\u0131\u015fmas\u0131, Uluslararas\u0131 Bulu\u015f Fuar\u0131 \u00d6d\u00fclleri (ISIF) ve Robotik Yar\u0131\u015fmalar\u0131 d\u00fczenlenecek. Yar\u0131\u015fmalar\u0131n \u015fampiyonlar\u0131 \u00f6d\u00fcllerini 2-6 Ekim\u2019de TEKNOFEST Adana\u2019da alacak.<\/p>\n<p><b>TEKNOFEST 2024 Yar\u0131\u015fma Takvimi<\/b><\/p>\n<p><b>Adana:<\/b><\/p>\n<ul>\n<li>12-18 Eyl\u00fcl 2024 Sava\u015fan \u0130HA Yar\u0131\u015fmas\u0131 (Adana)<\/li>\n<li>2- 6 Ekim 2024 World Drone Cup<\/li>\n<li>2- 6 Ekim 2024\u00a0TEKNOFEST Drone \u015eampiyonas\u0131 Final Etab\u0131<\/li>\n<li>2- 6 Ekim 2024\u00a0N\u00fckleer Enerji Teknolojileri Tasar\u0131m Yar\u0131\u015fmas\u0131<\/li>\n<li>2- 6 Ekim 2024\u00a0Uluslararas\u0131 Bulu\u015f Fuar\u0131 \u00d6d\u00fclleri (ISIF)<\/li>\n<li>2- 6 Ekim 2024\u00a0Robotik Yar\u0131\u015fmalar\u0131<\/li>\n<\/ul>\n<p><b>Antalya (5-8 Eyl\u00fcl 2024)<\/b><\/p>\n<ul>\n<li>Ak\u0131ll\u0131 Ula\u015f\u0131m Yar\u0131\u015fmas\u0131<\/li>\n<li>Biyoteknoloji \u0130novasyon Yar\u0131\u015fmas\u0131<\/li>\n<li>Blokzincir Yar\u0131\u015fmas\u0131 (yeni yar\u0131\u015fma)<\/li>\n<li>\u00c7evre ve Enerji Teknolojileri Yar\u0131\u015fmas\u0131<\/li>\n<li>\u00c7ip Tasar\u0131m Yar\u0131\u015fmas\u0131, E\u011fitim Teknolojileri Yar\u0131\u015fmas\u0131<\/li>\n<li>Engelsiz Ya\u015fam Teknolojileri Yar\u0131\u015fmas\u0131, Finansal Teknolojiler Yar\u0131\u015fmas\u0131 (yeni yar\u0131\u015fma)<\/li>\n<li>Hack Masters<\/li>\n<li>Hava Savunma Teknolojileri Yar\u0131\u015fmas\u0131 (yeni yar\u0131\u015fma)<\/li>\n<li>Helikopter Tasar\u0131m Yar\u0131\u015fmas\u0131<\/li>\n<li>\u0130nsanl\u0131k Yarar\u0131na Teknoloji Yar\u0131\u015fmas\u0131<\/li>\n<li>Jet Motor Tasar\u0131m Yar\u0131\u015fmas\u0131<\/li>\n<li>Kablosuz Haberle\u015fme Yar\u0131\u015fmas\u0131 (yeni yar\u0131\u015fma)<\/li>\n<li>Psikolojide Teknolojik Uygulamalar Yar\u0131\u015fmas\u0131<\/li>\n<li>Sa\u011fl\u0131kta Yapay Zeka Yar\u0131\u015fmas\u0131<\/li>\n<li>Sanayide Dijital Teknolojileri Yar\u0131\u015fmas\u0131<\/li>\n<li>Tar\u0131m Teknolojileri Yar\u0131\u015fmas\u0131<\/li>\n<li>TEKNOFEST Robolig Yar\u0131\u015fmas\u0131 (yeni yar\u0131\u015fma)<\/li>\n<li>Turizm Teknolojileri Yar\u0131\u015fmas\u0131<\/li>\n<li>U\u00e7an Araba Sim\u00fclasyon Yar\u0131\u015fmas\u0131<\/li>\n<li>Ula\u015f\u0131mda Yapay Zeka Yar\u0131\u015fmas\u0131<\/li>\n<li>Ak\u0131ll\u0131 Wifi Kapsama Yar\u0131\u015fmas\u0131 (yeni yar\u0131\u015fma)<\/li>\n<li>S\u00fcr\u00fc \u0130HA Yar\u0131\u015fmas\u0131 (lokasyon farkl\u0131 olacak)<\/li>\n<li>T3 AI Hackathon Yar\u0131\u015fmas\u0131 (yeni yar\u0131\u015fma)<\/li>\n<\/ul>\n<p><b>\u0130stanbul:<\/b><\/p>\n<ul>\n<li>4 Eyl\u00fcl 2024 TravelX Ideathon<\/li>\n<\/ul>\n<p><b>Ankara:<\/b><\/p>\n<ul>\n<li>11-15 Eyl\u00fcl 2024 Dikey \u0130ni\u015fli Roket Yar\u0131\u015fmas\u0131<\/li>\n<\/ul>\n<p><b>\u0130zmir:<\/b><\/p>\n<ul>\n<li>26-30 A\u011fustos 2024 Tar\u0131msal \u0130KA Yar\u0131\u015fmas\u0131<\/li>\n<\/ul>\n<p><b>Kocaeli:<\/b><\/p>\n<ul>\n<li>8-9 A\u011fustos 2024 T\u00fcrk\u00e7e Do\u011fal Dil \u0130\u015fleme Yar\u0131\u015fmas\u0131<\/li>\n<li>12-17 A\u011fustos 2024 Uluslararas\u0131 Liseler Aras\u0131 Efficiency Challenge Elektrikli Ara\u00e7 Yar\u0131\u015fmas\u0131<\/li>\n<li>13-17 A\u011fustos 2024 Hyperloop Geli\u015ftirme Yar\u0131\u015fmas\u0131<\/li>\n<li>20-23 A\u011fustos 2024 Robotaksi Binek Otonom Ara\u00e7 Yar\u0131\u015fmas\u0131<\/li>\n<li>24-25 A\u011fustos 2024 Kuantum Hackathon Yar\u0131\u015fmas\u0131 (yeni yar\u0131\u015fma)<\/li>\n<\/ul>\n<p><b>Isparta:<\/b><\/p>\n<ul>\n<li>24-25 A\u011fustos 2024 TEKNOFEST Drone \u015eampiyonas\u0131 (1. Etap)<\/li>\n<\/ul>\n<p><b>Aksaray:<\/b><\/p>\n<ul>\n<li>9-16 Eyl\u00fcl 2024 Roket Yar\u0131\u015fmas\u0131<\/li>\n<li>18-20 Eyl\u00fcl 2024 Model Uydu Yar\u0131\u015fmas\u0131<\/li>\n<\/ul>\n<p><b>Mersin:<\/b><\/p>\n<ul>\n<li>17-20 Eyl\u00fcl 2024 \u0130nsans\u0131z Su Alt\u0131 Sistemleri Yar\u0131\u015fmas\u0131<\/li>\n<li>19-22 Eyl\u00fcl 2024 \u0130nsans\u0131z Deniz Arac\u0131 Yar\u0131\u015fmas\u0131 (Yeni Yar\u0131\u015fma)<\/li>\n<li>21-22 Eyl\u00fcl 2024 TEKNOFEST Drone \u015eampiyonas\u0131 (2. Etap)<\/li>\n<\/ul>\n<p><b>Kahramanmara\u015f:<\/b><\/p>\n<ul>\n<li>19-23 Eyl\u00fcl 2024 Uluslararas\u0131 Liseler aras\u0131 \u0130nsans\u0131z Hava Ara\u00e7lar\u0131 Yar\u0131\u015fmas\u0131<\/li>\n<\/ul>\n<p><b>Erzurum:<\/b><\/p>\n<ul>\n<li>16-19 Ekim 2024 Robotik Yar\u0131\u015fmalar\u0131<\/li>\n<\/ul>\n<p><span style=\"display: block; width: 343.125px; color: rgb(55, 58, 60); font-size: 14px; background-color: rgb(255, 249, 236);\"><\/span><\/p>\n<p>Kaynak :\u00a0<span style=\"background-color: rgb(255, 249, 236); color: rgb(55, 58, 60); font-size: 14px;\">https:\/\/www.donanimhaber.com\/teknofest-2024-yarismalari-11-farkli-sehirde-yapilacak&#8211;180155<\/span><\/p>\n","protected":false},"excerpt":{"rendered":"<p>Bu sene Adana\u2019n\u0131n ev sahipli\u011fi yapaca\u011f\u0131 TEKNOFEST Havac\u0131l\u0131k, Uzay ve Teknoloji Festivali\u2019nin teknoloji yar\u0131\u015fmalar\u0131 T\u00fcrkiye\u2019nin d\u00f6rt bir yan\u0131nda yap\u0131lacak. TEKNOFEST, yar\u0131\u015fmalar\u0131n d\u00fczenlenece\u011fi \u015fehirleri ve takvimi a\u00e7\u0131klad\u0131. TEKNOFEST 2024 &#8230;<\/p>\n","protected":false},"author":1,"featured_media":66783,"comment_status":"open","ping_status":"open","sticky":false,"template":"","format":"standard","meta":{"footnotes":""},"categories":[8],"tags":[3483,423,168,461,3482],"class_list":["post-66782","post","type-post","status-publish","format-standard","has-post-thumbnail","hentry","category-teknoloji","tag-agustos-2024","tag-teknofest","tag-teknoloji","tag-yarisma","tag-yarismalari"],"_links":{"self":[{"href":"https:\/\/ekamu.net\/index.php\/wp-json\/wp\/v2\/posts\/66782","targetHints":{"allow":["GET"]}}],"collection":[{"href":"https:\/\/ekamu.net\/index.php\/wp-json\/wp\/v2\/posts"}],"about":[{"href":"https:\/\/ekamu.net\/index.php\/wp-json\/wp\/v2\/types\/post"}],"author":[{"embeddable":true,"href":"https:\/\/ekamu.net\/index.php\/wp-json\/wp\/v2\/users\/1"}],"replies":[{"embeddable":true,"href":"https:\/\/ekamu.net\/index.php\/wp-json\/wp\/v2\/comments?post=66782"}],"version-history":[{"count":1,"href":"https:\/\/ekamu.net\/index.php\/wp-json\/wp\/v2\/posts\/66782\/revisions"}],"predecessor-version":[{"id":66785,"href":"https:\/\/ekamu.net\/index.php\/wp-json\/wp\/v2\/posts\/66782\/revisions\/66785"}],"wp:featuredmedia":[{"embeddable":true,"href":"https:\/\/ekamu.net\/index.php\/wp-json\/wp\/v2\/media\/66783"}],"wp:attachment":[{"href":"https:\/\/ekamu.net\/index.php\/wp-json\/wp\/v2\/media?parent=66782"}],"wp:term":[{"taxonomy":"category","embeddable":true,"href":"https:\/\/ekamu.net\/index.php\/wp-json\/wp\/v2\/categories?post=66782"},{"taxonomy":"post_tag","embeddable":true,"href":"https:\/\/ekamu.net\/index.php\/wp-json\/wp\/v2\/tags?post=66782"}],"curies":[{"name":"wp","href":"https:\/\/api.w.org\/{rel}","templated":true}]}}