{"id":67847,"date":"2024-08-05T14:36:05","date_gmt":"2024-08-05T14:36:05","guid":{"rendered":"https:\/\/ekamu.net\/?p=67847"},"modified":"2024-08-05T14:36:05","modified_gmt":"2024-08-05T14:36:05","slug":"fenerbahcemizin-losc-lille-maci-kamp-kadrosu","status":"publish","type":"post","link":"https:\/\/ekamu.net\/index.php\/2024\/08\/05\/fenerbahcemizin-losc-lille-maci-kamp-kadrosu\/","title":{"rendered":"Fenerbah\u00e7emizin LOSC Lille ma\u00e7\u0131 kamp kadrosu"},"content":{"rendered":"<p>Fenerbah\u00e7emiz, UEFA \u015eampiyonlar Ligi 3. \u00d6n Eleme Turu ilk ma\u00e7\u0131nda deplasmanda Fransa temsilcisi LOSC Lille ile kar\u015f\u0131la\u015facak.<\/p>\n<p>  Haz\u0131rl\u0131klar\u0131n\u0131 tamamlayan ve bug\u00fcn Fransa\u2019ya giden olan Futbol A Tak\u0131m\u0131m\u0131z\u0131n 24 ki\u015filik kamp kadrosu \u015fu isimlerden olu\u015fuyor:<\/p>\n<p>  <strong><em>Dominik Livakovic, \u0130rfan Can E\u011fribayat, Ertu\u011frul \u00c7etin, Bright Osayi-Samuel, Mert M\u00fcld\u00fcr, \u00c7a\u011flar S\u00f6y\u00fcnc\u00fc, Rodrigo Becao, Alexander Djiku, Yusuf Ak\u00e7i\u00e7ek, Jayden Oosterwolde, Ferdi Kad\u0131o\u011flu, Rade Krunic, Bartu\u011f Elmaz, \u0130smail Y\u00fcksek, Sebastian Szymanski, Mert Hakan Yanda\u015f, Miha Zajc, \u0130rfan Can Kahveci, O\u011fuz Ayd\u0131n, Dusan Tadic, Allan Saint-Maximin, Edin Dzeko, Youssef En-Nesyri, Cenk Tosun.<\/em><\/strong><\/p>\n","protected":false},"excerpt":{"rendered":"<p>Fenerbah\u00e7emiz, UEFA \u015eampiyonlar Ligi 3. \u00d6n Eleme Turu ilk ma\u00e7\u0131nda deplasmanda Fransa temsilcisi LOSC Lille ile kar\u015f\u0131la\u015facak. Haz\u0131rl\u0131klar\u0131n\u0131 tamamlayan ve bug\u00fcn Fransa\u2019ya giden olan Futbol A Tak\u0131m\u0131m\u0131z\u0131n 24 ki\u015filik kamp kadrosu \u015fu isimlerden &#8230;<\/p>\n","protected":false},"author":1,"featured_media":67848,"comment_status":"open","ping_status":"open","sticky":false,"template":"","format":"standard","meta":{"footnotes":""},"categories":[11],"tags":[],"class_list":["post-67847","post","type-post","status-publish","format-standard","has-post-thumbnail","hentry","category-fenerbahce"],"_links":{"self":[{"href":"https:\/\/ekamu.net\/index.php\/wp-json\/wp\/v2\/posts\/67847","targetHints":{"allow":["GET"]}}],"collection":[{"href":"https:\/\/ekamu.net\/index.php\/wp-json\/wp\/v2\/posts"}],"about":[{"href":"https:\/\/ekamu.net\/index.php\/wp-json\/wp\/v2\/types\/post"}],"author":[{"embeddable":true,"href":"https:\/\/ekamu.net\/index.php\/wp-json\/wp\/v2\/users\/1"}],"replies":[{"embeddable":true,"href":"https:\/\/ekamu.net\/index.php\/wp-json\/wp\/v2\/comments?post=67847"}],"version-history":[{"count":1,"href":"https:\/\/ekamu.net\/index.php\/wp-json\/wp\/v2\/posts\/67847\/revisions"}],"predecessor-version":[{"id":67849,"href":"https:\/\/ekamu.net\/index.php\/wp-json\/wp\/v2\/posts\/67847\/revisions\/67849"}],"wp:featuredmedia":[{"embeddable":true,"href":"https:\/\/ekamu.net\/index.php\/wp-json\/wp\/v2\/media\/67848"}],"wp:attachment":[{"href":"https:\/\/ekamu.net\/index.php\/wp-json\/wp\/v2\/media?parent=67847"}],"wp:term":[{"taxonomy":"category","embeddable":true,"href":"https:\/\/ekamu.net\/index.php\/wp-json\/wp\/v2\/categories?post=67847"},{"taxonomy":"post_tag","embeddable":true,"href":"https:\/\/ekamu.net\/index.php\/wp-json\/wp\/v2\/tags?post=67847"}],"curies":[{"name":"wp","href":"https:\/\/api.w.org\/{rel}","templated":true}]}}