{"id":67918,"date":"2024-08-05T18:24:09","date_gmt":"2024-08-05T18:24:09","guid":{"rendered":"https:\/\/ekamu.net\/?p=67918"},"modified":"2024-08-05T18:24:09","modified_gmt":"2024-08-05T18:24:09","slug":"futbol-a-takimimiz-fransada","status":"publish","type":"post","link":"https:\/\/ekamu.net\/index.php\/2024\/08\/05\/futbol-a-takimimiz-fransada\/","title":{"rendered":"Futbol A Tak\u0131m\u0131m\u0131z Fransa\u2019da"},"content":{"rendered":"<p>UEFA \u015eampiyonlar Ligi 3. \u00d6n Eleme Turu ilk ma\u00e7\u0131nda yar\u0131n ak\u015fam deplasmanda LOSC Lille ile kar\u015f\u0131la\u015facak olan Fenerbah\u00e7emiz, Fransa\u2019ya gitti.<\/p>\n<p>  Haz\u0131rl\u0131klar\u0131n\u0131n \u0130stanbul etab\u0131n\u0131 tamamlad\u0131ktan sonra Sabiha G\u00f6k\u00e7en Havaliman\u0131\u2019ndan kalkan \u00f6zel u\u00e7akla hareket eden tak\u0131m\u0131m\u0131z, yakla\u015f\u0131k 3.5 saatlik u\u00e7u\u015fun ard\u0131ndan Fransa\u2019ya vard\u0131.<\/p>\n<p>  Kafilede Genel Sekreterimiz Burak \u00c7a\u011flan K\u0131z\u0131lhan ile Y\u00f6netim Kurulu \u00dcyelerimizden Hakan Safi, Hulusi Belg\u00fc ve R\u0131fat Perahya yer ald\u0131.<\/p>\n<p>  Futbol A Tak\u0131m\u0131m\u0131z\u0131n 24 ki\u015filik kamp kadrosu \u015fu isimlerden olu\u015fuyor:<\/p>\n<p>  <strong><em>Dominik Livakovic, \u0130rfan Can E\u011fribayat, Ertu\u011frul \u00c7etin, Bright Osayi-Samuel, Mert M\u00fcld\u00fcr, \u00c7a\u011flar S\u00f6y\u00fcnc\u00fc, Rodrigo Becao, Alexander Djiku, Yusuf Ak\u00e7i\u00e7ek, Jayden Oosterwolde, Ferdi Kad\u0131o\u011flu, Rade Krunic, Bartu\u011f Elmaz, \u0130smail Y\u00fcksek, Sebastian Szymanski, Mert Hakan Yanda\u015f, Miha Zajc, \u0130rfan Can Kahveci, O\u011fuz Ayd\u0131n, Dusan Tadic, Allan Saint-Maximin, Edin Dzeko, Youssef En-Nesyri, Cenk Tosun.<\/em><\/strong> <\/p>\n<p><b>Bas\u0131n Foto\u011fraflar\u0131<\/b><\/p>\n<div>\n<figure> <img decoding=\"async\" src=\"https:\/\/ekamu.net\/wp-content\/uploads\/2024\/08\/futbol-a-takimimiz-fransada-0-AbmJA1hz.jpg\"\/> <\/figure>\n<figure> <img decoding=\"async\" src=\"https:\/\/ekamu.net\/wp-content\/uploads\/2024\/08\/futbol-a-takimimiz-fransada-1-NLIIwz39.jpg\"\/> <\/figure>\n<figure> <img decoding=\"async\" src=\"https:\/\/ekamu.net\/wp-content\/uploads\/2024\/08\/futbol-a-takimimiz-fransada-2-Q94FZODi.jpg\"\/> <\/figure>\n<figure> <img decoding=\"async\" src=\"https:\/\/ekamu.net\/wp-content\/uploads\/2024\/08\/futbol-a-takimimiz-fransada-3-8IOHPvJQ.jpg\"\/> <\/figure>\n<figure> <img decoding=\"async\" src=\"https:\/\/ekamu.net\/wp-content\/uploads\/2024\/08\/futbol-a-takimimiz-fransada-4-IFWfn3Yc.jpg\"\/> <\/figure>\n<figure> <img decoding=\"async\" src=\"https:\/\/ekamu.net\/wp-content\/uploads\/2024\/08\/futbol-a-takimimiz-fransada-5-Mgl3QgqF.jpg\"\/> <\/figure>\n<figure> <img decoding=\"async\" src=\"https:\/\/ekamu.net\/wp-content\/uploads\/2024\/08\/futbol-a-takimimiz-fransada-6-szNMV9hU.jpg\"\/> <\/figure>\n<figure> <img decoding=\"async\" src=\"https:\/\/ekamu.net\/wp-content\/uploads\/2024\/08\/futbol-a-takimimiz-fransada-7-YTt2VExg.jpg\"\/> <\/figure>\n<figure> <img decoding=\"async\" src=\"https:\/\/ekamu.net\/wp-content\/uploads\/2024\/08\/futbol-a-takimimiz-fransada-8-C7GVxeF4.jpg\"\/> <\/figure>\n<figure> <img decoding=\"async\" src=\"https:\/\/ekamu.net\/wp-content\/uploads\/2024\/08\/futbol-a-takimimiz-fransada-9-jvEgPv4r.jpg\"\/> <\/figure>\n<figure> <img decoding=\"async\" src=\"https:\/\/ekamu.net\/wp-content\/uploads\/2024\/08\/futbol-a-takimimiz-fransada-10-wsBXQXWB.jpg\"\/> <\/figure>\n<figure> <img decoding=\"async\" src=\"https:\/\/ekamu.net\/wp-content\/uploads\/2024\/08\/futbol-a-takimimiz-fransada-11-Bgf5gjKm.jpg\"\/> <\/figure>\n<figure> <img decoding=\"async\" src=\"https:\/\/ekamu.net\/wp-content\/uploads\/2024\/08\/futbol-a-takimimiz-fransada-12-wi9dbrYs.jpg\"\/> <\/figure>\n<figure> <img decoding=\"async\" src=\"https:\/\/ekamu.net\/wp-content\/uploads\/2024\/08\/futbol-a-takimimiz-fransada-13-Jfq69n6U.jpg\"\/> <\/figure>\n<figure> <img decoding=\"async\" src=\"https:\/\/ekamu.net\/wp-content\/uploads\/2024\/08\/futbol-a-takimimiz-fransada-14-DpjIUbOu.jpg\"\/> <\/figure>\n<figure> <img decoding=\"async\" src=\"https:\/\/ekamu.net\/wp-content\/uploads\/2024\/08\/futbol-a-takimimiz-fransada-15-m3CLxGp3.jpg\"\/> <\/figure>\n<\/p><\/div>\n<\/p>","protected":false},"excerpt":{"rendered":"<p>UEFA \u015eampiyonlar Ligi 3. \u00d6n Eleme Turu ilk ma\u00e7\u0131nda yar\u0131n ak\u015fam deplasmanda LOSC Lille ile kar\u015f\u0131la\u015facak olan Fenerbah\u00e7emiz, Fransa\u2019ya gitti. Haz\u0131rl\u0131klar\u0131n\u0131n \u0130stanbul etab\u0131n\u0131 tamamlad\u0131ktan sonra Sabiha G\u00f6k\u00e7en Havaliman\u0131\u2019ndan kalkan \u00f6zel u\u00e7akla &#8230;<\/p>\n","protected":false},"author":1,"featured_media":67919,"comment_status":"open","ping_status":"open","sticky":false,"template":"","format":"standard","meta":{"footnotes":""},"categories":[11],"tags":[],"class_list":["post-67918","post","type-post","status-publish","format-standard","has-post-thumbnail","hentry","category-fenerbahce"],"_links":{"self":[{"href":"https:\/\/ekamu.net\/index.php\/wp-json\/wp\/v2\/posts\/67918","targetHints":{"allow":["GET"]}}],"collection":[{"href":"https:\/\/ekamu.net\/index.php\/wp-json\/wp\/v2\/posts"}],"about":[{"href":"https:\/\/ekamu.net\/index.php\/wp-json\/wp\/v2\/types\/post"}],"author":[{"embeddable":true,"href":"https:\/\/ekamu.net\/index.php\/wp-json\/wp\/v2\/users\/1"}],"replies":[{"embeddable":true,"href":"https:\/\/ekamu.net\/index.php\/wp-json\/wp\/v2\/comments?post=67918"}],"version-history":[{"count":1,"href":"https:\/\/ekamu.net\/index.php\/wp-json\/wp\/v2\/posts\/67918\/revisions"}],"predecessor-version":[{"id":67936,"href":"https:\/\/ekamu.net\/index.php\/wp-json\/wp\/v2\/posts\/67918\/revisions\/67936"}],"wp:featuredmedia":[{"embeddable":true,"href":"https:\/\/ekamu.net\/index.php\/wp-json\/wp\/v2\/media\/67919"}],"wp:attachment":[{"href":"https:\/\/ekamu.net\/index.php\/wp-json\/wp\/v2\/media?parent=67918"}],"wp:term":[{"taxonomy":"category","embeddable":true,"href":"https:\/\/ekamu.net\/index.php\/wp-json\/wp\/v2\/categories?post=67918"},{"taxonomy":"post_tag","embeddable":true,"href":"https:\/\/ekamu.net\/index.php\/wp-json\/wp\/v2\/tags?post=67918"}],"curies":[{"name":"wp","href":"https:\/\/api.w.org\/{rel}","templated":true}]}}