{"id":67937,"date":"2024-08-05T18:36:05","date_gmt":"2024-08-05T18:36:05","guid":{"rendered":"https:\/\/ekamu.net\/?p=67937"},"modified":"2024-08-05T18:36:05","modified_gmt":"2024-08-05T18:36:05","slug":"teknik-direktorumuz-jose-mourinho-ve-takim-kaptanlarimizdan-mert-hakan-yandas-losc-lille-maci-oncesi-aciklamalarda-bulundu","status":"publish","type":"post","link":"https:\/\/ekamu.net\/index.php\/2024\/08\/05\/teknik-direktorumuz-jose-mourinho-ve-takim-kaptanlarimizdan-mert-hakan-yandas-losc-lille-maci-oncesi-aciklamalarda-bulundu\/","title":{"rendered":"Teknik Direkt\u00f6r\u00fcm\u00fcz Jose Mourinho ve tak\u0131m kaptanlar\u0131m\u0131zdan Mert Hakan Yanda\u015f, LOSC Lille ma\u00e7\u0131 \u00f6ncesi a\u00e7\u0131klamalarda bulundu"},"content":{"rendered":"<p>Teknik Direkt\u00f6r\u00fcm\u00fcz Jose Mourinho ve tak\u0131m kaptanlar\u0131m\u0131zdan Mert Hakan Yanda\u015f, yar\u0131n ak\u015fam deplasmanda Fransa ekibi LOSC Lille ile oynayaca\u011f\u0131m\u0131z UEFA \u015eampiyonlar Ligi 3. \u00f6n eleme ma\u00e7\u0131 \u00f6ncesi a\u00e7\u0131klamalarda bulundu.<\/p>\n<p>  <strong>JOSE MOURINHO: MA\u00c7A HAZIRIZ<\/strong><\/p>\n<p>  Tak\u0131m\u0131n durumu ve Fred\u2019in sakatl\u0131\u011f\u0131 hakk\u0131nda sorulan soru \u00fczerine Jose Mourinho, \u2018\u2019\u00d6nemli bir sakatl\u0131\u011f\u0131m\u0131z var, Fred\u2019in ya\u015fam\u0131\u015f oldu\u011fu sakatl\u0131k. Onun d\u0131\u015f\u0131nda tak\u0131m\u0131n durumu iyi. Yakla\u015f\u0131k 40 antrenman ger\u00e7ekle\u015ftirdik tak\u0131mla, 7 tane ma\u00e7 oynad\u0131k ve bu s\u00fcre\u00e7te sadece 1 sakatl\u0131\u011f\u0131m\u0131z oldu. Tak\u0131ma sonradan kat\u0131lan oyuncular, gerek Avrupa \u015eampiyonas\u0131 gerek transferlerimiz durumlar\u0131n\u0131 gitgide iyiye \u00e7ekiyorlar. Lugano ma\u00e7\u0131ndan bug\u00fcne kadar olan s\u00fcre\u00e7te \u00e7ok iyi antrenman yapt\u0131k. Yar\u0131nki ma\u00e7a haz\u0131r\u0131z.\u2019\u2019 a\u00e7\u0131klamas\u0131n\u0131 yapt\u0131.<\/p>\n<p>  <strong>JOSE MOURINHO: \u00d6ZG\u00dcVENL\u0130Y\u0130M VE EL\u0130MDEK\u0130 OYUNCULARIN EN \u0130Y\u0130S\u0130N\u0130 YAPACA\u011eINI B\u0130L\u0130YORUM<\/strong><\/p>\n<p>  Transferle ilgili d\u00fc\u015f\u00fcncelerini aktaran Jose Mourinho, \u2018\u2019T\u00fcrk\u00e7e konu\u015fabiliyor olmay\u0131 isterdim ama bazen de konu\u015famad\u0131\u011f\u0131m i\u00e7in mutlu oluyorum. \u00c7\u00fcnk\u00fc televizyonda neler konu\u015fuluyor anlam\u0131yorum, haber sitelerinde ve sosyal medya da neler yaz\u0131l\u0131yor bunlar\u0131 anlam\u0131yorum. Bu transfer dedikodular\u0131n\u0131n d\u0131\u015f\u0131nday\u0131m. Evet, yar\u0131n Fred olmayacak ama ba\u015fka oyuncular\u0131m\u0131z var. Bir oyuncu sakatland\u0131\u011f\u0131 zaman di\u011fer oyuncular i\u00e7in bir f\u0131rsat penceresi a\u00e7\u0131l\u0131r. Benim de umdu\u011fum \u015fey onun yerine oynayan oyuncular ellerinden gelenin en iyisini yaparlar, t\u0131pk\u0131 her antrenmanda yapm\u0131\u015f olduklar\u0131 gibi. Her hoca \u00e7ok fazla oyuncu ister kadrosunda ama ben sakinim, elimdeki oyunculara odaklanmay\u0131 tercih ediyorum. Tabii ki transfer penceresi kapanana kadar yeni bir oyuncu gelirse, her hoca gibi ben de ona ho\u015f geldin diyebilirim ama ben mutsuz de\u011filim. \u00d6zg\u00fcvenliyim ve elimdeki oyuncular\u0131n en iyisini yapaca\u011f\u0131n\u0131 biliyorum.\u2019\u2019 ifadelerini kulland\u0131.<\/p>\n<p>  <strong>JOSE MOURINHO: BEN, BAHANE SUNMAYI SEVMEM, BEN HER ZAMAN B\u0130R SONRAK\u0130 MA\u00c7A KONSANTRE OLMAYI TERC\u0130H EDER\u0130M<\/strong><\/p>\n<p>  Sezonu erken a\u00e7mas\u0131 hakk\u0131nda sorulan soruya Mourinho, \u2018\u2019Bu benim i\u00e7in ilk defa olmuyor, ikinci defa oluyor. Tottenham\u2019\u0131 zaman zaman unutuyorum, onlarla \u00f6n eleme oynad\u0131\u011f\u0131m\u0131. Bu ikinci defa ba\u015f\u0131ma geliyor ama ilk defa Avrupa \u015eampiyonas\u0131 ve D\u00fcnya Kupas\u0131 olan bir yaz ay\u0131nda sezonu a\u00e7\u0131yorum. Bu da i\u015fimizi iki kat daha da zorla\u015ft\u0131r\u0131yor. Zor, \u00e7\u00fcnk\u00fc resmi ma\u00e7lar oynuyorsunuz Avrupa \u015eampiyonas\u0131\u2019ndan kat\u0131lan oyuncular farkl\u0131 farkl\u0131 periyotlarda tak\u0131ma d\u00f6n\u00fcyorlar. \u015eu anda 40 idman ger\u00e7ekle\u015ftirdik, belki maksimum onunda tam kadro \u00e7al\u0131\u015fabildik. Ad\u0131m ad\u0131m tak\u0131ma kat\u0131ld\u0131lar bu da i\u015fimizi zorla\u015ft\u0131rd\u0131. Ama i\u00e7inde bulundu\u011fumuz durum bu. Ben, bahane sunmay\u0131 sevmem, ben her zaman bir sonraki ma\u00e7a konsantre olmay\u0131 tercih ederim. Yar\u0131n, Fred\u2019in yoklu\u011fu d\u0131\u015f\u0131nda tak\u0131m\u0131m\u0131z ve oyuncular daha durumda olacaklar. Bu ma\u00e7 i\u00e7in motiveyiz. \u2018Bazen sorarlar sezon i\u00e7in motivasyonunuz ne \u015fekilde, \u015eampiyonlar Ligi\u2019nde olmak m\u0131, ligi kazanmak m\u0131?\u2019 diye. Ben her zaman ayn\u0131 \u015feyi s\u00f6ylerim \u2018Benim motivasyonum her zaman bir sonraki ma\u00e7t\u0131r.\u2019\u2019\u2019 dedi.<\/p>\n<p>  <strong>JOSE MOURINHO: ZOR B\u0130R MA\u00c7 OLACAK B\u0130ZLER \u0130\u00c7\u0130N AMA ONLAR \u0130\u00c7\u0130N DE ZOR OLACAK<\/strong><\/p>\n<p>  Lille hakk\u0131ndaki d\u00fc\u015f\u00fcncelerini aktaran Mourinho, \u2018\u2019Yar\u0131n ma\u00e7\u0131 kazanmay\u0131 umuyorum. \u00c7ok zor bir ma\u00e7 olaca\u011f\u0131n\u0131 biliyorum ve Lille tak\u0131m\u0131n\u0131 be\u011feniyorum. Lugano ma\u00e7lar\u0131n\u0131 oynarken bana sormu\u015flard\u0131 \u2018Lille tak\u0131m\u0131n\u0131 izlemeye ba\u015flad\u0131n\u0131z m\u0131?\u2019 diye. Ama o ma\u00e7lar\u0131 oynarken bir saniye bile izlememi\u015ftim. Fakat Lugano ma\u00e7\u0131 sonras\u0131 rakibimizi izlemeye ba\u015flad\u0131k ve \u00e7ok fazla izledik. Ger\u00e7ekten \u00e7ok ho\u015fuma gittiler tak\u0131m olarak. Ekibimle beraber sezon \u00f6ncesi oynad\u0131klar\u0131 b\u00fct\u00fcn ma\u00e7lar\u0131; Bel\u00e7ika tak\u0131mlar\u0131, Celta Vigo ve Wolfsburg ile oynad\u0131klar\u0131 kar\u015f\u0131la\u015fmalar\u0131 izledik. Ger\u00e7ekten iyi bir tak\u0131m, yeni bir hocalar\u0131 var ama ge\u00e7mi\u015ften gelen ve uygulad\u0131klar\u0131 bir fikirleri var. Jonathan David d\u0131\u015f\u0131nda ilk g\u00fcnden itibaren birlikte \u00e7al\u0131\u015f\u0131yorlar. Zor bir ma\u00e7 olacak bizler i\u00e7in ama onlar i\u00e7in de zor olacak.\u2019\u2019 ifadelerini kulland\u0131.<\/p>\n<p>  <strong>JOSE MOURINHO: SAHA \u0130\u00c7ER\u0130S\u0130NDE SAVA\u015eACA\u011eIZ<\/strong><\/p>\n<p>  Son olarak \u015eampiyon Ligi hakk\u0131nda konu\u015fan Teknik Direkt\u00f6r\u00fcm\u00fcz Jose Mourinho, \u2018\u2019Kul\u00fcp hi\u00e7bir zaman \u015eampiyonlar Ligi\u2019nin bana bir ihtiya\u00e7 oldu\u011funu s\u00f6ylemedi. Ama bence hem kul\u00fcb\u00fcn prestiji i\u00e7in hem de T\u00fcrk Futbolunun prestiji i\u00e7in buna oyuncular dahil&#8230; E\u011fer \u015eampiyonlar Ligi oynayabilirsek bizler i\u00e7in iyi olur. \u2018Bana sorarsan\u0131z \u015eampiyonlar Ligi\u2019ni kazanabilir misiniz?\u2019 diye. \u015e\u00f6yle cevap veririm, \u2018Her \u015fey m\u00fcmk\u00fcn ama ben mucizelere inanmam.\u2019 Ama bana Avrupa Ligi\u2019ni kazanabilir misiniz?\u2019 diye sorarsan\u0131z. \u2018Evet, kazanabiliriz\u2019 derim. Ama bana \u2018\u015eampiyonlar Ligi mi, Avrupa Ligi mi?\u2019 diye sorarsan\u0131z ben, \u2018\u015eampiyonlar Ligi\u2019nde oynamak isterim cevab\u0131n\u0131 veririm.\u2019 Biz de \u015eampiyonlar Ligi\u2019ne kalabilmek i\u00e7in her \u015feyi yapaca\u011f\u0131z. Zor bir kura \u00e7ektik. Lugano kuras\u0131 bizler i\u00e7in zordu, daha kolay olabilirdi. Lille kuras\u0131 bizler i\u00e7in zordu, daha kolay olabilirdi. Ama biz de bu rakipler i\u00e7in zor bir tak\u0131m\u0131z. O y\u00fczden saha i\u00e7erisinde sava\u015faca\u011f\u0131z, sava\u015fa gidece\u011fiz. \u2018Sava\u015f derken, Fransa-Arjantin olimpik oyunlar\u0131ndan bahsetmiyorum. Yar\u0131n g\u00fczel bir futbol m\u00fccadelesinden bahsediyorum.\u2019\u2019 a\u00e7\u0131klamas\u0131n\u0131 yapt\u0131.<\/p>\n<p>  <strong>MERT HAKAN YANDA\u015e: BU MA\u00c7A \u0130Y\u0130 HAZIRLANDIK<\/strong><\/p>\n<p>  Tak\u0131m kaptanlar\u0131m\u0131zdan Mert Hakan Yanda\u015f, yapt\u0131\u011f\u0131 ma\u00e7 de\u011ferlendirmesinde \u015fu ifadeleri kulland\u0131:<\/p>\n<p>  \u201cLille uzun zamand\u0131r birlikte oynayan iyi bir tak\u0131m. Nas\u0131l bir rakiple kar\u015f\u0131la\u015faca\u011f\u0131m\u0131z\u0131 biliyoruz. Yar\u0131nki ma\u00e7\u0131n \u00e7ok zorlu ge\u00e7ece\u011fini de biliyoruz ama tecr\u00fcbeli bir hocam\u0131z ve iyi bir tak\u0131m\u0131m\u0131z var. \u0130yi haz\u0131rland\u0131\u011f\u0131m\u0131z\u0131 d\u00fc\u015f\u00fcn\u00fcyorum. \u0130n\u015fallah istedi\u011fimiz sonu\u00e7la \u0130stanbul\u2019a d\u00f6n\u00fcp, \u015eampiyonlar Ligi\u2019ne kalmak i\u00e7in elimizden gelen her \u015feyi yapaca\u011f\u0131z.\u201d<\/p>\n<p>  <strong>MERT HAKAN YANDA\u015e: SAHADA OLDU\u011eUM HER DAK\u0130KA FENERBAH\u00c7E FORMASINI EL\u0130MDEN GELD\u0130\u011e\u0130NCE \u0130Y\u0130 TEMS\u0130L ETMEK \u0130\u00c7\u0130N M\u00dcCADELE ED\u0130YORUM<\/strong><\/p>\n<p>  Orta sahadaki forma rekabeti ve yeni gelen oyuncularla ilgili Mert Hakan, \u201cFenerbah\u00e7e \u00e7ok b\u00fcy\u00fck bir kul\u00fcp. B\u00f6yle kul\u00fcplerde rekabet \u00e7ok \u00fcst d\u00fczeydeydir. Bu \u00e7ok normal. Bizim de i\u015fimiz bu rekabeti artt\u0131r\u0131p tak\u0131ma katk\u0131da bulunmak ve tak\u0131m\u0131 ileriye \u00e7ekmek. Buradaki be\u015finci sezonum. \u00c7ok say\u0131da oyuncuyla oynad\u0131m. Elimden geleni yapmaya \u00e7al\u0131\u015f\u0131yorum. S\u00fcre buldu\u011fumda tak\u0131m\u0131m i\u00e7in elimden geleni vermeye \u00e7al\u0131\u015f\u0131yorum. 11\u2019de oynad\u0131\u011f\u0131mda da, sonradan oyuna girdi\u011fimde de bu her zaman b\u00f6yle devam edecek. Tak\u0131m\u0131n i\u00e7indeki birliktelik bu y\u00f6nde oldu\u011fu i\u00e7in, tatl\u0131 bir rekabet oldu\u011fu i\u00e7in; bu bizi mutlu ediyor. Ayn\u0131 \u015fekilde gelen arkada\u015flar\u0131m\u0131z\u0131n bir an \u00f6nce kayna\u015f\u0131p tak\u0131ma katk\u0131 vermesi i\u00e7in onlara yard\u0131mc\u0131 oluyoruz. Ayn\u0131 zamanda onlarla tatl\u0131 bir rekabet i\u00e7erisindeyiz. Dedi\u011fim gibi 5 dakikada olsa, 90 dakikada olsa sahada oldu\u011fum her dakika Fenerbah\u00e7e formas\u0131n\u0131 elimden geldi\u011fince iyi temsil etmek i\u00e7in m\u00fccadele ediyorum.\u201d dedi.<\/p>\n<p>  <strong>MERT HAKAN YANDA\u015e: CAM\u0130AYA KAR\u015eI SORUMLULUKLARIM VAR<\/strong><\/p>\n<p>  Tak\u0131m i\u00e7indeki rol\u00fc i\u00e7inse kaptan, \u201cHocam\u0131z\u0131n herkesle olan ileti\u015fimi ayn\u0131 mesafede. \u00c7ok s\u0131cak, bu bizim i\u00e7in \u00e7ok b\u00fcy\u00fck avantaj. Kendisi \u00e7ok \u00e7ok tecr\u00fcbeli. \u0130nsan ili\u015fkileri de \u00e7ok iyi. B\u00fct\u00fcn tak\u0131m\u0131 eline ald\u0131\u011f\u0131n\u0131 ve bunu samimiyeti ile yapt\u0131\u011f\u0131n\u0131 d\u00fc\u015f\u00fcn\u00fcyorum. Kendime gelince, camiaya kar\u015f\u0131 sorumluluklar\u0131m var. Bunu en iyi \u015fekilde yapmaya \u00e7al\u0131\u015f\u0131yorum. Bu saha i\u00e7inde ve saha d\u0131\u015f\u0131nda diye ayr\u0131l\u0131yor. Saha d\u0131\u015f\u0131nda da buraya gelen arkada\u015flar\u0131m\u0131z\u0131n bir an \u00f6nce bize, \u00fclkeye, tak\u0131ma ve camiaya  adapte olup, bize en iyilerini vermeleri i\u00e7in, genelde tak\u0131m arkada\u015flar\u0131m\u0131z olarak bu tav\u0131rda oldu\u011fumuzu d\u00fc\u015f\u00fcn\u00fcyorum. Sadece benle alakal\u0131 de\u011fil, genel ama b\u00fct\u00fcn tak\u0131mla aram \u00e7ok iyi. Gelen arkada\u015flar\u0131m\u0131z\u0131n da karakterleri bug\u00fcne kadar hep iyi \u00e7\u0131kt\u0131. Ge\u00e7en sezon zaten bizi en \u00e7ok \u00f6n plana \u00e7\u0131karan k\u0131sm\u0131, tak\u0131m\u0131n birlikteli\u011fiydi. \u0130n\u015fallah bu sezonda rekabet i\u00e7inde g\u00fczel sevgiyle devam eder. Samand\u0131ra\u2019daki mutlulu\u011fun Fenerbah\u00e7e camias\u0131na yans\u0131d\u0131\u011f\u0131n\u0131 d\u00fc\u015f\u00fcnen birisiyim. Hep onu savunurum. Bu y\u00fczden Samand\u0131ra\u2019daki mutluluk bizim i\u00e7in \u00e7ok \u00f6nemli.\u201d diye konu\u015ftu.<\/p>\n<p>  Ma\u00e7ta ne t\u00fcr bir oyun oynayacaks\u0131n\u0131z? sorusuna ise Mert Hakan,  \u201cYar\u0131n sahaya \u00e7\u0131kt\u0131\u011f\u0131m\u0131zda g\u00f6rece\u011fiz.\u201d cevab\u0131n\u0131 verdi. <\/p>\n<p><b>Bas\u0131n Foto\u011fraflar\u0131<\/b><\/p>\n<div>\n<figure> <img decoding=\"async\" src=\"https:\/\/ekamu.net\/wp-content\/uploads\/2024\/08\/teknik-direktorumuz-jose-mourinho-ve-takim-kaptanlarimizdan-mert-hakan-yandas-losc-lille-maci-oncesi-ZhW3JLzX.jpg\"\/> <\/figure>\n<figure> <img decoding=\"async\" src=\"https:\/\/ekamu.net\/wp-content\/uploads\/2024\/08\/teknik-direktorumuz-jose-mourinho-ve-takim-kaptanlarimizdan-mert-hakan-yandas-losc-lille-maci-oncesi-ZeRfmWq8.jpg\"\/> <\/figure>\n<figure> <img decoding=\"async\" src=\"https:\/\/ekamu.net\/wp-content\/uploads\/2024\/08\/teknik-direktorumuz-jose-mourinho-ve-takim-kaptanlarimizdan-mert-hakan-yandas-losc-lille-maci-oncesi-duS5TQBq.jpg\"\/> <\/figure>\n<\/p><\/div>\n<\/p>","protected":false},"excerpt":{"rendered":"<p>Teknik Direkt\u00f6r\u00fcm\u00fcz Jose Mourinho ve tak\u0131m kaptanlar\u0131m\u0131zdan Mert Hakan Yanda\u015f, yar\u0131n ak\u015fam deplasmanda Fransa ekibi LOSC Lille ile oynayaca\u011f\u0131m\u0131z UEFA \u015eampiyonlar Ligi 3. \u00f6n eleme ma\u00e7\u0131 \u00f6ncesi a\u00e7\u0131klamalarda bulundu. JOSE MOURINHO: MA\u00c7A HAZIRIZ &#8230;<\/p>\n","protected":false},"author":1,"featured_media":67938,"comment_status":"open","ping_status":"open","sticky":false,"template":"","format":"standard","meta":{"footnotes":""},"categories":[11],"tags":[1196,1190,1366,3611,364],"class_list":["post-67937","post","type-post","status-publish","format-standard","has-post-thumbnail","hentry","category-fenerbahce","tag-gelen","tag-mac","tag-oyuncu","tag-sampiyonlar-ligi","tag-takim"],"_links":{"self":[{"href":"https:\/\/ekamu.net\/index.php\/wp-json\/wp\/v2\/posts\/67937","targetHints":{"allow":["GET"]}}],"collection":[{"href":"https:\/\/ekamu.net\/index.php\/wp-json\/wp\/v2\/posts"}],"about":[{"href":"https:\/\/ekamu.net\/index.php\/wp-json\/wp\/v2\/types\/post"}],"author":[{"embeddable":true,"href":"https:\/\/ekamu.net\/index.php\/wp-json\/wp\/v2\/users\/1"}],"replies":[{"embeddable":true,"href":"https:\/\/ekamu.net\/index.php\/wp-json\/wp\/v2\/comments?post=67937"}],"version-history":[{"count":1,"href":"https:\/\/ekamu.net\/index.php\/wp-json\/wp\/v2\/posts\/67937\/revisions"}],"predecessor-version":[{"id":67942,"href":"https:\/\/ekamu.net\/index.php\/wp-json\/wp\/v2\/posts\/67937\/revisions\/67942"}],"wp:featuredmedia":[{"embeddable":true,"href":"https:\/\/ekamu.net\/index.php\/wp-json\/wp\/v2\/media\/67938"}],"wp:attachment":[{"href":"https:\/\/ekamu.net\/index.php\/wp-json\/wp\/v2\/media?parent=67937"}],"wp:term":[{"taxonomy":"category","embeddable":true,"href":"https:\/\/ekamu.net\/index.php\/wp-json\/wp\/v2\/categories?post=67937"},{"taxonomy":"post_tag","embeddable":true,"href":"https:\/\/ekamu.net\/index.php\/wp-json\/wp\/v2\/tags?post=67937"}],"curies":[{"name":"wp","href":"https:\/\/api.w.org\/{rel}","templated":true}]}}