{"id":69483,"date":"2024-08-10T22:12:06","date_gmt":"2024-08-10T22:12:06","guid":{"rendered":"https:\/\/ekamu.net\/?p=69483"},"modified":"2024-08-10T22:12:06","modified_gmt":"2024-08-10T22:12:06","slug":"futbolcularimiz-adana-demirspor-maci-sonrasi-aciklamalarda-bulundu","status":"publish","type":"post","link":"https:\/\/ekamu.net\/index.php\/2024\/08\/10\/futbolcularimiz-adana-demirspor-maci-sonrasi-aciklamalarda-bulundu\/","title":{"rendered":"Futbolcular\u0131m\u0131z, Adana Demirspor ma\u00e7\u0131 sonras\u0131 a\u00e7\u0131klamalarda bulundu"},"content":{"rendered":"<p>Fenerbah\u00e7emizin, Trendyol S\u00fcper Lig\u2019in ilk haftas\u0131nda Adana Demirspor ile oynad\u0131\u011f\u0131 ma\u00e7\u0131n ard\u0131ndan futbolcular\u0131m\u0131z a\u00e7\u0131klamalarda bulundu.<\/p>\n<p>  <strong>ALEXANDER DJIKU: SEZON BA\u015eLANGI\u00c7LARI ZORDUR. BUG\u00dcNK\u00dc GAL\u0130B\u0130YET \u00c7OK \u00d6NEML\u0130YD\u0130<\/strong><\/p>\n<p>  Sezon ba\u015flang\u0131\u00e7 ma\u00e7lar\u0131n\u0131n zorlu\u011funu ve Lille ile oynayaca\u011f\u0131m\u0131z ma\u00e7lar hakk\u0131nda konu\u015fan Alexander Djiku, \u2018\u2019\u0130yi bir ma\u00e7 \u00e7\u0131kard\u0131\u011f\u0131m\u0131z\u0131 s\u00f6yleyebilirim. Sezon ba\u015flang\u0131\u00e7lar\u0131 zordur. Bug\u00fcn galibiyet elde etmemiz bana g\u00f6re \u00e7ok \u00f6nemliydi ve \u00e7ok mutluyum. Rakip kalede \u00e7ok fazla pozisyon bulduk, ayn\u0131 zamanda rakibimize de kendi kalemizde fazla \u015fans vermedik. Tabii ki de \u015fimdi dinlenece\u011fiz ve oynayaca\u011f\u0131z \u00f6nemli ma\u00e7a haz\u0131rlanaca\u011f\u0131z.\u2019\u2019<\/p>\n<p>  A\u00e7\u0131k\u00e7as\u0131 bug\u00fcne benzer bir oyun oynay\u0131p rakibe bask\u0131 yapmam\u0131z gerekiyor. \u00d6zellikle zay\u0131f kald\u0131\u011f\u0131m\u0131z anlarda i\u015fler istedi\u011fimiz gibi gitmedi\u011fi zaman bloklar\u0131 bozmam\u0131z, defansif anlamda da disiplinli kalmam\u0131z gerekiyor. Tabii ki bug\u00fcn rakip kalede yaratt\u0131\u011f\u0131m\u0131z f\u0131rsatlar gibi, Lille kar\u015f\u0131s\u0131nda da fazla \u015fans yaratmam\u0131z gerekiyor. Sonu\u00e7 olarak, bu ma\u00e7 \u00f6zelinde konu\u015facak olursak elbette bug\u00fcn elde etti\u011fimiz sonu\u00e7tan dolay\u0131 mutluyuz.\u2019\u2019<\/p>\n<p>  <strong>ALLAN SA\u0130NT MAX\u0130M\u0130N: TARAFTARLARIMIZ G\u00d6STERM\u0130\u015e OLDUKLARI DESTEKLERLE GER\u00c7EKTEN B\u00dcY\u00dcK B\u0130R ETK\u0130 YARATIYORLAR<\/strong><\/p>\n<p>  Taraftarlar\u0131m\u0131z\u0131n g\u00f6stermi\u015f oldu\u011fu deste\u011fi ve kendi performans\u0131n\u0131 de\u011ferlendiren Allan Saint Maximin, \u015fu a\u00e7\u0131klamalar\u0131 yapt\u0131: \u2018\u2019Taraftarlar\u0131m\u0131z g\u00f6stermi\u015f olduklar\u0131 desteklerle ger\u00e7ekten b\u00fcy\u00fck bir etki yarat\u0131yorlar. Ligde oynad\u0131\u011f\u0131m\u0131z ilk ma\u00e7t\u0131 ve benimde kalpten, g\u00f6n\u00fclden istedi\u011fim \u015fey bu ma\u00e7\u0131 galibiyetle tamamlamakt\u0131. Ben de ma\u00e7\u0131 bir asistle tamamlad\u0131\u011f\u0131m ve tak\u0131ma katk\u0131 sa\u011flad\u0131\u011f\u0131m katk\u0131dan dolay\u0131 \u00e7ok mutluyum.\u2019\u2019<\/p>\n<p>  Sezon \u00f6ncesi antrenmanlar\u0131n\u0131 \u00e7ok yapamad\u0131\u011f\u0131m i\u00e7in pek fazla fiziksel y\u00fcklemeleri yapamad\u0131m. Ama buraya geldikten sonra \u015funu rahatl\u0131kla s\u00f6yleyebilirim herkes benim en iyi seviyeme gelebilmem i\u00e7in b\u00fcy\u00fck bir u\u011fra\u015f veriyor, \u00e7abal\u0131yor ve \u00e7al\u0131\u015f\u0131yorlar. Benim de bug\u00fcn oynam\u0131\u015f oldu\u011fum ma\u00e7 ikinci resmi ma\u00e7\u0131m oldu. Oynayaca\u011f\u0131m\u0131z birka\u00e7 ma\u00e7tan sonra %100 bir \u015fekilde hem kalitemi g\u00f6sterme anlam\u0131nda hem de fiziksel anlamda \u00e7ok daha iyi bir noktaya gelece\u011fimi d\u00fc\u015f\u00fcn\u00fcyorum.\u2019\u2019<\/p>\n<p>  <strong>BR\u0130GHT OSAY\u0130-SAMUEL: MA\u00c7IN B\u00dcT\u00dcN\u00dcNDE GENEL OLARAK \u0130Y\u0130 PERFORMANS ORTAYA KOYDUK<\/strong><\/p>\n<p>  Galibiyeti de\u011ferlendiren Bright Osayi-Samuel, Teknik Direkt\u00f6r\u00fcm\u00fcz Mourinho\u2019nun kendisinden beklentileriyle ilgili de \u015f\u00f6yle konu\u015ftu: \u201cSezona galibiyetle ba\u015flamak \u00e7ok ama \u00e7ok \u00f6nemliydi ve bunu ba\u015fard\u0131\u011f\u0131m\u0131z i\u00e7in \u00e7ok mutluyuz. Zor bir ma\u00e7t\u0131. Ma\u00e7\u0131n b\u00fct\u00fcn\u00fcnde genel olarak iyi performans ortaya koyduk. Kalemizde gol g\u00f6rmeden galibiyetle ayr\u0131ld\u0131k. \u015eimdi amac\u0131m\u0131z bir sonraki ma\u00e7a odaklanmak.<\/p>\n<p>  Hocam\u0131n benden istediklerine daha \u00e7ok oynad\u0131k\u00e7a daha fazla adapte olabilece\u011fimi d\u00fc\u015f\u00fcn\u00fcyorum. Bu tabii ki antrenmanlarda yap\u0131lan pratiklere de ba\u011fl\u0131. Hem ma\u00e7 hem de antrenmanlardaki pratiklerle beraber \u00f6yle zannediyorum ki hocam\u0131n istediklerini y\u00fczde y\u00fcz bir \u015fekilde yerine getirebilece\u011fimi d\u00fc\u015f\u00fcn\u00fcyorum.\u201c<\/p>\n","protected":false},"excerpt":{"rendered":"<p>Fenerbah\u00e7emizin, Trendyol S\u00fcper Lig\u2019in ilk haftas\u0131nda Adana Demirspor ile oynad\u0131\u011f\u0131 ma\u00e7\u0131n ard\u0131ndan futbolcular\u0131m\u0131z a\u00e7\u0131klamalarda bulundu. ALEXANDER DJIKU: SEZON BA\u015eLANGI\u00c7LARI ZORDUR. BUG\u00dcNK\u00dc GAL\u0130B\u0130YET \u00c7OK \u00d6NEML\u0130YD\u0130 Sezon ba\u015flang\u0131\u00e7 ma\u00e7lar\u0131n\u0131n &#8230;<\/p>\n","protected":false},"author":1,"featured_media":69484,"comment_status":"open","ping_status":"open","sticky":false,"template":"","format":"standard","meta":{"footnotes":""},"categories":[11],"tags":[3764,1190,1545],"class_list":["post-69483","post","type-post","status-publish","format-standard","has-post-thumbnail","hentry","category-fenerbahce","tag-galibiyet","tag-mac","tag-sezon"],"_links":{"self":[{"href":"https:\/\/ekamu.net\/index.php\/wp-json\/wp\/v2\/posts\/69483","targetHints":{"allow":["GET"]}}],"collection":[{"href":"https:\/\/ekamu.net\/index.php\/wp-json\/wp\/v2\/posts"}],"about":[{"href":"https:\/\/ekamu.net\/index.php\/wp-json\/wp\/v2\/types\/post"}],"author":[{"embeddable":true,"href":"https:\/\/ekamu.net\/index.php\/wp-json\/wp\/v2\/users\/1"}],"replies":[{"embeddable":true,"href":"https:\/\/ekamu.net\/index.php\/wp-json\/wp\/v2\/comments?post=69483"}],"version-history":[{"count":1,"href":"https:\/\/ekamu.net\/index.php\/wp-json\/wp\/v2\/posts\/69483\/revisions"}],"predecessor-version":[{"id":69485,"href":"https:\/\/ekamu.net\/index.php\/wp-json\/wp\/v2\/posts\/69483\/revisions\/69485"}],"wp:featuredmedia":[{"embeddable":true,"href":"https:\/\/ekamu.net\/index.php\/wp-json\/wp\/v2\/media\/69484"}],"wp:attachment":[{"href":"https:\/\/ekamu.net\/index.php\/wp-json\/wp\/v2\/media?parent=69483"}],"wp:term":[{"taxonomy":"category","embeddable":true,"href":"https:\/\/ekamu.net\/index.php\/wp-json\/wp\/v2\/categories?post=69483"},{"taxonomy":"post_tag","embeddable":true,"href":"https:\/\/ekamu.net\/index.php\/wp-json\/wp\/v2\/tags?post=69483"}],"curies":[{"name":"wp","href":"https:\/\/api.w.org\/{rel}","templated":true}]}}