{"id":69789,"date":"2024-08-12T15:00:07","date_gmt":"2024-08-12T15:00:07","guid":{"rendered":"https:\/\/ekamu.net\/?p=69789"},"modified":"2024-08-12T15:00:07","modified_gmt":"2024-08-12T15:00:07","slug":"appleda-planlar-degisti-iphone-17-air-geliyor","status":"publish","type":"post","link":"https:\/\/ekamu.net\/index.php\/2024\/08\/12\/appleda-planlar-degisti-iphone-17-air-geliyor\/","title":{"rendered":"Apple&#8217;da planlar de\u011fi\u015fti: iPhone 17 Air geliyor"},"content":{"rendered":"<p><figure> <span> <img decoding=\"async\" src=\"https:\/\/ekamu.net\/wp-content\/uploads\/2024\/08\/appleda-planlar-degisti-iphone-17-air-geliyor-0-IZK84c7e.jpg\"\/> <\/span> Apple, Eyl\u00fcl ay\u0131nda tan\u0131t\u0131lacak iPhone 16 serisinin ard\u0131ndan ana ak\u0131m iPhone serisinde<strong>\u00a0plan de\u011fi\u015fikli\u011fine gidebilir.\u00a0<\/strong>\u00d6yle ki \u015firketin bir s\u00fcredir &#8220;Slim&#8221; modeli \u00fczerinde \u00e7al\u0131\u015ft\u0131\u011f\u0131 g\u00fcndemde ve bu modelin ak\u0131beti nihayet belli oldu.\u00a0Bloomberg&#8217;den\u00a0Mark Gurman, Power On b\u00fclteninin\u00a0son say\u0131s\u0131nda iPhone 17 &#8220;Air&#8221; hakk\u0131nda ayr\u0131nt\u0131lar payla\u015ft\u0131.\u00a0 <\/figure>\n<p><b>iPhone 17 Air geliyor<\/b><\/p>\n<p>Ka\u00e7\u0131ranlar i\u00e7in daha \u00f6nceki\u00a0iPhone 17 Slim s\u00f6ylentilerinde,\u00a0Apple&#8217;\u0131n\u00a0<strong>Pro ve Pro olmayan modeller aras\u0131ndaki fark\u0131 azaltaca\u011f\u0131 <\/strong>s\u00f6yleniyordu.\u00a0Mark Gurman ise, son raporunda yeni iPhone&#8217;u do\u011frulad\u0131 ve modelin\u00a0<strong>iPhone 17 &#8220;Air&#8221; olarak lanse edilece\u011fini<\/strong>\u00a0belirtti.\u00a0Bu da tasar\u0131m ve form fakt\u00f6r\u00fc g\u00f6z \u00f6n\u00fcne al\u0131nd\u0131\u011f\u0131nda Apple i\u00e7in olduk\u00e7a mant\u0131kl\u0131.<\/p>\n<p><b>Performans ikinci planda olacak<\/b><\/p>\n<p>Gurman&#8217;a g\u00f6re iPhone 17 Air,\u00a0performanstan \u00e7ok g\u00f6r\u00fcn\u00fcme \u00f6nem veren kullan\u0131c\u0131lara hitap edecek. Telefonun \u00f6zellikleri ise \u015fu an i\u00e7in netle\u015fmi\u015f de\u011fil. Ancak ultra ince tasar\u0131m\u0131ndan dolay\u0131 k\u0131rp\u0131lm\u0131\u015f bir s\u00fcr\u00fcmle kar\u015f\u0131la\u015faca\u011f\u0131m\u0131z kesin. \u015eu an i\u00e7in bilinenler aras\u0131nda,\u00a06.6 in\u00e7 ekran, A19 Pro \u00e7ip yerine standart\u00a0<strong>A19 \u00e7ip<\/strong>,\u00a0<strong>tek arka kamera<\/strong>\u00a0ve\u00a0<strong>Apple tasar\u0131m\u0131 5G i\u015flemci\u00a0<\/strong>bulunuyor.\u00a0<\/p>\n<p>Standart bir iPhone&#8217;dan daha g\u00f6steri\u015fli bir \u015fey istiyorsan\u0131z, ancak Pro modelinin performans\u0131na, ekran boyutuna veya kameralar\u0131na ger\u00e7ekten ihtiyac\u0131n\u0131z yoksa, standart bir iPhone&#8217;un \u00f6zelliklerine sahipken \u00e7ok daha haval\u0131 g\u00f6r\u00fcnen bir \u015fey alabilirsiniz.<\/p>\n<p>iPhone Air&#8217;\u0131n iPhone serisine anlaml\u0131 bir b\u00fcy\u00fcme getirmesi muhtemel. Bunun nedeni &#8220;mini&#8221; ve &#8220;Plus&#8221; sat\u0131\u015flar\u0131n\u0131n beklentilerin alt\u0131nda kalmas\u0131. Keza\u00a0Plus modeli \u015fu anda toplam yeni iPhone sevkiyatlar\u0131n\u0131n yaln\u0131zca %5 &#8211; %10\u2019unu olu\u015fturuyor.\u00a0Dolay\u0131s\u0131yla\u00a0iPhone 17 &#8220;Air&#8221; ba\u015far\u0131l\u0131 olursa, Apple cihaz\u0131n tasar\u0131m\u0131n\u0131 standart ve &#8220;Pro&#8221; modelleri de dahil olmak \u00fczere ana serisine ta\u015f\u0131yabilir.\u00a0<\/p>\n<p>Peki siz bu geli\u015fmeler hakk\u0131nda ne d\u00fc\u015f\u00fcn\u00fcyorsunuz?\u00a0Sizce kullan\u0131c\u0131lar performanstan \u00e7ok daha iyi g\u00f6r\u00fcnen bir iPhone&#8217;u tercih eder mi? bizlerle payla\u015fmay\u0131 unutmay\u0131n.<\/p>\n\n<p><span style=\"display: block; width: 343.125px; color: rgb(55, 58, 60); font-size: 14px; background-color: rgb(255, 249, 236);\"><\/span><\/p>\n<p>Kaynak :\u00a0<span style=\"background-color: rgb(255, 249, 236); color: rgb(55, 58, 60); font-size: 14px;\">https:\/\/www.donanimhaber.com\/apple-da-planlar-degisti-iphone-17-air-geliyor&#8211;180617<\/span><\/p>\n","protected":false},"excerpt":{"rendered":"<p>Apple, Eyl\u00fcl ay\u0131nda tan\u0131t\u0131lacak iPhone 16 serisinin ard\u0131ndan ana ak\u0131m iPhone serisinde\u00a0plan de\u011fi\u015fikli\u011fine gidebilir.\u00a0\u00d6yle ki \u015firketin bir s\u00fcredir &#8220;Slim&#8221; modeli \u00fczerinde \u00e7al\u0131\u015ft\u0131\u011f\u0131 g\u00fcndemde ve bu modelin ak\u0131beti nihayet belli oldu.\u00a0Bloomberg&#8217;den &#8230;<\/p>\n","protected":false},"author":1,"featured_media":69790,"comment_status":"open","ping_status":"open","sticky":false,"template":"","format":"standard","meta":{"footnotes":""},"categories":[8],"tags":[3770,140,454,2801,558],"class_list":["post-69789","post","type-post","status-publish","format-standard","has-post-thumbnail","hentry","category-teknoloji","tag-air","tag-apple","tag-iphone","tag-iphone-17","tag-pro"],"_links":{"self":[{"href":"https:\/\/ekamu.net\/index.php\/wp-json\/wp\/v2\/posts\/69789","targetHints":{"allow":["GET"]}}],"collection":[{"href":"https:\/\/ekamu.net\/index.php\/wp-json\/wp\/v2\/posts"}],"about":[{"href":"https:\/\/ekamu.net\/index.php\/wp-json\/wp\/v2\/types\/post"}],"author":[{"embeddable":true,"href":"https:\/\/ekamu.net\/index.php\/wp-json\/wp\/v2\/users\/1"}],"replies":[{"embeddable":true,"href":"https:\/\/ekamu.net\/index.php\/wp-json\/wp\/v2\/comments?post=69789"}],"version-history":[{"count":1,"href":"https:\/\/ekamu.net\/index.php\/wp-json\/wp\/v2\/posts\/69789\/revisions"}],"predecessor-version":[{"id":69792,"href":"https:\/\/ekamu.net\/index.php\/wp-json\/wp\/v2\/posts\/69789\/revisions\/69792"}],"wp:featuredmedia":[{"embeddable":true,"href":"https:\/\/ekamu.net\/index.php\/wp-json\/wp\/v2\/media\/69790"}],"wp:attachment":[{"href":"https:\/\/ekamu.net\/index.php\/wp-json\/wp\/v2\/media?parent=69789"}],"wp:term":[{"taxonomy":"category","embeddable":true,"href":"https:\/\/ekamu.net\/index.php\/wp-json\/wp\/v2\/categories?post=69789"},{"taxonomy":"post_tag","embeddable":true,"href":"https:\/\/ekamu.net\/index.php\/wp-json\/wp\/v2\/tags?post=69789"}],"curies":[{"name":"wp","href":"https:\/\/api.w.org\/{rel}","templated":true}]}}