{"id":71831,"date":"2024-08-20T06:00:07","date_gmt":"2024-08-20T06:00:07","guid":{"rendered":"https:\/\/ekamu.net\/?p=71831"},"modified":"2024-08-20T06:00:07","modified_gmt":"2024-08-20T06:00:07","slug":"gazzede-ateskese-dogru","status":"publish","type":"post","link":"https:\/\/ekamu.net\/index.php\/2024\/08\/20\/gazzede-ateskese-dogru\/","title":{"rendered":"Gazze&#8217;de ate\u015fkese do\u011fru"},"content":{"rendered":"<div>\n<p>ABD D\u0131\u015fi\u015fleri Bakan\u0131 Antony Blinken, \u0130srail Ba\u015fbakan\u0131 Benjamin Netanyahu\u2019nun Gazze\u2019de ate\u015fkes sa\u011flanmas\u0131na y\u00f6nelik \u00f6neriyi kabul etti\u011fini ve bir sonraki ad\u0131m\u0131n \u201cHamas\u2019\u0131n evet demesi\u201d oldu\u011funu s\u00f6yledi.<\/p>\n<p>\u00c7at\u0131\u015fmalar\u0131n s\u00fcrd\u00fc\u011f\u00fc 10 ay i\u00e7inde b\u00f6lgeye dokuzuncu ziyaretini ger\u00e7ekle\u015ftiren Blinken, sunulan anla\u015fmay\u0131 \u201ck\u00f6pr\u00fc kurucu bir anla\u015fma\u201d olarak nitelendirdi.<\/p>\n<p>Ayr\u0131nt\u0131lar\u0131 tam olarak payla\u015f\u0131lmasa da bu anla\u015fma, ABD Ba\u015fkan\u0131 Joe Biden\u2019\u0131n May\u0131s ay\u0131 sonunda ortaya att\u0131\u011f\u0131 ve her iki taraf\u0131n da kar\u015f\u0131 \u00e7\u0131kt\u0131\u011f\u0131 bir \u00f6neri \u00fczerine in\u015fa ediliyor.<\/p>\n<\/div>\n<div>\n<p>Blinken ate\u015fkes anla\u015fmas\u0131 teklifini Hamas sald\u0131r\u0131s\u0131nda rehin al\u0131nanlar\u0131n serbest b\u0131rak\u0131lmas\u0131 i\u00e7in \u201cen iyi, belki de son f\u0131rsat\u201d olarak nitelendirmi\u015fti.<\/p>\n<p>\u0130ran Hamas liderinin Tahran\u2019da \u00f6ld\u00fcr\u00fclmesi, Hizbullah da \u00fcst d\u00fczey bir y\u00f6neticisinin L\u00fcbnan\u2019da \u00f6ld\u00fcr\u00fclmesinin ard\u0131ndan \u0130srail\u2019e misilleme s\u00f6z\u00fc vermi\u015fti.<\/p>\n<p>Son gezisi b\u00f6yle bir sald\u0131r\u0131y\u0131 cayd\u0131rma \u00e7abas\u0131 olarak da g\u00f6r\u00fclen Blinken, bundan sonra M\u0131s\u0131r ve Katar\u2019a giderek bu \u00fclkelerin liderlerinin Hamas\u2019tan bundan sonra at\u0131lacak ad\u0131mlar konusunda ne duyduklar\u0131n\u0131 \u00f6\u011frenmeye \u00e7al\u0131\u015faca\u011f\u0131n\u0131 s\u00f6yledi.<\/p>\n<p>Netanyahu yapt\u0131\u011f\u0131 a\u00e7\u0131klamada Blinken ile g\u00f6r\u00fc\u015fmesini \u201ciyi ve \u00f6nemli\u201d olarak nitelendirdi. Yine de taraflar\u0131n bir anla\u015fma yapmaya haz\u0131r olup olmad\u0131\u011f\u0131 net de\u011fil. Daha \u00f6nce Netanyahu, uluslararas\u0131 bask\u0131n\u0131n Gazze\u2019de sakland\u0131\u011f\u0131na inan\u0131lan \u00f6rg\u00fct lideri Yahya Sinvar\u2019a y\u00f6neltilmesi gerekti\u011fini s\u00f6ylemi\u015fti. Hamas da \u0130srail\u2019in yeni taleplerinin anla\u015fmay\u0131 zora soktu\u011funu belirtmi\u015fti.<\/p>\n<\/div>\n<\/p>\n<p><\/p>\n<p>Kaynak :\u00a0<span style=\"background-color: rgb(255, 249, 236); color: rgb(55, 58, 60); font-size: 14px;\">Bloomberg HT<\/span><\/p>\n<p><span style=\"display: block; width: 343.125px; color: rgb(55, 58, 60); font-size: 14px; background-color: rgb(255, 249, 236);\"><\/span><\/p>\n","protected":false},"excerpt":{"rendered":"<p>ABD D\u0131\u015fi\u015fleri Bakan\u0131 Antony Blinken, \u0130srail Ba\u015fbakan\u0131 Benjamin Netanyahu\u2019nun ate\u015fkes \u00f6nerisini kabul etti\u011fini, s\u0131ran\u0131n Hamas\u2019ta oldu\u011funu s\u00f6yledi.<\/p>\n","protected":false},"author":1,"featured_media":71832,"comment_status":"open","ping_status":"open","sticky":false,"template":"","format":"standard","meta":{"footnotes":""},"categories":[2],"tags":[521,3996,877],"class_list":["post-71831","post","type-post","status-publish","format-standard","has-post-thumbnail","hentry","category-ekonomi","tag-anlasma","tag-blinken","tag-hamas"],"_links":{"self":[{"href":"https:\/\/ekamu.net\/index.php\/wp-json\/wp\/v2\/posts\/71831","targetHints":{"allow":["GET"]}}],"collection":[{"href":"https:\/\/ekamu.net\/index.php\/wp-json\/wp\/v2\/posts"}],"about":[{"href":"https:\/\/ekamu.net\/index.php\/wp-json\/wp\/v2\/types\/post"}],"author":[{"embeddable":true,"href":"https:\/\/ekamu.net\/index.php\/wp-json\/wp\/v2\/users\/1"}],"replies":[{"embeddable":true,"href":"https:\/\/ekamu.net\/index.php\/wp-json\/wp\/v2\/comments?post=71831"}],"version-history":[{"count":1,"href":"https:\/\/ekamu.net\/index.php\/wp-json\/wp\/v2\/posts\/71831\/revisions"}],"predecessor-version":[{"id":71833,"href":"https:\/\/ekamu.net\/index.php\/wp-json\/wp\/v2\/posts\/71831\/revisions\/71833"}],"wp:featuredmedia":[{"embeddable":true,"href":"https:\/\/ekamu.net\/index.php\/wp-json\/wp\/v2\/media\/71832"}],"wp:attachment":[{"href":"https:\/\/ekamu.net\/index.php\/wp-json\/wp\/v2\/media?parent=71831"}],"wp:term":[{"taxonomy":"category","embeddable":true,"href":"https:\/\/ekamu.net\/index.php\/wp-json\/wp\/v2\/categories?post=71831"},{"taxonomy":"post_tag","embeddable":true,"href":"https:\/\/ekamu.net\/index.php\/wp-json\/wp\/v2\/tags?post=71831"}],"curies":[{"name":"wp","href":"https:\/\/api.w.org\/{rel}","templated":true}]}}