{"id":72112,"date":"2024-08-21T05:12:05","date_gmt":"2024-08-21T05:12:05","guid":{"rendered":"https:\/\/ekamu.net\/?p=72112"},"modified":"2024-08-21T05:12:05","modified_gmt":"2024-08-21T05:12:05","slug":"blinken-bir-anlasma-saglayamadan-orta-dogudan-ayrildi","status":"publish","type":"post","link":"https:\/\/ekamu.net\/index.php\/2024\/08\/21\/blinken-bir-anlasma-saglayamadan-orta-dogudan-ayrildi\/","title":{"rendered":"Blinken, bir anla\u015fma sa\u011flayamadan Orta Do\u011fu&#8217;dan ayr\u0131ld\u0131"},"content":{"rendered":"<div>\n<p>ABD D\u0131\u015fi\u015fleri Bakan\u0131 Antony Blinken, Tel Aviv ile Hamas aras\u0131nda esir takas\u0131 ve ate\u015fkes mutabakat\u0131n\u0131n gelecek g\u00fcnlerde sa\u011flanmas\u0131 gerekti\u011fini belirterek, \u0130srail&#8217;in Gazze \u015eeridi&#8217;nde uzun s\u00fcreli i\u015fgaline kar\u015f\u0131 olduklar\u0131n\u0131 s\u00f6yledi.<\/p>\n<p>Blinken, Orta Do\u011fu program\u0131 kapsam\u0131nda bulundu\u011fu Katar&#8217;\u0131n ba\u015fkenti Doha&#8217;da bas\u0131n mensuplar\u0131na a\u00e7\u0131klama yapt\u0131.<\/p>\n<p>Orta Do\u011fu ziyareti kapsam\u0131nda bir\u00e7ok \u00fcst d\u00fczey yetkiliyle g\u00f6r\u00fc\u015fme f\u0131rsat\u0131 buldu\u011funu anlatan Blinken, &#8220;Mesaj\u0131m basit, net ve acil. Ate\u015fkes ve rehine mutabakat\u0131na sona gelinmeden ula\u015f\u0131lmal\u0131. Bunu \u015fimdi yapmal\u0131y\u0131z.&#8221; ifadelerini kulland\u0131.<\/p>\n<\/div>\n<div>\n<p>Blinken, zaman\u0131n \u00f6nemini vurgulayarak, &#8220;Esirlerin sa\u011fl\u0131\u011f\u0131 tehlikede. Zaman \u00f6nemli \u00e7\u00fcnk\u00fc Gazze\u2019de her g\u00fcn kad\u0131n, \u00e7ocuk ve erkekler ac\u0131 \u00e7ekiyor. Yeterli g\u0131daya, ilaca ula\u015fam\u0131yor. Ba\u015flatmad\u0131klar\u0131 ve durduramayacaklar\u0131 bir \u00e7at\u0131\u015fmada yaralanma ve \u00f6lme riskleri bulunuyor. Zaman \u00f6nemli \u00e7\u00fcnk\u00fc her ge\u00e7en g\u00fcn b\u00f6lgede gerilimin t\u0131rmanmas\u0131 riski var.&#8221; diye konu\u015ftu.<\/p>\n<p>M\u0131s\u0131r ve Katar ile gerilimin t\u0131rmanmamas\u0131 i\u00e7in \u00e7al\u0131\u015ft\u0131klar\u0131n\u0131 dile getiren Blinken, Hamas ile \u0130srail aras\u0131ndaki ate\u015fkes ve esir takas\u0131 i\u00e7in y\u00fcr\u00fct\u00fclen m\u00fczakerelere de\u011findi.<\/p>\n<p>Blinken, \u0130srail&#8217;in ABD Ba\u015fkan\u0131 Joe Biden&#8217;\u0131n ate\u015fkes \u00f6nerisini onaylad\u0131\u011f\u0131n\u0131 savunarak, Hamas&#8217;a da bu \u00f6neriyi kabul etmesi \u00e7a\u011fr\u0131s\u0131n\u0131 yineledi.<\/p>\n<p>Ate\u015fkes mutabakat\u0131na var\u0131labilmesi i\u00e7in herkesin gerekli esnekli\u011fi g\u00f6stermesi gerekti\u011fini vurgulayan Blinken, iki taraf\u0131n da anla\u015fman\u0131n uygulanmas\u0131n\u0131n detaylar\u0131 konusunda \u00e7al\u0131\u015faca\u011f\u0131ndan ve hemfikir kalaca\u011f\u0131ndan emin olmak istediklerini s\u00f6yledi.<\/p>\n<p>Blinken, ABD&#8217;yle beraber M\u0131s\u0131r ve Katar&#8217;\u0131n yan\u0131 s\u0131ra \u00e7ok say\u0131daki \u00fclkenin ate\u015fkesin hemen sa\u011flanmas\u0131n\u0131n aciliyeti konusunda hemfikir oldu\u011funun alt\u0131n\u0131 \u00e7izerek, &#8220;(Mutabakat) Bu, derhal ger\u00e7ekle\u015fmeli ve gelecek g\u00fcnlerde hayata ge\u00e7irilmeli. Biz de bunun sa\u011flanmas\u0131 i\u00e7in m\u00fcmk\u00fcn olan her \u015feyi yapaca\u011f\u0131z.&#8221; \u015feklinde konu\u015ftu.<\/p>\n<p>Bas\u0131n mensuplar\u0131n\u0131n sorular\u0131n\u0131 da yan\u0131tlayan Blinken, &#8220;ABD, \u0130srail&#8217;in Gazze&#8217;de uzun s\u00fcreli i\u015fgalini kabul etmiyor. Mutabakat, \u0130srail ordusunun konumu ve Gazze&#8217;den \u00e7ekilmesi hususundaki program konusunda \u00e7ok a\u00e7\u0131k. \u0130srail, bunu kabul etti.&#8221; dedi.<\/p>\n<p>Blinken, \u0130srail ba\u015fta olmak \u00fczere ate\u015fkes ve esir takas\u0131n\u0131n sa\u011flanmas\u0131n\u0131n herkesin yarar\u0131na oldu\u011funu dile getirdi.<\/p>\n<p>\u00c7at\u0131\u015fman\u0131n di\u011fer b\u00f6lgelere yay\u0131lmamas\u0131n\u0131 sa\u011flamalar\u0131 gerekti\u011fine i\u015faret eden Blinken, &#8220;Gazze, kuzeyde, L\u00fcbnan&#8217;da ve Hizbullah konusunda daha iyi bir yere ula\u015fmak i\u00e7in bir\u00e7ok y\u00f6nden anahtar konumunda. K\u0131z\u0131ldeniz&#8217;de Husiler ile gerilimin d\u00fc\u015f\u00fcr\u00fclmesi, \u0130srail ile Suudi Arabistan aras\u0131nda iki \u00fclkenin de \u00e7\u0131kar\u0131na olacak normalle\u015fme anla\u015fmas\u0131n\u0131n sa\u011flan\u0131p sa\u011flanamayaca\u011f\u0131n\u0131n de\u011ferlendirilmesi i\u00e7in anahtar noktada.&#8221; de\u011ferlendirmesinde bulundu.<\/p>\n<p><b>&#8220;\u015eu anda d\u00fcnyadaki en k\u00f6t\u00fc insani durum Sudan&#8217;da&#8221;<\/b><\/p>\n<p>Blinken, M\u0131s\u0131r ve Katar temaslar\u0131nda Sudan&#8217;daki durumu da ele ald\u0131klar\u0131n\u0131 dile getirerek, &#8220;\u015eu anda d\u00fcnyadaki en k\u00f6t\u00fc insani durum Sudan&#8217;da. Sudan&#8217;da \u00e7at\u0131\u015fmadan, \u015fiddetten g\u0131da ve temel insani yard\u0131ma ula\u015famamaktan ac\u0131 \u00e7eken daha fazla insan var.&#8221; dedi.<\/p>\n<p>Sudan&#8217;daki durumu iyile\u015ftirmek i\u00e7in \u00e7al\u0131\u015ft\u0131klar\u0131n\u0131n alt\u0131n\u0131 \u00e7izen Blinken, taraflar\u0131 \u00e7\u00f6z\u00fcm i\u00e7in bir araya getirmeye \u00e7al\u0131\u015fman\u0131n yan\u0131 s\u0131ra insani yard\u0131mlar\u0131n da b\u00f6lgeye ula\u015ft\u0131r\u0131lmas\u0131 i\u00e7in bir\u00e7ok \u00fclke ve uluslararas\u0131 kurumla \u00e7al\u0131\u015ft\u0131klar\u0131n\u0131 s\u00f6yledi.<\/p>\n<p>Blinken, Sudan&#8217;da \u00f6nemli giri\u015f noktalar\u0131ndan insani yard\u0131mlar\u0131n ula\u015ft\u0131r\u0131lmas\u0131 konusunda anla\u015fmaya var\u0131ld\u0131\u011f\u0131n\u0131 kaydederek, bu konuda daha geni\u015f bir anla\u015fmaya ula\u015fmak i\u00e7in \u00e7al\u0131\u015ft\u0131klar\u0131n\u0131 s\u00f6zlerine ekledi.<\/p>\n<\/div>\n<\/p>\n<p><\/p>\n<p>Kaynak :\u00a0<span style=\"background-color: rgb(255, 249, 236); color: rgb(55, 58, 60); font-size: 14px;\">Bloomberg HT<\/span><\/p>\n<p><span style=\"display: block; width: 343.125px; color: rgb(55, 58, 60); font-size: 14px; background-color: rgb(255, 249, 236);\"><\/span><\/p>\n","protected":false},"excerpt":{"rendered":"<p>ABD D\u0131\u015fi\u015fleri Bakan\u0131 Antony Blinken, \u0130srail ile Hamas aras\u0131nda bir anla\u015fma sa\u011flayamadan Orta Do\u011fu&#8217;dan ayr\u0131ld\u0131.<\/p>\n","protected":false},"author":1,"featured_media":72113,"comment_status":"open","ping_status":"open","sticky":false,"template":"","format":"standard","meta":{"footnotes":""},"categories":[2],"tags":[873,3996,4023,850,4022],"class_list":["post-72112","post","type-post","status-publish","format-standard","has-post-thumbnail","hentry","category-ekonomi","tag-ateskes","tag-blinken","tag-insani","tag-israil","tag-sudanda"],"_links":{"self":[{"href":"https:\/\/ekamu.net\/index.php\/wp-json\/wp\/v2\/posts\/72112","targetHints":{"allow":["GET"]}}],"collection":[{"href":"https:\/\/ekamu.net\/index.php\/wp-json\/wp\/v2\/posts"}],"about":[{"href":"https:\/\/ekamu.net\/index.php\/wp-json\/wp\/v2\/types\/post"}],"author":[{"embeddable":true,"href":"https:\/\/ekamu.net\/index.php\/wp-json\/wp\/v2\/users\/1"}],"replies":[{"embeddable":true,"href":"https:\/\/ekamu.net\/index.php\/wp-json\/wp\/v2\/comments?post=72112"}],"version-history":[{"count":1,"href":"https:\/\/ekamu.net\/index.php\/wp-json\/wp\/v2\/posts\/72112\/revisions"}],"predecessor-version":[{"id":72114,"href":"https:\/\/ekamu.net\/index.php\/wp-json\/wp\/v2\/posts\/72112\/revisions\/72114"}],"wp:featuredmedia":[{"embeddable":true,"href":"https:\/\/ekamu.net\/index.php\/wp-json\/wp\/v2\/media\/72113"}],"wp:attachment":[{"href":"https:\/\/ekamu.net\/index.php\/wp-json\/wp\/v2\/media?parent=72112"}],"wp:term":[{"taxonomy":"category","embeddable":true,"href":"https:\/\/ekamu.net\/index.php\/wp-json\/wp\/v2\/categories?post=72112"},{"taxonomy":"post_tag","embeddable":true,"href":"https:\/\/ekamu.net\/index.php\/wp-json\/wp\/v2\/tags?post=72112"}],"curies":[{"name":"wp","href":"https:\/\/api.w.org\/{rel}","templated":true}]}}