{"id":72121,"date":"2024-08-21T07:24:06","date_gmt":"2024-08-21T07:24:06","guid":{"rendered":"https:\/\/ekamu.net\/?p=72121"},"modified":"2024-08-21T07:24:06","modified_gmt":"2024-08-21T07:24:06","slug":"simsek-istifa-etmek-istedi-iddialarina-yalanlama","status":"publish","type":"post","link":"https:\/\/ekamu.net\/index.php\/2024\/08\/21\/simsek-istifa-etmek-istedi-iddialarina-yalanlama\/","title":{"rendered":"&#8220;\u015eim\u015fek istifa etmek istedi&#8221; iddialar\u0131na yalanlama"},"content":{"rendered":"<p><p>Cumhurba\u015fkanl\u0131\u011f\u0131 \u0130leti\u015fim Ba\u015fkanl\u0131\u011f\u0131 Dezenformasyonla M\u00fccadele Merkezi (DMM) Hazine ve Maliye Bakan\u0131 Mehmet \u015eim\u015fek ile ilgili \u00e7\u0131kan iddialara y\u00f6nelik bir a\u00e7\u0131klama yapt\u0131.<\/p>\n<p>A\u00e7\u0131klamada baz\u0131 sosyal medya hesaplar\u0131ndan payla\u015f\u0131lan, \u201cHazine ve Maliye Bakan\u0131 Mehmet \u015eim\u015fek, g\u00f6revinden istifa etmek istedi\u201d iddias\u0131n\u0131n do\u011fru olmad\u0131\u011f\u0131 belirtildi.<\/p>\n<p>Bakan \u015eim\u015fek\u2019in g\u00f6revinden istifa etme karar\u0131 ald\u0131\u011f\u0131 ve ikna edilerek g\u00f6revde kald\u0131\u011f\u0131na y\u00f6nelik iddialar\u0131n ger\u00e7e\u011fi yans\u0131tmad\u0131\u011f\u0131 ifade edildi.<\/p>\n\n<p><\/p>\n<p>Kaynak :\u00a0<span style=\"background-color: rgb(255, 249, 236); color: rgb(55, 58, 60); font-size: 14px;\">Bloomberg HT<\/span><\/p>\n<p><span style=\"display: block; width: 343.125px; color: rgb(55, 58, 60); font-size: 14px; background-color: rgb(255, 249, 236);\"><\/span><\/p>\n","protected":false},"excerpt":{"rendered":"<p>Cumhurba\u015fkanl\u0131\u011f\u0131 \u0130leti\u015fim Ba\u015fkanl\u0131\u011f\u0131 Dezenformasyonla M\u00fccadele Merkezi (DMM) Hazine ve Maliye Bakan\u0131 Mehmet \u015eim\u015fek&#8217;in g\u00f6revinden istifa etmek istedi\u011fine y\u00f6nelik iddialar\u0131n ger\u00e7e\u011fi yans\u0131tmad\u0131\u011f\u0131n\u0131 belirtti.<\/p>\n","protected":false},"author":1,"featured_media":72122,"comment_status":"open","ping_status":"open","sticky":false,"template":"","format":"standard","meta":{"footnotes":""},"categories":[2],"tags":[],"class_list":["post-72121","post","type-post","status-publish","format-standard","has-post-thumbnail","hentry","category-ekonomi"],"_links":{"self":[{"href":"https:\/\/ekamu.net\/index.php\/wp-json\/wp\/v2\/posts\/72121","targetHints":{"allow":["GET"]}}],"collection":[{"href":"https:\/\/ekamu.net\/index.php\/wp-json\/wp\/v2\/posts"}],"about":[{"href":"https:\/\/ekamu.net\/index.php\/wp-json\/wp\/v2\/types\/post"}],"author":[{"embeddable":true,"href":"https:\/\/ekamu.net\/index.php\/wp-json\/wp\/v2\/users\/1"}],"replies":[{"embeddable":true,"href":"https:\/\/ekamu.net\/index.php\/wp-json\/wp\/v2\/comments?post=72121"}],"version-history":[{"count":1,"href":"https:\/\/ekamu.net\/index.php\/wp-json\/wp\/v2\/posts\/72121\/revisions"}],"predecessor-version":[{"id":72123,"href":"https:\/\/ekamu.net\/index.php\/wp-json\/wp\/v2\/posts\/72121\/revisions\/72123"}],"wp:featuredmedia":[{"embeddable":true,"href":"https:\/\/ekamu.net\/index.php\/wp-json\/wp\/v2\/media\/72122"}],"wp:attachment":[{"href":"https:\/\/ekamu.net\/index.php\/wp-json\/wp\/v2\/media?parent=72121"}],"wp:term":[{"taxonomy":"category","embeddable":true,"href":"https:\/\/ekamu.net\/index.php\/wp-json\/wp\/v2\/categories?post=72121"},{"taxonomy":"post_tag","embeddable":true,"href":"https:\/\/ekamu.net\/index.php\/wp-json\/wp\/v2\/tags?post=72121"}],"curies":[{"name":"wp","href":"https:\/\/api.w.org\/{rel}","templated":true}]}}