{"id":72258,"date":"2024-08-21T14:48:05","date_gmt":"2024-08-21T14:48:05","guid":{"rendered":"https:\/\/ekamu.net\/?p=72258"},"modified":"2024-08-21T14:48:05","modified_gmt":"2024-08-21T14:48:05","slug":"avrupa-ilk-kara-tabanli-karbon-yakalama-ve-depolama-tesisini-kuruyor","status":"publish","type":"post","link":"https:\/\/ekamu.net\/index.php\/2024\/08\/21\/avrupa-ilk-kara-tabanli-karbon-yakalama-ve-depolama-tesisini-kuruyor\/","title":{"rendered":"Avrupa ilk kara tabanl\u0131 karbon yakalama ve depolama tesisini kuruyor"},"content":{"rendered":"<p><figure> <span> <img decoding=\"async\" src=\"https:\/\/ekamu.net\/wp-content\/uploads\/2024\/08\/avrupa-ilk-kara-tabanli-karbon-yakalama-ve-depolama-tesisini-kuruyor-0-LESFMf3B.jpg\"\/> <\/span> Hollanda merkezli karbon depolama giri\u015fimi <strong>C-Questra<\/strong> ve ABD merkezli karbon giderme \u015firketi <strong>RepAir Carbon<\/strong> aras\u0131nda yap\u0131lan ortakl\u0131k kapsam\u0131nda Avrupa Birli\u011fi\u2019nin (AB) ilk kara tabanl\u0131 <strong>karbondioksit<\/strong> (CO2) <strong>yakalama ve depolama<\/strong> projesi i\u00e7in d\u00fc\u011fmeye bas\u0131ld\u0131. B\u00f6lgenin ilk karasal do\u011frudan hava yakalama ve depolamas\u0131 (DACS) olacak tesis, Avrupa&#8217;n\u0131n iklim hedeflerine ula\u015fmas\u0131na yard\u0131mc\u0131 olacak. <\/figure>\n<p>Mevcut do\u011frudan hava yakalama \u00e7\u00f6z\u00fcmleri \u00e7ok fazla enerji t\u00fcketiyor ve yakalad\u0131klar\u0131ndan daha fazla CO2 yayabiliyor. Ayr\u0131ca \u00f6l\u00e7eklerini b\u00fcy\u00fctmekte maliyet engelleri de ortaya \u00e7\u0131k\u0131yor. Bu sistemler, d\u00fczenli olarak de\u011fi\u015ftirilmesi gereken ve potansiyel sa\u011fl\u0131k ve g\u00fcvenlik riskleri ta\u015f\u0131yan \u00e7\u00f6z\u00fcc\u00fclere ve sorbentlere dayan\u0131yor.<\/p>\n<p><b>Sadece elektrik kullanacak<\/b><\/p>\n<figure> <span> <img decoding=\"async\" src=\"https:\/\/ekamu.net\/wp-content\/uploads\/2024\/08\/avrupa-ilk-kara-tabanli-karbon-yakalama-ve-depolama-tesisini-kuruyor-1-WZH3M1G4.jpg\"\/> <\/span> Ancak RepAir&#8217;in \u00e7\u00f6z\u00fcm\u00fc \u0131s\u0131 kullanmadan sadece elektrik kullanarak <strong>enerji t\u00fcketimini<\/strong> <strong>y\u00fczde 70 oran\u0131nda azalt\u0131yor<\/strong>. Bununla birlikte \u015firketler, yakalanan karbonun tuzlu su akiferleri gibi <strong>yeralt\u0131 jeolojik olu\u015fumlar\u0131nda depolanaca\u011f\u0131n\u0131<\/strong> ve bu sayede olas\u0131 g\u00fcvenlik sorunlar\u0131n\u0131n da ortadan kald\u0131r\u0131lm\u0131\u015f olunaca\u011f\u0131n\u0131 s\u00f6yl\u00fcyor. \u00d6te yandan proje kara tabanl\u0131 oldu\u011fu i\u00e7in maliyetli a\u00e7\u0131k deniz altyap\u0131s\u0131na da ihtiya\u00e7 duymuyor ve dolay\u0131s\u0131yla s\u00fcre\u00e7 daha ucuz hale geliyor. C-Questra&#8217;n\u0131n karada bir CO2 depolama sahas\u0131 geli\u015ftirmek i\u00e7in izin ba\u015fvurusunda bulundu\u011fu proje, Fransa&#8217;n\u0131n kuzeyinde, Paris yak\u0131nlar\u0131nda yer alacak. <\/figure>\n<p>Yap\u0131lan a\u00e7\u0131klamalara g\u00f6re planlanan tesis <strong>2030<\/strong> y\u0131l\u0131na kadar <strong>y\u0131lda 100.000 ton CO2<\/strong>&#8216;yi ortadan kald\u0131racak. Daha cazip olan\u0131 ise <strong>2035<\/strong> y\u0131l\u0131na kadar <strong>megatonlara<\/strong> <strong>kadar<\/strong> <strong>\u00f6l\u00e7eklendirme<\/strong> potansiyeline eri\u015filmek istenmesi. RepAir Carbon\u2019a g\u00f6re kendi teknolojileri rakiplerindeki 2,5 MWh\u2019ye k\u0131yasla CO2 tonu ba\u015f\u0131na sadece 0,6 MWh kullanyor.<\/p>\n\n<p><span style=\"display: block; width: 343.125px; color: rgb(55, 58, 60); font-size: 14px; background-color: rgb(255, 249, 236);\"><\/span><\/p>\n<p>Kaynak :\u00a0<span style=\"background-color: rgb(255, 249, 236); color: rgb(55, 58, 60); font-size: 14px;\">https:\/\/www.donanimhaber.com\/ab-ilk-kara-tabanli-karbon-yakalama-ve-depolama-tesisini-kuruyor&#8211;180968<\/span><\/p>\n","protected":false},"excerpt":{"rendered":"<p>Hollanda merkezli karbon depolama giri\u015fimi C-Questra ve ABD merkezli karbon giderme \u015firketi RepAir Carbon aras\u0131nda yap\u0131lan ortakl\u0131k kapsam\u0131nda Avrupa Birli\u011fi\u2019nin (AB) ilk kara tabanl\u0131 karbondioksit (CO2) yakalama ve depolama projesi i\u00e7in d\u00fc\u011fmeye &#8230;<\/p>\n","protected":false},"author":1,"featured_media":72259,"comment_status":"open","ping_status":"open","sticky":false,"template":"","format":"standard","meta":{"footnotes":""},"categories":[8],"tags":[1718],"class_list":["post-72258","post","type-post","status-publish","format-standard","has-post-thumbnail","hentry","category-teknoloji","tag-co2"],"_links":{"self":[{"href":"https:\/\/ekamu.net\/index.php\/wp-json\/wp\/v2\/posts\/72258","targetHints":{"allow":["GET"]}}],"collection":[{"href":"https:\/\/ekamu.net\/index.php\/wp-json\/wp\/v2\/posts"}],"about":[{"href":"https:\/\/ekamu.net\/index.php\/wp-json\/wp\/v2\/types\/post"}],"author":[{"embeddable":true,"href":"https:\/\/ekamu.net\/index.php\/wp-json\/wp\/v2\/users\/1"}],"replies":[{"embeddable":true,"href":"https:\/\/ekamu.net\/index.php\/wp-json\/wp\/v2\/comments?post=72258"}],"version-history":[{"count":1,"href":"https:\/\/ekamu.net\/index.php\/wp-json\/wp\/v2\/posts\/72258\/revisions"}],"predecessor-version":[{"id":72262,"href":"https:\/\/ekamu.net\/index.php\/wp-json\/wp\/v2\/posts\/72258\/revisions\/72262"}],"wp:featuredmedia":[{"embeddable":true,"href":"https:\/\/ekamu.net\/index.php\/wp-json\/wp\/v2\/media\/72259"}],"wp:attachment":[{"href":"https:\/\/ekamu.net\/index.php\/wp-json\/wp\/v2\/media?parent=72258"}],"wp:term":[{"taxonomy":"category","embeddable":true,"href":"https:\/\/ekamu.net\/index.php\/wp-json\/wp\/v2\/categories?post=72258"},{"taxonomy":"post_tag","embeddable":true,"href":"https:\/\/ekamu.net\/index.php\/wp-json\/wp\/v2\/tags?post=72258"}],"curies":[{"name":"wp","href":"https:\/\/api.w.org\/{rel}","templated":true}]}}