{"id":72310,"date":"2024-08-21T17:12:05","date_gmt":"2024-08-21T17:12:05","guid":{"rendered":"https:\/\/ekamu.net\/?p=72310"},"modified":"2024-08-21T17:12:05","modified_gmt":"2024-08-21T17:12:05","slug":"abdde-istihdam-degisiminde-asagi-yonlu-revizyon","status":"publish","type":"post","link":"https:\/\/ekamu.net\/index.php\/2024\/08\/21\/abdde-istihdam-degisiminde-asagi-yonlu-revizyon\/","title":{"rendered":"ABD\u2019de istihdam de\u011fi\u015fiminde a\u015fa\u011f\u0131 y\u00f6nl\u00fc revizyon"},"content":{"rendered":"<p><p>ABD&#8217;de Mart ay\u0131na kadar olan y\u0131ldaki i\u015f b\u00fcy\u00fcmesi tahmin edilenden \u00e7ok daha d\u00fc\u015f\u00fck ger\u00e7ekle\u015fti. Buna g\u00f6re Nisan 2023-Mart 2024 aras\u0131ndaki istihdam de\u011fi\u015fimi a\u015fa\u011f\u0131 y\u00f6nl\u00fc 818 bine revize edildi.<\/p>\n<p>\u00c7al\u0131\u015fma Bakanl\u0131\u011f\u0131 \u00c7ar\u015famba g\u00fcn\u00fc yapt\u0131\u011f\u0131 a\u00e7\u0131klamada, Fed&#8217;in Eyl\u00fcl ay\u0131nda faiz oranlar\u0131n\u0131 d\u00fc\u015f\u00fcrmeye haz\u0131rlan\u0131rken i\u015fg\u00fcc\u00fc piyasas\u0131n\u0131n sa\u011fl\u0131\u011f\u0131 konusunda artan endi\u015felerini vurgulad\u0131.<\/p>\n<p>\u015eubat ay\u0131ndaki son revizyonda da bu say\u0131m devam ederse, Mart 2009&#8217;daki 902.000 ki\u015filik istihdam azalmas\u0131ndan bu yana en b\u00fcy\u00fck a\u015fa\u011f\u0131 y\u00f6nl\u00fc revizyon olacak.<\/p>\n<p>\u00d6te yandan mesleki ve ticari hizmetler kategorisinde, \u00f6nceki tahmine g\u00f6re 358 bin veya y\u00fczde 1,6&#8217;l\u0131k bir d\u00fc\u015f\u00fc\u015fle en b\u00fcy\u00fck i\u015f kayb\u0131 ya\u015fand\u0131. Bunu y\u00fczde 0,9 d\u00fc\u015f\u00fc\u015fle 150 bin i\u015f ile e\u011flence ve konaklama izledi. Zor durumdaki imalat sekt\u00f6r\u00fcnde, yine y\u00fczde 0,9 d\u00fc\u015f\u00fc\u015fle 115 bin i\u015f kayb\u0131 ya\u015fand\u0131.<\/p>\n\n<p><\/p>\n<p>Kaynak :\u00a0<span style=\"background-color: rgb(255, 249, 236); color: rgb(55, 58, 60); font-size: 14px;\">Bloomberg HT<\/span><\/p>\n<p><span style=\"display: block; width: 343.125px; color: rgb(55, 58, 60); font-size: 14px; background-color: rgb(255, 249, 236);\"><\/span><\/p>\n","protected":false},"excerpt":{"rendered":"<p>ABD\u2019de Nisan 2023-Mart 2024 aras\u0131ndaki istihdam de\u011fi\u015fimi a\u015fa\u011f\u0131 y\u00f6nl\u00fc 818 bin revize edildi.<\/p>\n","protected":false},"author":1,"featured_media":72311,"comment_status":"open","ping_status":"open","sticky":false,"template":"","format":"standard","meta":{"footnotes":""},"categories":[2],"tags":[90],"class_list":["post-72310","post","type-post","status-publish","format-standard","has-post-thumbnail","hentry","category-ekonomi","tag-is"],"_links":{"self":[{"href":"https:\/\/ekamu.net\/index.php\/wp-json\/wp\/v2\/posts\/72310","targetHints":{"allow":["GET"]}}],"collection":[{"href":"https:\/\/ekamu.net\/index.php\/wp-json\/wp\/v2\/posts"}],"about":[{"href":"https:\/\/ekamu.net\/index.php\/wp-json\/wp\/v2\/types\/post"}],"author":[{"embeddable":true,"href":"https:\/\/ekamu.net\/index.php\/wp-json\/wp\/v2\/users\/1"}],"replies":[{"embeddable":true,"href":"https:\/\/ekamu.net\/index.php\/wp-json\/wp\/v2\/comments?post=72310"}],"version-history":[{"count":1,"href":"https:\/\/ekamu.net\/index.php\/wp-json\/wp\/v2\/posts\/72310\/revisions"}],"predecessor-version":[{"id":72312,"href":"https:\/\/ekamu.net\/index.php\/wp-json\/wp\/v2\/posts\/72310\/revisions\/72312"}],"wp:featuredmedia":[{"embeddable":true,"href":"https:\/\/ekamu.net\/index.php\/wp-json\/wp\/v2\/media\/72311"}],"wp:attachment":[{"href":"https:\/\/ekamu.net\/index.php\/wp-json\/wp\/v2\/media?parent=72310"}],"wp:term":[{"taxonomy":"category","embeddable":true,"href":"https:\/\/ekamu.net\/index.php\/wp-json\/wp\/v2\/categories?post=72310"},{"taxonomy":"post_tag","embeddable":true,"href":"https:\/\/ekamu.net\/index.php\/wp-json\/wp\/v2\/tags?post=72310"}],"curies":[{"name":"wp","href":"https:\/\/api.w.org\/{rel}","templated":true}]}}