{"id":72401,"date":"2024-08-21T23:12:05","date_gmt":"2024-08-21T23:12:05","guid":{"rendered":"https:\/\/ekamu.net\/?p=72401"},"modified":"2024-08-21T23:12:05","modified_gmt":"2024-08-21T23:12:05","slug":"devlet-iki-yil-islenmeyen-tarim-arazisini-kiraya-verecek","status":"publish","type":"post","link":"https:\/\/ekamu.net\/index.php\/2024\/08\/21\/devlet-iki-yil-islenmeyen-tarim-arazisini-kiraya-verecek\/","title":{"rendered":"Devlet iki y\u0131l i\u015flenmeyen tar\u0131m arazisini kiraya verecek"},"content":{"rendered":"<p><p>Tar\u0131m ve Orman Bakanl\u0131\u011f\u0131, i\u015flenmeyen tar\u0131m arazileri i\u00e7in yeni bir karar ald\u0131. Buna g\u00f6re, \u00f6zel m\u00fclkiyette olan ve iki y\u0131l \u00fcst \u00fcste i\u015flenmeyen tar\u0131m arazilerinin kiralanmas\u0131na ili\u015fkin haz\u0131rlad\u0131\u011f\u0131 y\u00f6netmelik y\u00fcr\u00fcrl\u00fc\u011fe girdi.<\/p>\n<p>Resmi Gazete\u2019de yay\u0131mlanan y\u00f6netmelikte &#8221; Hazinenin \u00f6zel m\u00fclkiyetinde veya Devletin h\u00fck\u00fcm ve tasarrufu <b>alt\u0131nda<\/b> bulunan tar\u0131m arazileri hari\u00e7 olmak \u00fczere m\u00fclkiyeti ger\u00e7ek veya t\u00fczel ki\u015filere ait olup \u00fcst \u00fcste iki y\u0131l s\u00fcreyle i\u015flenmeyen tar\u0131m arazileri, arazinin vasf\u0131n\u0131n de\u011fi\u015ftirilmemesi ve kiralayan taraf\u0131ndan tar\u0131msal \u00fcretimde kullan\u0131lmas\u0131 \u015fart\u0131yla bu Y\u00f6netmelik h\u00fck\u00fcmleri \u00e7er\u00e7evesinde Bakanl\u0131k\u00e7a sezonluk olarak kiraya verilir.\u201d ifadeleri yer ald\u0131.<\/p>\n<p>Bakanl\u0131k\u00e7a kiraya verilecek tar\u0131m arazilerinin rayi\u00e7 kira bedelini tespit etmek ve kiralama i\u015flemlerini ger\u00e7ekle\u015ftirmek amac\u0131yla bir komisyon kurulacak.<\/p>\n\n<p><\/p>\n<p>Kaynak :\u00a0<span style=\"background-color: rgb(255, 249, 236); color: rgb(55, 58, 60); font-size: 14px;\">Bloomberg HT<\/span><\/p>\n<p><span style=\"display: block; width: 343.125px; color: rgb(55, 58, 60); font-size: 14px; background-color: rgb(255, 249, 236);\"><\/span><\/p>\n","protected":false},"excerpt":{"rendered":"<p>Resmi Gazete&#8217;de yay\u0131mlanan karara g\u00f6re, m\u00fclkiyeti ger\u00e7ek\/t\u00fczel ki\u015filere ait olan ve 2 y\u0131l i\u015flenmeyen tar\u0131m arazileri bakanl\u0131k taraf\u0131ndan tar\u0131msal ama\u00e7la kiralanabilecek.<\/p>\n","protected":false},"author":1,"featured_media":72402,"comment_status":"open","ping_status":"open","sticky":false,"template":"","format":"standard","meta":{"footnotes":""},"categories":[2],"tags":[527,4057],"class_list":["post-72401","post","type-post","status-publish","format-standard","has-post-thumbnail","hentry","category-ekonomi","tag-kira","tag-tarim-arazileri"],"_links":{"self":[{"href":"https:\/\/ekamu.net\/index.php\/wp-json\/wp\/v2\/posts\/72401","targetHints":{"allow":["GET"]}}],"collection":[{"href":"https:\/\/ekamu.net\/index.php\/wp-json\/wp\/v2\/posts"}],"about":[{"href":"https:\/\/ekamu.net\/index.php\/wp-json\/wp\/v2\/types\/post"}],"author":[{"embeddable":true,"href":"https:\/\/ekamu.net\/index.php\/wp-json\/wp\/v2\/users\/1"}],"replies":[{"embeddable":true,"href":"https:\/\/ekamu.net\/index.php\/wp-json\/wp\/v2\/comments?post=72401"}],"version-history":[{"count":1,"href":"https:\/\/ekamu.net\/index.php\/wp-json\/wp\/v2\/posts\/72401\/revisions"}],"predecessor-version":[{"id":72403,"href":"https:\/\/ekamu.net\/index.php\/wp-json\/wp\/v2\/posts\/72401\/revisions\/72403"}],"wp:featuredmedia":[{"embeddable":true,"href":"https:\/\/ekamu.net\/index.php\/wp-json\/wp\/v2\/media\/72402"}],"wp:attachment":[{"href":"https:\/\/ekamu.net\/index.php\/wp-json\/wp\/v2\/media?parent=72401"}],"wp:term":[{"taxonomy":"category","embeddable":true,"href":"https:\/\/ekamu.net\/index.php\/wp-json\/wp\/v2\/categories?post=72401"},{"taxonomy":"post_tag","embeddable":true,"href":"https:\/\/ekamu.net\/index.php\/wp-json\/wp\/v2\/tags?post=72401"}],"curies":[{"name":"wp","href":"https:\/\/api.w.org\/{rel}","templated":true}]}}