{"id":72423,"date":"2024-08-22T07:36:07","date_gmt":"2024-08-22T07:36:07","guid":{"rendered":"https:\/\/ekamu.net\/?p=72423"},"modified":"2024-08-22T07:36:07","modified_gmt":"2024-08-22T07:36:07","slug":"apple-turkiyeden-icloud-paketlerine-yuzde-100-zam","status":"publish","type":"post","link":"https:\/\/ekamu.net\/index.php\/2024\/08\/22\/apple-turkiyeden-icloud-paketlerine-yuzde-100-zam\/","title":{"rendered":"Apple T\u00fcrkiye\u2019den iCloud paketlerine y\u00fczde 100 zam"},"content":{"rendered":"<p><figure> <span> <img decoding=\"async\" src=\"https:\/\/ekamu.net\/wp-content\/uploads\/2024\/08\/apple-turkiyeden-icloud-paketlerine-yuzde-100-zam-0-2hPU7Vll.jpg\"\/> <\/span> iCloud+, iCloud hizmetinizi iCloud \u00d6zel Ge\u00e7i\u015fi, E-postam\u0131 Gizle, HomeKit G\u00fcvenli Video deste\u011fi ve t\u00fcm verileriniz i\u00e7in ihtiya\u00e7 duydu\u011funuz saklama alan\u0131 gibi \u00f6zelliklerle geni\u015fleten bir hizmet konumunda. \u00dccretsiz 5 GB saklama alan\u0131 sunan iCloud\u2019unuzu iCloud+&#8217;a y\u00fckseltti\u011finizde, sizi ve verilerinizi koruyan geli\u015fmi\u015f gizlilik \u00f6zelliklerinin yan\u0131 s\u0131ra daha da fazla saklama alan\u0131na sahip oluyorsunuz. Apple T\u00fcrkiye ise iCloud+ paketlerine y\u00fczde 100 zam yaparak bu avantajlar\u0131n maliyetlerini art\u0131rd\u0131. <\/figure>\n<p><b>iCloud fiyat\u0131 ne kadar oldu?<\/b><\/p>\n<p>Apple, k\u0131sa bir s\u00fcre \u00f6nce <strong>iCloud+<\/strong> paketlerine <strong>T\u00fcrkiye\u2019<\/strong>de <strong>ciddi bir zam<\/strong> yapt\u0131. Yeni zam sonras\u0131nda 50 GB\u2019l\u0131k paket ayl\u0131k\u00a012,99 TL\u2019den <strong>24,99 TL<\/strong>\u2019ye \u00e7\u0131kt\u0131.\u00a0200 GB\u2019l\u0131k paket ayl\u0131k\u00a039,99 TL\u2019den <strong>79,99 TL<\/strong>\u2019ye,\u00a02 TB\u2019l\u0131k paket ayl\u0131k\u00a0129,99 TL\u2019den <strong>249,99 TL<\/strong>\u2019ye,\u00a06 TB\u2019l\u0131k paket ayl\u0131k\u00a0899,99 TL\u2019den <strong>1.299,99 TL<\/strong>\u2019ye,\u00a012 TB\u2019l\u0131k paket ise ayl\u0131k\u00a01.799,99 TL\u2019den <strong>2.499,99 TL<\/strong>\u2019ye\u00a0y\u00fckseldi.<\/p>\n<ul>\n<li><strong>iCloud+ 50 GB<\/strong>: 24,99 TL<\/li>\n<li><strong>iCloud+ 200 GB<\/strong>: 79,99 TL<\/li>\n<li><strong>iCloud+ 2 TB<\/strong>: 249,99 TL<\/li>\n<li><strong>iCloud+ 6 TB<\/strong>: 1.299,99 TL<\/li>\n<li><strong>iCloud+ 12 TB<\/strong>: 2.499,99 TL<\/li>\n<\/ul>\n<p>Apple, t\u00fcm cihazlar\u0131nda iCloud\u2019u yerle\u015fik olarak sunuyor. Bu servis ile foto\u011fraflar\u0131n\u0131z, videolar\u0131n\u0131z, notlar\u0131n\u0131z ve daha fazlas\u0131 g\u00fcvende kal\u0131yor, otomatik olarak yedekleniyor ve t\u00fcm\u00fcne her yerden eri\u015febiliyorsunuz. Ancak iCloud\u2019un sadece 5GB saklama alan\u0131 \u00fccretsiz. iCloud+ ise daha fazla saklama alan\u0131 ve di\u011fer avantajlar i\u00e7in ayl\u0131k \u00fccret talep ediyor. Apple\u2019\u0131n bir \u00f6nceki iCloud+ zamm\u0131 ge\u00e7ti\u011fimiz y\u0131l\u0131n haziran ay\u0131nda gelmi\u015fti ve o d\u00f6nem de fiyatlar y\u00fczde 100 artm\u0131\u015ft\u0131.<\/p>\n\n<p><span style=\"display: block; width: 343.125px; color: rgb(55, 58, 60); font-size: 14px; background-color: rgb(255, 249, 236);\"><\/span><\/p>\n<p>Kaynak :\u00a0<span style=\"background-color: rgb(255, 249, 236); color: rgb(55, 58, 60); font-size: 14px;\">https:\/\/www.donanimhaber.com\/apple-turkiye-den-icloud-paketlerine-yuzde-100-zam&#8211;181006<\/span><\/p>\n","protected":false},"excerpt":{"rendered":"<p>iCloud+, iCloud hizmetinizi iCloud \u00d6zel Ge\u00e7i\u015fi, E-postam\u0131 Gizle, HomeKit G\u00fcvenli Video deste\u011fi ve t\u00fcm verileriniz i\u00e7in ihtiya\u00e7 duydu\u011funuz saklama alan\u0131 gibi \u00f6zelliklerle geni\u015fleten bir hizmet konumunda. \u00dccretsiz 5 GB saklama alan\u0131 sunan iCloud &#8230;<\/p>\n","protected":false},"author":1,"featured_media":72424,"comment_status":"open","ping_status":"open","sticky":false,"template":"","format":"standard","meta":{"footnotes":""},"categories":[8],"tags":[450,2917,2825,2648,4060],"class_list":["post-72423","post","type-post","status-publish","format-standard","has-post-thumbnail","hentry","category-teknoloji","tag-aylik","tag-icloud","tag-paket","tag-tlye","tag-tlden"],"_links":{"self":[{"href":"https:\/\/ekamu.net\/index.php\/wp-json\/wp\/v2\/posts\/72423","targetHints":{"allow":["GET"]}}],"collection":[{"href":"https:\/\/ekamu.net\/index.php\/wp-json\/wp\/v2\/posts"}],"about":[{"href":"https:\/\/ekamu.net\/index.php\/wp-json\/wp\/v2\/types\/post"}],"author":[{"embeddable":true,"href":"https:\/\/ekamu.net\/index.php\/wp-json\/wp\/v2\/users\/1"}],"replies":[{"embeddable":true,"href":"https:\/\/ekamu.net\/index.php\/wp-json\/wp\/v2\/comments?post=72423"}],"version-history":[{"count":1,"href":"https:\/\/ekamu.net\/index.php\/wp-json\/wp\/v2\/posts\/72423\/revisions"}],"predecessor-version":[{"id":72426,"href":"https:\/\/ekamu.net\/index.php\/wp-json\/wp\/v2\/posts\/72423\/revisions\/72426"}],"wp:featuredmedia":[{"embeddable":true,"href":"https:\/\/ekamu.net\/index.php\/wp-json\/wp\/v2\/media\/72424"}],"wp:attachment":[{"href":"https:\/\/ekamu.net\/index.php\/wp-json\/wp\/v2\/media?parent=72423"}],"wp:term":[{"taxonomy":"category","embeddable":true,"href":"https:\/\/ekamu.net\/index.php\/wp-json\/wp\/v2\/categories?post=72423"},{"taxonomy":"post_tag","embeddable":true,"href":"https:\/\/ekamu.net\/index.php\/wp-json\/wp\/v2\/tags?post=72423"}],"curies":[{"name":"wp","href":"https:\/\/api.w.org\/{rel}","templated":true}]}}