{"id":72497,"date":"2024-08-22T11:12:06","date_gmt":"2024-08-22T11:12:06","guid":{"rendered":"https:\/\/ekamu.net\/?p=72497"},"modified":"2024-08-22T11:12:06","modified_gmt":"2024-08-22T11:12:06","slug":"asyada-ilk-maymun-cicegi-vakasi","status":"publish","type":"post","link":"https:\/\/ekamu.net\/index.php\/2024\/08\/22\/asyada-ilk-maymun-cicegi-vakasi\/","title":{"rendered":"Asya&#8217;da ilk maymun \u00e7i\u00e7e\u011fi vakas\u0131"},"content":{"rendered":"<div>\n<p>Maymun \u00e7i\u00e7e\u011fi (M \u00e7i\u00e7e\u011fi) vir\u00fcs\u00fc her ge\u00e7en g\u00fcn daha \u00e7ok g\u00fcndeme gelirken, Asya&#8217;da da ilk vaka g\u00f6r\u00fcld\u00fc.<\/p>\n<p>Tayland ilk vakan\u0131n g\u00f6r\u00fcld\u00fc\u011f\u00fcn\u00fc duyurdu.<\/p>\n<p>D\u00fcnya Sa\u011fl\u0131k \u00d6rg\u00fct\u00fc&#8217;n\u00fcn (DS\u00d6) M \u00e7i\u00e7e\u011fi vir\u00fcs\u00fcn\u00fcn yay\u0131lmas\u0131n\u0131 &#8220;uluslararas\u0131 \u00f6neme sahip bir halk sa\u011fl\u0131\u011f\u0131 acil durumu&#8221; olarak tan\u0131mas\u0131n\u0131n ard\u0131ndan vir\u00fcs\u00fcn yol a\u00e7t\u0131\u011f\u0131 hastal\u0131k merak konusu olmu\u015ftuu.<\/p>\n<p>DS\u00d6 Genel Direkt\u00f6r\u00fc Tedros Adhanom Ghebreyesus&#8217;un, &#8220;DS\u00d6 Acil Durum Komitesi bug\u00fcn topland\u0131 ve bana (M \u00e7i\u00e7e\u011fi vir\u00fcs\u00fcyle ilgili) durumun uluslararas\u0131 \u00f6neme sahip bir halk sa\u011fl\u0131\u011f\u0131 acil durumu olu\u015fturdu\u011fu tavsiye g\u00f6r\u00fc\u015f\u00fcn\u00fc bildirdi. Bu tavsiyeyi kabul ettim.&#8221; a\u00e7\u0131klamas\u0131, bir\u00e7ok \u00fclkede endi\u015feyle kar\u015f\u0131land\u0131.<\/p>\n<\/div>\n<div>\n<p>Afrika Birli\u011fi Hastal\u0131k Kontrol ve \u00d6nleme Merkezinin (Africa CDC) payla\u015ft\u0131\u011f\u0131 verilere g\u00f6re, Afrika&#8217;da 13 \u00fclkede M \u00e7i\u00e7e\u011fi vir\u00fcs\u00fc vakas\u0131na rastland\u0131.<\/p>\n<p>Bu \u00fclkeler G\u00fcney Afrika, Kenya, Ruanda, Uganda, Kongo Demokratik Cumhuriyeti, Burundi, Orta Afrika Cumhuriyeti, Kongo Cumhuriyeti, Kamerun, Nijerya, Fildi\u015fi Sahili, Gana ve Liberya.<\/p>\n<p>Afrika CDC&#8217;ye g\u00f6re, 13 Afrika \u00fclkesinde vaka say\u0131s\u0131 17 bin 541 olurken hastal\u0131\u011fa ba\u011fl\u0131 517 \u00f6l\u00fcm kay\u0131tlara ge\u00e7ti. Temmuz sonu itibar\u0131yla 2023&#8217;\u00fcn ayn\u0131 d\u00f6nemine k\u0131yasla vaka say\u0131lar\u0131nda y\u00fczde 160&#8217;l\u0131k bir art\u0131\u015f g\u00f6r\u00fcld\u00fc.<\/p>\n<p>M \u00e7i\u00e7e\u011fi vir\u00fcs\u00fcnden kaynakl\u0131 \u00f6l\u00fcmlerin y\u00fczde 97&#8217;si Kongo Demokratik Cumhuriyetinde ger\u00e7ekle\u015fti.<\/p>\n<p><b><strong> A\u015f\u0131 faaliyetleri<\/strong><\/b><\/p>\n<p>\u00c7e\u015fitli \u00fclkelerin sa\u011fl\u0131k kurumlar\u0131n\u0131n payla\u015ft\u0131\u011f\u0131 bilgilere g\u00f6re, \u00e7i\u00e7ek hastal\u0131\u011f\u0131na kar\u015f\u0131 kullan\u0131lan a\u015f\u0131lar\u0131n M \u00e7i\u00e7e\u011fi vir\u00fcs\u00fc i\u00e7in de etkin koruma sa\u011flayabilece\u011fi ifade ediliyor.<\/p>\n<p>ABD Hastal\u0131k Kontrol ve Korunma Merkezleri&#8217;nin sitesinde, JYNNEOS a\u015f\u0131s\u0131n\u0131n M \u00e7i\u00e7e\u011fi riskini azaltmada etkili oldu\u011fu belirtiliyor. En etkili y\u00f6ntem olarak 28 g\u00fcn arayla iki doz uygulama tavsiye ediliyor.<\/p>\n<p>Avrupa Birli\u011fi (AB) Komisyonu&#8217;nun internet sitesinde de &#8220;MVA-BN&#8221; veya &#8220;Modifiye A\u015f\u0131 Ankara-Bavarian Nordic&#8221;, AB ve \u0130ngiltere&#8217;de onayl\u0131 tek M \u00e7i\u00e7e\u011fi a\u015f\u0131s\u0131 oldu\u011fu ifade ediliyor. Bu a\u015f\u0131n\u0131n ABD ve \u0130svi\u00e7re&#8217;de JYNNEOS, Kanada&#8217;da IMVAMUNE ismiyle pazarland\u0131\u011f\u0131 belirtiliyor. A\u015f\u0131 18 ya\u015f ve \u00fcst\u00fc ki\u015filer i\u00e7in kullan\u0131labiliyor.<\/p>\n<p>Avustralya Sa\u011fl\u0131k Bakanl\u0131\u011f\u0131&#8217;n\u0131n internet sitesinde de M \u00e7i\u00e7e\u011fine kar\u015f\u0131 JYNNEOS ve ACAM2000 a\u015f\u0131lar\u0131n\u0131n kullan\u0131labilece\u011fi belirtiliyor. ACAM2000&#8217;in 12 ayl\u0131ktan k\u00fc\u00e7\u00fck bebekler i\u00e7in kullan\u0131m\u0131n\u0131n uygun olmad\u0131\u011f\u0131 aktar\u0131l\u0131yor.<\/p>\n<p>DS\u00d6, 9 A\u011fustos&#8217;ta a\u015f\u0131 \u00fcreticilerine yapt\u0131\u011f\u0131 \u00e7a\u011fr\u0131da acil kullan\u0131m listesine y\u00f6nelik s\u00fcrecin ba\u015flat\u0131ld\u0131\u011f\u0131n\u0131 duyurdu. DS\u00d6 ayr\u0131ca iki a\u015f\u0131n\u0131n Acil Kullan\u0131m Listesi i\u00e7in de\u011ferlendirildi\u011fini duyurmu\u015ftu.<\/p>\n<\/div>\n<p><\/p>\n<p>Kaynak :\u00a0<span style=\"background-color: rgb(255, 249, 236); color: rgb(55, 58, 60); font-size: 14px;\">Bloomberg HT<\/span><\/p>\n<p><span style=\"display: block; width: 343.125px; color: rgb(55, 58, 60); font-size: 14px; background-color: rgb(255, 249, 236);\"><\/span><\/p>\n","protected":false},"excerpt":{"rendered":"<p>Tayland ilk maymun \u00e7i\u00e7e\u011fi vakas\u0131n\u0131 teyit etti. B\u00f6ylelikle Asya&#8217;da ilk kez maymun \u00e7i\u00e7e\u011fi vakas\u0131 g\u00f6r\u00fclm\u00fc\u015f oldu.<\/p>\n","protected":false},"author":1,"featured_media":72498,"comment_status":"open","ping_status":"open","sticky":false,"template":"","format":"standard","meta":{"footnotes":""},"categories":[2],"tags":[2153,980,2269,3860,4068],"class_list":["post-72497","post","type-post","status-publish","format-standard","has-post-thumbnail","hentry","category-ekonomi","tag-acil","tag-afrika","tag-asi","tag-dso","tag-vaka"],"_links":{"self":[{"href":"https:\/\/ekamu.net\/index.php\/wp-json\/wp\/v2\/posts\/72497","targetHints":{"allow":["GET"]}}],"collection":[{"href":"https:\/\/ekamu.net\/index.php\/wp-json\/wp\/v2\/posts"}],"about":[{"href":"https:\/\/ekamu.net\/index.php\/wp-json\/wp\/v2\/types\/post"}],"author":[{"embeddable":true,"href":"https:\/\/ekamu.net\/index.php\/wp-json\/wp\/v2\/users\/1"}],"replies":[{"embeddable":true,"href":"https:\/\/ekamu.net\/index.php\/wp-json\/wp\/v2\/comments?post=72497"}],"version-history":[{"count":1,"href":"https:\/\/ekamu.net\/index.php\/wp-json\/wp\/v2\/posts\/72497\/revisions"}],"predecessor-version":[{"id":72499,"href":"https:\/\/ekamu.net\/index.php\/wp-json\/wp\/v2\/posts\/72497\/revisions\/72499"}],"wp:featuredmedia":[{"embeddable":true,"href":"https:\/\/ekamu.net\/index.php\/wp-json\/wp\/v2\/media\/72498"}],"wp:attachment":[{"href":"https:\/\/ekamu.net\/index.php\/wp-json\/wp\/v2\/media?parent=72497"}],"wp:term":[{"taxonomy":"category","embeddable":true,"href":"https:\/\/ekamu.net\/index.php\/wp-json\/wp\/v2\/categories?post=72497"},{"taxonomy":"post_tag","embeddable":true,"href":"https:\/\/ekamu.net\/index.php\/wp-json\/wp\/v2\/tags?post=72497"}],"curies":[{"name":"wp","href":"https:\/\/api.w.org\/{rel}","templated":true}]}}