{"id":72578,"date":"2024-08-22T15:12:06","date_gmt":"2024-08-22T15:12:06","guid":{"rendered":"https:\/\/ekamu.net\/?p=72578"},"modified":"2024-08-22T15:12:06","modified_gmt":"2024-08-22T15:12:06","slug":"microsofttan-kvkknin-yeni-yonetmeligi-hakkinda-aciklama-kisisel-veriler-yurt-disina-aktarilacak","status":"publish","type":"post","link":"https:\/\/ekamu.net\/index.php\/2024\/08\/22\/microsofttan-kvkknin-yeni-yonetmeligi-hakkinda-aciklama-kisisel-veriler-yurt-disina-aktarilacak\/","title":{"rendered":"Microsoft&#8217;tan KVKK&#8217;n\u0131n yeni y\u00f6netmeli\u011fi hakk\u0131nda a\u00e7\u0131klama: Ki\u015fisel veriler yurt d\u0131\u015f\u0131na aktar\u0131lacak"},"content":{"rendered":"<p><figure> <span> <img decoding=\"async\" src=\"https:\/\/ekamu.net\/wp-content\/uploads\/2024\/08\/microsofttan-kvkknin-yeni-yonetmeligi-hakkinda-aciklama-kisisel-veriler-yurt-disina-aktarilacak-0-dlRKR21P.jpg\"\/> <\/span> Ki\u015fisel Verileri Koruma Kurumu\u2019nun (<strong>KVKK<\/strong>), 12 Mart 2024 tarihinde yay\u0131mlanan ve 1 Haziran 2024 tarihinde y\u00fcr\u00fcrl\u00fc\u011fe giren d\u00fczenleme ile <strong>ki\u015fisel verilerin<\/strong> <strong>yurt d\u0131\u015f\u0131na aktar\u0131m\u0131na<\/strong> izin verilmeye ba\u015fland\u0131 <\/figure>\n<p>6698 say\u0131l\u0131 KVKK\u2019n\u0131n 9. maddesinde yap\u0131lan d\u00fczenleme ile T\u00fcrkiye\u2019deki kullan\u0131c\u0131lar\u0131n ki\u015fisel verilerinin yurt d\u0131\u015f\u0131na aktar\u0131m\u0131 h\u00fck\u00fcmleri, Avrupa Birli\u011finin Genel Veri Koruma Reg\u00fclasyonu (GPDR) ile uyumlu hale getirildi. B\u00f6ylelikle uluslararas\u0131 \u015firketlerin T\u00fcrkiye\u2019de k\u00fcresel hizmet vermesi kolayla\u015ft\u0131r\u0131ld\u0131.\u00a0<\/p>\n<p><strong>Microsoft T\u00fcrkiye Genel M\u00fcd\u00fcr\u00fc Levent \u00d6zbilgin<\/strong>, yeni d\u00fczenleme hakk\u0131nda a\u00e7\u0131klama yapt\u0131. \u201cHaftaya harika bir haber ile devam ediyoruz\u201d ifadelerini kullanan \u00d6zbilgin, \u015funlar\u0131 s\u00f6yledi:<\/p>\n<p><em>\u201cT\u00fcrkiye\u2019de halihaz\u0131rda Microsoft bulut hizmetlerini kullanan veya kullanacak olan her kurumsal m\u00fc\u015fteri, i\u015fledi\u011fi ki\u015fisel verileri g\u00fcvenle Microsoft bulutunda konumlayabilecek ve m\u00fc\u015fterilerine global \u00e7apta en \u00fcst seviyede reg\u00fclatif uyumluluk sunan Microsoft\u2019un hizmetlerinden faydalanabilecek.\u201d<\/em><\/p>\n<p>Microsoft T\u00fcrkiye Genel M\u00fcd\u00fcr\u00fc \u00d6zbilgin, ayr\u0131ca yeni d\u00fczenlemenin yasala\u015fmas\u0131 hususunda Ki\u015fisel Verileri Koruma kurulu ve t\u00fcm payda\u015flara te\u015fekk\u00fcr etti.<\/p>\n<p><b>Microsoft T\u00fcrkiye Genel M\u00fcd\u00fcr\u00fc Levent \u00d6zbilgin\u2019in a\u00e7\u0131klamas\u0131 \u015fu \u015fekilde:<\/b><\/p>\n<p><figure> <span> <img decoding=\"async\" src=\"https:\/\/ekamu.net\/wp-content\/uploads\/2024\/08\/microsofttan-kvkknin-yeni-yonetmeligi-hakkinda-aciklama-kisisel-veriler-yurt-disina-aktarilacak-1-FaUeWiKM.jpg\"\/> <\/span> <\/figure>\n<\/p>\n<p>\u201cHaftaya harika bir haber ile devam ediyoruz.\u00a0<\/p>\n<p>Bildi\u011finiz gibi, 12 Mart 2024 tarihli Resmi Gazete\u2019de yay\u0131mlanan ve 1 Haziran 2024 tarihinde y\u00fcr\u00fcrl\u00fc\u011fe giren 6698 say\u0131l\u0131 Ki\u015fisel Verilerin Korunmas\u0131 Kanunu\u2019nun yurt d\u0131\u015f\u0131na ki\u015fisel veri aktar\u0131m\u0131n\u0131 d\u00fczenleyen 9\u2019uncu maddesi, Avrupa Birli\u011fi Genel Veri Koruma Reg\u00fclasyonu (General Data Protection Regulation \u2013 GDPR) ile uyumlu hale geldi.<\/p>\n<p>Getirilen yeni d\u00fczenleme \u00e7er\u00e7evesinde biz de gerekli \u00e7al\u0131\u015fmalar\u0131 yaparak, m\u00fc\u015fterilerimizin mevzuata uyumluluklar\u0131n\u0131 sa\u011flamak konusunda \u00f6nemli ad\u0131mlar att\u0131k. En nihayetinde, 10 Temmuz 2024 tarihinde Ki\u015fisel Verileri Koruma Kurumu (KVKK) taraf\u0131ndan yay\u0131mlanan Standart S\u00f6zle\u015fmelerin, kurumsal anla\u015fma paketimizin bir par\u00e7as\u0131 haline getirilmesini sa\u011flad\u0131k.\u00a0<\/p>\n<p>B\u00f6ylece T\u00fcrkiye\u2019de halihaz\u0131rda Microsoft bulut hizmetlerini kullanan veya kullanacak olan her kurumsal m\u00fc\u015fteri, i\u015fledi\u011fi ki\u015fisel verileri g\u00fcvenle Microsoft bulutunda konumlayabilecek ve m\u00fc\u015fterilerine global \u00e7apta en \u00fcst seviyede reg\u00fclatif uyumluluk sunan Microsoft\u2019un hizmetlerinden faydalanabilecek.\u201d<\/p>\n<p>Yeni d\u00fczenlemenin yasala\u015fmas\u0131 hususunda ba\u015fta Ki\u015fisel Verileri Koruma Kurumu olmak \u00fczere t\u00fcm payda\u015flar\u0131m\u0131za \u00e7ok te\u015fekk\u00fcrler.&#8221;<\/p>\n\n<p><span style=\"display: block; width: 343.125px; color: rgb(55, 58, 60); font-size: 14px; background-color: rgb(255, 249, 236);\"><\/span><\/p>\n<p>Kaynak :\u00a0<span style=\"background-color: rgb(255, 249, 236); color: rgb(55, 58, 60); font-size: 14px;\">https:\/\/www.donanimhaber.com\/microsoft-tan-kvkk-nin-yeni-yonetmeligi-hakkinda-aciklama&#8211;181029<\/span><\/p>\n","protected":false},"excerpt":{"rendered":"<p>Ki\u015fisel Verileri Koruma Kurumu\u2019nun (KVKK), 12 Mart 2024 tarihinde yay\u0131mlanan ve 1 Haziran 2024 tarihinde y\u00fcr\u00fcrl\u00fc\u011fe giren d\u00fczenleme ile ki\u015fisel verilerin yurt d\u0131\u015f\u0131na aktar\u0131m\u0131na izin verilmeye ba\u015fland\u0131 6698 say\u0131l\u0131 KVKK\u2019n\u0131n 9. maddesinde yap\u0131lan &#8230;<\/p>\n","protected":false},"author":1,"featured_media":72579,"comment_status":"open","ping_status":"open","sticky":false,"template":"","format":"standard","meta":{"footnotes":""},"categories":[8],"tags":[1655,741,748,563,80],"class_list":["post-72578","post","type-post","status-publish","format-standard","has-post-thumbnail","hentry","category-teknoloji","tag-duzenleme","tag-hizmet","tag-koruma","tag-microsoft","tag-turkiye"],"_links":{"self":[{"href":"https:\/\/ekamu.net\/index.php\/wp-json\/wp\/v2\/posts\/72578","targetHints":{"allow":["GET"]}}],"collection":[{"href":"https:\/\/ekamu.net\/index.php\/wp-json\/wp\/v2\/posts"}],"about":[{"href":"https:\/\/ekamu.net\/index.php\/wp-json\/wp\/v2\/types\/post"}],"author":[{"embeddable":true,"href":"https:\/\/ekamu.net\/index.php\/wp-json\/wp\/v2\/users\/1"}],"replies":[{"embeddable":true,"href":"https:\/\/ekamu.net\/index.php\/wp-json\/wp\/v2\/comments?post=72578"}],"version-history":[{"count":1,"href":"https:\/\/ekamu.net\/index.php\/wp-json\/wp\/v2\/posts\/72578\/revisions"}],"predecessor-version":[{"id":72582,"href":"https:\/\/ekamu.net\/index.php\/wp-json\/wp\/v2\/posts\/72578\/revisions\/72582"}],"wp:featuredmedia":[{"embeddable":true,"href":"https:\/\/ekamu.net\/index.php\/wp-json\/wp\/v2\/media\/72579"}],"wp:attachment":[{"href":"https:\/\/ekamu.net\/index.php\/wp-json\/wp\/v2\/media?parent=72578"}],"wp:term":[{"taxonomy":"category","embeddable":true,"href":"https:\/\/ekamu.net\/index.php\/wp-json\/wp\/v2\/categories?post=72578"},{"taxonomy":"post_tag","embeddable":true,"href":"https:\/\/ekamu.net\/index.php\/wp-json\/wp\/v2\/tags?post=72578"}],"curies":[{"name":"wp","href":"https:\/\/api.w.org\/{rel}","templated":true}]}}