{"id":72967,"date":"2024-08-23T20:24:05","date_gmt":"2024-08-23T20:24:05","guid":{"rendered":"https:\/\/ekamu.net\/?p=72967"},"modified":"2024-08-23T20:24:05","modified_gmt":"2024-08-23T20:24:05","slug":"apple-m4-islemcili-macleri-test-etmeye-basladi","status":"publish","type":"post","link":"https:\/\/ekamu.net\/index.php\/2024\/08\/23\/apple-m4-islemcili-macleri-test-etmeye-basladi\/","title":{"rendered":"Apple, M4 i\u015flemcili Mac&#8217;leri test etmeye ba\u015flad\u0131"},"content":{"rendered":"<p><figure> <span> <img decoding=\"async\" src=\"https:\/\/ekamu.net\/wp-content\/uploads\/2024\/08\/apple-m4-islemcili-macleri-test-etmeye-basladi-0-uCqeMCOq.jpg\"\/> <\/span> Bloomberg taraf\u0131ndan fark edilen geli\u015ftirici test g\u00fcnl\u00fcklerine g\u00f6re, <strong>Apple<\/strong> \u00fc\u00e7\u00fcnc\u00fc parti uygulamalarla uyumlulu\u011fu sa\u011flamak i\u00e7in piyasaya s\u00fcr\u00fclmemi\u015f Mac modellerini test etmeye ba\u015flad\u0131. Test edilen Mac&#8217;ler <strong>&#8220;16,1&#8221;, &#8220;16,2&#8221;, &#8220;16,3&#8221; ve &#8220;16,10&#8221;<\/strong> olarak tan\u0131mlan\u0131yor. Mac\u2019lerin \u00fc\u00e7\u00fcnde 10 \u00e7ekirdekli CPU ve 10 \u00e7ekirdekli GPU var. D\u00f6rd\u00fcnc\u00fc modelde 8 \u00e7ekirdekli CPU ve 8 \u00e7ekirdekli GPU bulunuyor ki bu, \u015fimdiye kadar g\u00f6rd\u00fc\u011f\u00fcm\u00fcz bir M4 yap\u0131land\u0131rmas\u0131 de\u011fil. D\u00f6rt M4 i\u015flemcili Mac\u2019te de 16GB veya 32GB bellek var. <\/figure>\n<p>256 GB ve 512 GB iPad Pro modelinde kullan\u0131lan M4 \u00e7ipte 9 \u00e7ekirdekli CPU ve 10 \u00e7ekirdekli GPU bulunurken, 1 TB ve 2 TB modellerinde kullan\u0131lan \u00e7ipte 10 \u00e7ekirdekli CPU ve 10 \u00e7ekirdekli GPU bulunuyor. Mac modellerinde de bu \u00e7ip bulunacak.<\/p>\n<p>Gurman, \u00fcst d\u00fczey \u200cMac mini\u200c ve <strong>14 in\u00e7 MacBook Pro <\/strong>modellerinin yan\u0131 s\u0131ra <strong>16 in\u00e7 MacBook Pro<\/strong>&#8216;da kullan\u0131lacak olan M4 Pro veya M4 Max \u00e7iplerinden bahsetmiyor. M4 Pro ve M4 Max \u00e7ipleri daha fazla CPU ve GPU \u00e7ekirde\u011fine ve daha fazla maksimum belle\u011fe sahip olacak ancak \u015fu anda test edilen modellerde temel M4 \u00e7ipi bulunuyor.<\/p>\n<p>Apple\u2019\u0131n bu y\u0131l i\u00e7inde muhtemelen <strong>Ekim ay\u0131nda<\/strong> \u00f6ncelikle MacBook Pro ve Mac mini\u2019yi M4 \u00e7iple yenilemesi bekleniyor. iMac\u2019i de bu sonbaharda g\u00f6rebiliriz ancak M4 MacBook Air, 2025\u2019e kadar \u00e7\u0131kmayacakt\u0131r.<\/p>\n\n<p><span style=\"display: block; width: 343.125px; color: rgb(55, 58, 60); font-size: 14px; background-color: rgb(255, 249, 236);\"><\/span><\/p>\n<p>Kaynak :\u00a0<span style=\"background-color: rgb(255, 249, 236); color: rgb(55, 58, 60); font-size: 14px;\">https:\/\/www.donanimhaber.com\/apple-m4-cipli-mac-leri-test-etmeye-basladi&#8211;181090<\/span><\/p>\n","protected":false},"excerpt":{"rendered":"<p>Bloomberg taraf\u0131ndan fark edilen geli\u015ftirici test g\u00fcnl\u00fcklerine g\u00f6re, Apple \u00fc\u00e7\u00fcnc\u00fc parti uygulamalarla uyumlulu\u011fu sa\u011flamak i\u00e7in piyasaya s\u00fcr\u00fclmemi\u015f Mac modellerini test etmeye ba\u015flad\u0131. Test edilen Mac&#8217;ler &#8220;16,1&#8221;, &#8220;16,2&#8221;, &#8220;16,3&#8221; ve &#8220;16,10&#8221; olarak &#8230;<\/p>\n","protected":false},"author":1,"featured_media":72968,"comment_status":"open","ping_status":"open","sticky":false,"template":"","format":"standard","meta":{"footnotes":""},"categories":[8],"tags":[498,523,1190,558],"class_list":["post-72967","post","type-post","status-publish","format-standard","has-post-thumbnail","hentry","category-teknoloji","tag-cip","tag-gpu","tag-mac","tag-pro"],"_links":{"self":[{"href":"https:\/\/ekamu.net\/index.php\/wp-json\/wp\/v2\/posts\/72967","targetHints":{"allow":["GET"]}}],"collection":[{"href":"https:\/\/ekamu.net\/index.php\/wp-json\/wp\/v2\/posts"}],"about":[{"href":"https:\/\/ekamu.net\/index.php\/wp-json\/wp\/v2\/types\/post"}],"author":[{"embeddable":true,"href":"https:\/\/ekamu.net\/index.php\/wp-json\/wp\/v2\/users\/1"}],"replies":[{"embeddable":true,"href":"https:\/\/ekamu.net\/index.php\/wp-json\/wp\/v2\/comments?post=72967"}],"version-history":[{"count":1,"href":"https:\/\/ekamu.net\/index.php\/wp-json\/wp\/v2\/posts\/72967\/revisions"}],"predecessor-version":[{"id":72970,"href":"https:\/\/ekamu.net\/index.php\/wp-json\/wp\/v2\/posts\/72967\/revisions\/72970"}],"wp:featuredmedia":[{"embeddable":true,"href":"https:\/\/ekamu.net\/index.php\/wp-json\/wp\/v2\/media\/72968"}],"wp:attachment":[{"href":"https:\/\/ekamu.net\/index.php\/wp-json\/wp\/v2\/media?parent=72967"}],"wp:term":[{"taxonomy":"category","embeddable":true,"href":"https:\/\/ekamu.net\/index.php\/wp-json\/wp\/v2\/categories?post=72967"},{"taxonomy":"post_tag","embeddable":true,"href":"https:\/\/ekamu.net\/index.php\/wp-json\/wp\/v2\/tags?post=72967"}],"curies":[{"name":"wp","href":"https:\/\/api.w.org\/{rel}","templated":true}]}}