{"id":72974,"date":"2024-08-23T20:48:08","date_gmt":"2024-08-23T20:48:08","guid":{"rendered":"https:\/\/ekamu.net\/?p=72974"},"modified":"2024-08-23T20:48:08","modified_gmt":"2024-08-23T20:48:08","slug":"benzersiz-isik-kontrol-kabiliyeti-gosteren-meta-yuzeyler-gelistirildi","status":"publish","type":"post","link":"https:\/\/ekamu.net\/index.php\/2024\/08\/23\/benzersiz-isik-kontrol-kabiliyeti-gosteren-meta-yuzeyler-gelistirildi\/","title":{"rendered":"Benzersiz \u0131\u015f\u0131k kontrol kabiliyeti g\u00f6steren \u201cmeta y\u00fczeyler\u201d geli\u015ftirildi"},"content":{"rendered":"<p><figure> <span> <img decoding=\"async\" src=\"https:\/\/ekamu.net\/wp-content\/uploads\/2024\/08\/benzersiz-isik-kontrol-kabiliyeti-gosteren-meta-yuzeyler-gelistirildi-0-sJJTO5sd.jpg\"\/> <\/span> ABD&#8217;li ara\u015ft\u0131rmac\u0131lar, \u0131\u015f\u0131k kontrol\u00fcnde \u00e7\u0131\u011f\u0131r a\u00e7an bir teknoloji geli\u015ftiriyor. New York City \u00dcniversitesi&#8217;ne (CUNY) ba\u011fl\u0131 \u0130leri Bilim Ara\u015ft\u0131rma Merkezi&#8217;ndeki (ASRC) bilim insanlar\u0131,<strong> meta y\u00fczey<\/strong> <em>(metasurface &#8211; nanometre \u00f6l\u00e7e\u011finde yap\u0131land\u0131r\u0131lm\u0131\u015f iki boyutlu malzemeler) <\/em>ad\u0131 verilen iki boyutlu malzemelerle termal radyasyonu hassas bir \u015fekilde kontrol edebilmeyi ba\u015fard\u0131. Bu yenilik, <strong>askeri, t\u0131bbi, jeoloji\u00a0<\/strong>ve <strong>uzay <\/strong>uygulamalar\u0131 i\u00e7in yeni nesil \u0131\u015f\u0131k kaynaklar\u0131n\u0131n \u00f6n\u00fcn\u00fc a\u00e7abilir. <\/figure>\n<p>Ara\u015ft\u0131rmay\u0131 y\u00f6neten Adam Overvig, <em>\u201cMeta y\u00fczeyler genellikle piyasada bulunan lazerlerden \u00e7\u0131kan lazer \u0131\u015f\u0131nlar\u0131n\u0131 \u00f6zelle\u015ftirmek i\u00e7in tasarlan\u0131r. Ancak bizim durumumuzda, meta y\u00fczey ayn\u0131 anda termal \u0131\u015f\u0131k \u00fcretip bunu \u00f6zelle\u015ftiriyor,&#8221;<\/em> diyerek bu teknolojinin <strong>optik sistemleri k\u00fc\u00e7\u00fcltme<\/strong> potansiyeline dikkat \u00e7ekti.<\/p>\n<p>Bilmeyenler i\u00e7in<strong> termal radyasyon<\/strong>, maddenin \u0131s\u0131 kaynakl\u0131 rastgele dalgalanmalar\u0131 sonucu ortaya \u00e7\u0131kan bir t\u00fcr elektromanyetik dalgad\u0131r ve \u00e7ok geni\u015f bir spektruma sahip. Bu, bir ampul\u00fcn yayd\u0131\u011f\u0131 \u0131\u015f\u0131\u011fa benzetilebilir. Ancak bu \u0131\u015f\u0131k genellikle polarize de\u011fildir ve her y\u00f6ne da\u011f\u0131l\u0131r, bu da belirli \u0131\u015f\u0131k \u00f6zelliklerine ihtiya\u00e7 duyulan uygulamalarda kullan\u0131m\u0131n\u0131 s\u0131n\u0131rlar. \u00d6te yandan, lazer \u0131\u015f\u0131\u011f\u0131 belirli bir frekans, polarizasyon ve y\u00f6n yay\u0131l\u0131m\u0131na sahip olmas\u0131 nedeniyle teknik uygulamalarda \u00f6ncelikli olarak tercih ediliyor.<\/p>\n<p><b>Meta y\u00fczeyler ile \u0131\u015f\u0131\u011f\u0131 kontrol etme<\/b><\/p>\n<figure> <span> <img decoding=\"async\" src=\"https:\/\/ekamu.net\/wp-content\/uploads\/2024\/08\/benzersiz-isik-kontrol-kabiliyeti-gosteren-meta-yuzeyler-gelistirildi-1-kCRX7Y6V.jpg\"\/> <\/span> Bu alandaki yenilik\u00e7i \u00e7al\u0131\u015fman\u0131n ba\u015f yazarlar\u0131ndan Adam Overvig, <em>\u201cAmac\u0131m\u0131z, d\u0131\u015f lazer kaynaklar\u0131na ihtiya\u00e7 duymayan, ancak kendi termal radyasyonunun yay\u0131lmas\u0131n\u0131 ve kontrol edilmesini sa\u011flayan metay\u00fczey teknolojisini m\u00fcmk\u00fcn k\u0131lmakt\u0131r,\u201d<\/em> dedi. Ekip, metay\u00fczeylerin, belirli frekanslar, \u00f6zelle\u015ftirilmi\u015f polarizasyonlar ve hatta bir hologram olu\u015fturabilecek istenen dalga bi\u00e7imi gibi \u00f6zelliklere sahip termal radyasyon \u00fcretebilece\u011fini teorik olarak g\u00f6stermi\u015fti. \u015eimdi ise bu \u00f6ng\u00f6r\u00fcleri deneysel olarak do\u011frulad\u0131lar. <\/figure>\n<p>Ara\u015ft\u0131rma, termal radyasyonun tam kontrol\u00fcn\u00fc sa\u011flamak amac\u0131yla, metay\u00fczey tasar\u0131m\u0131n\u0131 basitle\u015ftirerek tek katmanl\u0131 bir yap\u0131ya indirdi. Bu yeni tasar\u0131m, termal radyasyonun y\u00f6n\u00fcn\u00fc ve polarizasyonunu asimetrik olarak kontrol etme yetene\u011fi sa\u011flad\u0131. Bu yenilik, kompakt, hafif ve istenen spektral, polarizasyon ve uzamsal \u00f6zelliklere sahip \u0131\u015f\u0131k kaynaklar\u0131n\u0131n tasar\u0131m\u0131n\u0131 m\u00fcmk\u00fcn k\u0131lacak bir ad\u0131m olarak de\u011ferlendiriliyor.<\/p>\n<figure> <span> <img decoding=\"async\" src=\"https:\/\/ekamu.net\/wp-content\/uploads\/2024\/08\/benzersiz-isik-kontrol-kabiliyeti-gosteren-meta-yuzeyler-gelistirildi-2-XCtPOBZk.jpg\"\/> <\/span> Ara\u015ft\u0131rmac\u0131lar, termal radyasyonun do\u011fal olarak polarize olmad\u0131\u011f\u0131n\u0131 g\u00f6z \u00f6n\u00fcnde bulundurarak, \u0131\u015f\u0131\u011f\u0131n elektrik alan\u0131n\u0131n d\u00f6nel bir \u015fekilde titre\u015fti\u011fi dairesel polarizasyonu m\u00fcmk\u00fcn k\u0131lmaya odakland\u0131. Dairesel polarizasyon, g\u00fcnl\u00fck hayatta pek rastlanmasa da do\u011fada \u00f6nemli bir fenomen. \u00d6rne\u011fin, peygamberdevesi karidesi bu polarizasyonu &#8216;g\u00f6rebiliyor&#8217;, ancak insanlar bunu alg\u0131layam\u0131yor. <\/figure>\n<p><b>LED\u2019lerde kullan\u0131labilir<\/b><\/p>\n<p>Ara\u015ft\u0131rmac\u0131lar, bu prensiplerin LED&#8217;lere de uygulanabilece\u011fini ve bu yayg\u0131n, ancak kontrol edilmesi zor \u0131\u015f\u0131k kayna\u011f\u0131n\u0131n geli\u015ftirilme potansiyeline sahip oldu\u011funu belirtiyor. Gelecekte, ekip bu yap\u0131 ta\u015flar\u0131n\u0131 daha karma\u015f\u0131k termal yay\u0131l\u0131m desenleri olu\u015fturmak i\u00e7in birle\u015ftirmeyi hedefliyor. Bu t\u00fcr ilerlemeler, \u00f6zelle\u015ftirilmi\u015f \u0131\u015f\u0131k kaynaklar\u0131n\u0131n tasar\u0131m ve i\u015flevselli\u011finde devrim yaratabilir.<\/p>\n\n<p><span style=\"display: block; width: 343.125px; color: rgb(55, 58, 60); font-size: 14px; background-color: rgb(255, 249, 236);\"><\/span><\/p>\n<p>Kaynak :\u00a0<span style=\"background-color: rgb(255, 249, 236); color: rgb(55, 58, 60); font-size: 14px;\">https:\/\/www.donanimhaber.com\/benzersiz-isik-kontrol-kabiliyeti-gosteren-meta-yuzeyler-gelist&#8211;181077<\/span><\/p>\n","protected":false},"excerpt":{"rendered":"<p>ABD&#8217;li ara\u015ft\u0131rmac\u0131lar, \u0131\u015f\u0131k kontrol\u00fcnde \u00e7\u0131\u011f\u0131r a\u00e7an bir teknoloji geli\u015ftiriyor. New York City \u00dcniversitesi&#8217;ne (CUNY) ba\u011fl\u0131 \u0130leri Bilim Ara\u015ft\u0131rma Merkezi&#8217;ndeki (ASRC) bilim insanlar\u0131, meta y\u00fczey (metasurface &#8211; nanometre \u00f6l\u00e7e\u011finde yap\u0131land\u0131r\u0131lm\u0131\u015f &#8230;<\/p>\n","protected":false},"author":1,"featured_media":72975,"comment_status":"open","ping_status":"open","sticky":false,"template":"","format":"standard","meta":{"footnotes":""},"categories":[8],"tags":[314,533,1529,276,4117],"class_list":["post-72974","post","type-post","status-publish","format-standard","has-post-thumbnail","hentry","category-teknoloji","tag-arastirma","tag-isik","tag-kontrol","tag-meta","tag-polarizasyon"],"_links":{"self":[{"href":"https:\/\/ekamu.net\/index.php\/wp-json\/wp\/v2\/posts\/72974","targetHints":{"allow":["GET"]}}],"collection":[{"href":"https:\/\/ekamu.net\/index.php\/wp-json\/wp\/v2\/posts"}],"about":[{"href":"https:\/\/ekamu.net\/index.php\/wp-json\/wp\/v2\/types\/post"}],"author":[{"embeddable":true,"href":"https:\/\/ekamu.net\/index.php\/wp-json\/wp\/v2\/users\/1"}],"replies":[{"embeddable":true,"href":"https:\/\/ekamu.net\/index.php\/wp-json\/wp\/v2\/comments?post=72974"}],"version-history":[{"count":1,"href":"https:\/\/ekamu.net\/index.php\/wp-json\/wp\/v2\/posts\/72974\/revisions"}],"predecessor-version":[{"id":72979,"href":"https:\/\/ekamu.net\/index.php\/wp-json\/wp\/v2\/posts\/72974\/revisions\/72979"}],"wp:featuredmedia":[{"embeddable":true,"href":"https:\/\/ekamu.net\/index.php\/wp-json\/wp\/v2\/media\/72975"}],"wp:attachment":[{"href":"https:\/\/ekamu.net\/index.php\/wp-json\/wp\/v2\/media?parent=72974"}],"wp:term":[{"taxonomy":"category","embeddable":true,"href":"https:\/\/ekamu.net\/index.php\/wp-json\/wp\/v2\/categories?post=72974"},{"taxonomy":"post_tag","embeddable":true,"href":"https:\/\/ekamu.net\/index.php\/wp-json\/wp\/v2\/tags?post=72974"}],"curies":[{"name":"wp","href":"https:\/\/api.w.org\/{rel}","templated":true}]}}