{"id":73429,"date":"2024-08-26T09:24:06","date_gmt":"2024-08-26T09:24:06","guid":{"rendered":"https:\/\/ekamu.net\/?p=73429"},"modified":"2024-08-26T09:24:06","modified_gmt":"2024-08-26T09:24:06","slug":"iphone-16nin-cikisiyla-applein-satistan-kaldirmasi-beklenen-cihazlar","status":"publish","type":"post","link":"https:\/\/ekamu.net\/index.php\/2024\/08\/26\/iphone-16nin-cikisiyla-applein-satistan-kaldirmasi-beklenen-cihazlar\/","title":{"rendered":"iPhone 16&#8217;n\u0131n \u00e7\u0131k\u0131\u015f\u0131yla Apple&#8217;\u0131n sat\u0131\u015ftan kald\u0131rmas\u0131 beklenen cihazlar"},"content":{"rendered":"<p><figure> <span> <img decoding=\"async\" src=\"https:\/\/ekamu.net\/wp-content\/uploads\/2024\/08\/iphone-16nin-cikisiyla-applein-satistan-kaldirmasi-beklenen-cihazlar-0-xElZQzwC.jpg\"\/> <\/span> Apple\u2019\u0131n iPhone 16 etkinli\u011fini 10 Eyl\u00fcl\u2019de ger\u00e7ekle\u015ftirmesi bekleniyor. Bu etkinlikte <strong>iPhone 16 <\/strong>ile birlikte yeni AirPods ve Apple Watch modelleri tan\u0131t\u0131lacak. Yeni cihazlar\u0131n tan\u0131t\u0131lmas\u0131yla birlikte eski cihazlardan baz\u0131lar\u0131 Apple Store \u00fczerinden kald\u0131r\u0131lacak. Bu, Apple\u2019\u0131n art\u0131k bu cihazlar\u0131 resm\u00ee olarak satmayaca\u011f\u0131, yaln\u0131zca online veya teknoloji perakende ma\u011fazalar\u0131nda bulabilece\u011finiz anlam\u0131na geliyor. Peki, iPhone 16 \u00e7\u0131k\u0131\u015f\u0131yla hangi cihazlar sat\u0131\u015ftan kald\u0131rlacak? <\/figure>\n<p><b>iPhone 15 Pro ve iPhone 15 Pro Max<\/b><\/p>\n<figure> <span> <img decoding=\"async\" src=\"https:\/\/ekamu.net\/wp-content\/uploads\/2024\/08\/iphone-16nin-cikisiyla-applein-satistan-kaldirmasi-beklenen-cihazlar-1-kFJZPweE.jpg\"\/> <\/span> iPhone XS ve XR modellerinden beri Apple, tan\u0131t\u0131ld\u0131ktan sadece bir y\u0131l sonra Pro\u2019lar\u0131n \u00fcretimini durduruyor. Apple, Pro\u2019larda dahi \u00f6nceki nesle k\u0131yasla \u00e7ok b\u00fcy\u00fck tasar\u0131msal ve donan\u0131msal yenilik sunmad\u0131\u011f\u0131ndan kullan\u0131c\u0131lar\u0131 yeni modellere veya daha uygun fiyatl\u0131 ama \u00e7ok daha d\u00fc\u015f\u00fck donan\u0131ml\u0131 modelleri sat\u0131n almaya y\u00f6nlendiriyor. Bu gelenek bu y\u0131l da de\u011fi\u015fmeyecek. iPhone 16 Pro\u2019lar\u0131n tan\u0131t\u0131lmas\u0131yla titanyum tasar\u0131ml\u0131 ilk iPhone\u2019lar (<strong>iPhone 15 Pro ve 15 Pro Max<\/strong>) veda edece\u011fiz. <\/figure>\n<p><b>iPhone 14 Plus<\/b><\/p>\n<figure> <span> <img decoding=\"async\" src=\"https:\/\/ekamu.net\/wp-content\/uploads\/2024\/08\/iphone-16nin-cikisiyla-applein-satistan-kaldirmasi-beklenen-cihazlar-2-SaqRItUs.jpg\"\/> <\/span> <strong>iPhone 14 Plus<\/strong>, \u00e7ok fazla tutmayan iPhone 13 mini ve iPhone 12 mini\u2019nin ard\u0131ndan gelen Apple\u2019\u0131n ilk giri\u015f seviye b\u00fcy\u00fck boyutlu iPhone\u2019uydu. iPhone Pro ile ayn\u0131 b\u00fcy\u00fck ekran ve uzun pil \u00f6mr\u00fcn\u00fc daha uygun fiyata sunan bir modeldi. Apple, ge\u00e7en y\u0131l Eyl\u00fcl ay\u0131nda iPhone 13\u2019\u00fc satmaya devam ederken iPhone 13 mini\u2019yi sat\u0131\u015ftan kald\u0131rd\u0131. Bu y\u0131l da iPhone 14 Plus\u2019\u0131n sat\u0131\u015ftan kald\u0131r\u0131lmas\u0131, iPhone 14\u2019\u00fcn biraz daha uzun s\u00fcre piyasaya kalmas\u0131n\u0131 bekleyebiliriz. <\/figure>\n<p><b>iPhone 13<\/b><\/p>\n<figure> <span> <img decoding=\"async\" src=\"https:\/\/ekamu.net\/wp-content\/uploads\/2024\/08\/iphone-16nin-cikisiyla-applein-satistan-kaldirmasi-beklenen-cihazlar-3-w7SRp4FJ.jpg\"\/> <\/span> <strong>iPhone 13<\/strong>, 2021\u2019de daha uzun pil \u00f6mr\u00fc, yeni kamera sistemi, daha k\u00fc\u00e7\u00fck \u00e7entik gibi bir dizi iyile\u015ftirmeyle geldi. Cihaz \u00fc\u00e7\u00fcnc\u00fc y\u0131l\u0131na giriyor ve Apple\u2019\u0131n sitesinde sat\u0131\u015fta olan en eski iPhone olmaya devam ediyor. Tarih tekerr\u00fcr ederse, iPhone 13 de sat\u0131\u015ftan kald\u0131r\u0131lacak ve iPhone SE 4 \u00e7\u0131kana kadar yerini iPhone 14 koruyacak. <\/figure>\n<p><b>Apple Watch Series 9, Watch Ultra 2 ve SE 2<\/b><\/p>\n<figure> <span> <img decoding=\"async\" src=\"https:\/\/ekamu.net\/wp-content\/uploads\/2024\/08\/iphone-16nin-cikisiyla-applein-satistan-kaldirmasi-beklenen-cihazlar-4-CtFaNAQ7.jpg\"\/> <\/span> Apple Eyl\u00fcl etkinli\u011finde \u00fc\u00e7 Apple Watch modelinin de yenilenmesi bekleniyor. Apple Watch Series 10\u2019un daha b\u00fcy\u00fck ekran, daha ince kasa ve yeni yonga setiyle gelmesi bekleniyor. Apple Watch Ultra 3\u2019de tasar\u0131m anlam\u0131nda de\u011fi\u015fiklik beklenmezken, Apple\u2019\u0131n Watch SE 3\u2019te plastik kasaya ge\u00e7ece\u011fi s\u00f6yleniyor. T\u00fcm Apple Watch\u2019lar g\u00fcncellenirse, Apple b\u00fcy\u00fck ihtimalle mevcut <strong>Series 9, Ultra 2 ve SE 2 <\/strong>modellerinin sat\u0131\u015f\u0131n\u0131 durduracak. <\/figure>\n<p><b>AirPods 2 ve AirPods 3<\/b><\/p>\n<figure> <span> <img decoding=\"async\" src=\"https:\/\/ekamu.net\/wp-content\/uploads\/2024\/08\/iphone-16nin-cikisiyla-applein-satistan-kaldirmasi-beklenen-cihazlar-5-24QvBcqS.jpg\"\/> <\/span> <strong>AirPods 3. nesil<\/strong>, 2021&#8217;de uzamsal ses, daha iyi ses kalitesi ve di\u011fer \u00f6zelliklerle tan\u0131t\u0131lm\u0131\u015f olsa da Apple, AirPods 2&#8217;yi hala \u00fcr\u00fcn gam\u0131nda tutuyor. Ancak, bunun yak\u0131nda de\u011fi\u015fece\u011fi a\u00e7\u0131k. \u00d6n\u00fcm\u00fczdeki ay, AirPods 4&#8217;\u00fcn iki yeni versiyonu bekleniyor; AirPods 2&#8217;nin yerini alacak giri\u015f seviyesi bir model ve AirPods 3&#8217;\u00fcn yerini alacak orta seviye bir model. Orta seviye modelin h\u00e2l\u00e2 sat\u0131\u015fta olan AirPods 2&#8217;nin aksine g\u00fcr\u00fclt\u00fc engelleme \u00f6zelli\u011fine sahip olmas\u0131 bekleniyor. Bu iki AirPods modelinin de tan\u0131t\u0131lmas\u0131yla <strong>AirPods 2<\/strong> ve AirPods 3, sat\u0131\u015ftan kalkabilir. <\/figure>\n<p><b>iPhone 16 ne zaman tan\u0131t\u0131lacak?<\/b><\/p>\n<p>Apple&#8217;\u0131n iPhone 16 serisini <strong>10 Eyl\u00fcl&#8217;de<\/strong> tan\u0131taca\u011f\u0131 s\u00f6yleniyor. iPhone 16 lansman tarihi hen\u00fcz resm\u00ee olarak duyurulmad\u0131.<\/p>\n\n<p><span style=\"display: block; width: 343.125px; color: rgb(55, 58, 60); font-size: 14px; background-color: rgb(255, 249, 236);\"><\/span><\/p>\n<p>Kaynak :\u00a0<span style=\"background-color: rgb(255, 249, 236); color: rgb(55, 58, 60); font-size: 14px;\">https:\/\/www.donanimhaber.com\/iphone-16-nin-cikisiyla-apple-in-satistan-kaldiracagi-cihazlar&#8211;181162<\/span><\/p>\n","protected":false},"excerpt":{"rendered":"<p>Apple\u2019\u0131n iPhone 16 etkinli\u011fini 10 Eyl\u00fcl\u2019de ger\u00e7ekle\u015ftirmesi bekleniyor. Bu etkinlikte iPhone 16 ile birlikte yeni AirPods ve Apple Watch modelleri tan\u0131t\u0131lacak. Yeni cihazlar\u0131n tan\u0131t\u0131lmas\u0131yla birlikte eski cihazlardan baz\u0131lar\u0131 Apple Store &#8230;<\/p>\n","protected":false},"author":1,"featured_media":73430,"comment_status":"open","ping_status":"open","sticky":false,"template":"","format":"standard","meta":{"footnotes":""},"categories":[8],"tags":[140,454,243,452,558],"class_list":["post-73429","post","type-post","status-publish","format-standard","has-post-thumbnail","hentry","category-teknoloji","tag-apple","tag-iphone","tag-iphone-16","tag-model","tag-pro"],"_links":{"self":[{"href":"https:\/\/ekamu.net\/index.php\/wp-json\/wp\/v2\/posts\/73429","targetHints":{"allow":["GET"]}}],"collection":[{"href":"https:\/\/ekamu.net\/index.php\/wp-json\/wp\/v2\/posts"}],"about":[{"href":"https:\/\/ekamu.net\/index.php\/wp-json\/wp\/v2\/types\/post"}],"author":[{"embeddable":true,"href":"https:\/\/ekamu.net\/index.php\/wp-json\/wp\/v2\/users\/1"}],"replies":[{"embeddable":true,"href":"https:\/\/ekamu.net\/index.php\/wp-json\/wp\/v2\/comments?post=73429"}],"version-history":[{"count":1,"href":"https:\/\/ekamu.net\/index.php\/wp-json\/wp\/v2\/posts\/73429\/revisions"}],"predecessor-version":[{"id":73437,"href":"https:\/\/ekamu.net\/index.php\/wp-json\/wp\/v2\/posts\/73429\/revisions\/73437"}],"wp:featuredmedia":[{"embeddable":true,"href":"https:\/\/ekamu.net\/index.php\/wp-json\/wp\/v2\/media\/73430"}],"wp:attachment":[{"href":"https:\/\/ekamu.net\/index.php\/wp-json\/wp\/v2\/media?parent=73429"}],"wp:term":[{"taxonomy":"category","embeddable":true,"href":"https:\/\/ekamu.net\/index.php\/wp-json\/wp\/v2\/categories?post=73429"},{"taxonomy":"post_tag","embeddable":true,"href":"https:\/\/ekamu.net\/index.php\/wp-json\/wp\/v2\/tags?post=73429"}],"curies":[{"name":"wp","href":"https:\/\/api.w.org\/{rel}","templated":true}]}}