{"id":73902,"date":"2024-08-27T22:48:05","date_gmt":"2024-08-27T22:48:05","guid":{"rendered":"https:\/\/ekamu.net\/?p=73902"},"modified":"2024-08-27T22:48:05","modified_gmt":"2024-08-27T22:48:05","slug":"teknik-direktorumuz-okan-buruktan-mac-sonrasi-aciklamalar-7","status":"publish","type":"post","link":"https:\/\/ekamu.net\/index.php\/2024\/08\/27\/teknik-direktorumuz-okan-buruktan-mac-sonrasi-aciklamalar-7\/","title":{"rendered":"Teknik Direkt\u00f6r\u00fcm\u00fcz Okan Buruk&#8217;tan ma\u00e7 sonras\u0131 a\u00e7\u0131klamalar"},"content":{"rendered":"<p>Galatasaray Futbol A Tak\u0131m\u0131 Teknik Direkt\u00f6r\u00fc Okan Buruk, Young Boys ma\u00e7\u0131n\u0131n ard\u0131ndan yay\u0131nc\u0131 kurulu\u015fa a\u00e7\u0131klamalarda bulundu.<\/p>\n<p><p><strong>Hocam\u0131z\u0131n de\u011ferlendirmeleri \u015fu \u015fekilde:<\/strong><\/p>\n<p><em>\u201cHayal etti\u011fimizle ma\u00e7\u0131n i\u00e7inde ger\u00e7ekle\u015fen benim a\u00e7\u0131mdan \u00f6rt\u00fc\u015fm\u00fcyor. Oyuncu a\u00e7\u0131s\u0131ndan arada inan\u0131lmaz kalite ve de\u011fer fark\u0131 var. Burada daha iyi bir performans ortaya koyabilirdik. Ge\u00e7en sene oynad\u0131\u011f\u0131m\u0131z Molde ma\u00e7\u0131na benzetece\u011fim. Zaman zaman \u00fcst\u00fcm\u00fczde be\u015fer onar kiloluk a\u011f\u0131rl\u0131klar varm\u0131\u015f gibi hareket ettik. Bask\u0131dan m\u0131 farkl\u0131 bir \u015feyden mi\u2026 Bazen oyuncular\u0131m\u0131z kendilerini bu ma\u00e7a \u00e7ok fazla haz\u0131rlad\u0131lar. Bazen fazla haz\u0131rlars\u0131n\u0131z, o \u00fcst\u00fcn\u00fczdeki ask\u0131 da etki yapar. Ma\u00e7\u0131n genelinde top bizdeydi. Burada ne oyun h\u0131z\u0131m\u0131z ne pas h\u0131z\u0131m\u0131z ne dikine oyunumuz iyiydi. Alanlar\u0131 do\u011fru \u015fekilde parsellemeye \u00e7al\u0131\u015ft\u0131k ama burada da \u00e7ok pas hatas\u0131 yapt\u0131k. Rakibimize hep ge\u00e7i\u015f \u015fans\u0131 verdik. Rakibimiz de bir\u00e7ok aksiyonda bize kar\u015f\u0131 ba\u015far\u0131l\u0131 oldu.\u201d\u00a0<\/em><\/p>\n<p><strong>\u201cTARAFTARIMIZ ADINA \u00dcZ\u00dcL\u00dcYORUZ\u201d<\/strong><\/p>\n<p><em>\u201c\u0130kinci yar\u0131 oyunu biraz daha dengeledik. Daha \u00e7ok pozisyon \u00fcrettik. Son b\u00f6l\u00fcme do\u011fru daha \u00e7ok rakip kaleye giderek pozisyon \u00fcretmeye \u00e7al\u0131\u015ft\u0131k. Ma\u00e7\u0131 \u00e7evirecek pozisyonu da yakalad\u0131k. Icardi\u2019nin vuru\u015fu rakipten d\u00f6nd\u00fc. Belki gol atabilece\u011fimiz pozisyon bize gol olarak d\u00f6nd\u00fc. Sonra k\u0131rm\u0131z\u0131 kart ve 10 ki\u015fi kald\u0131k. Oyun istedi\u011fimiz gibi gitti.\u201d<\/em><\/p>\n<p><em>\u201cBurada ilk ba\u015fta tabii ki sorumluluk benim. Ma\u00e7a haz\u0131rlayan ve oyuncular\u0131 se\u00e7en teknik adam. O y\u00fczden birinci sorumluluk tabii ki bende. Oyuncular\u0131m en iyisini yapmaya \u00e7al\u0131\u015ft\u0131. Burada en \u00e7ok \u00fcz\u00fclece\u011fimiz \u015fey, muhte\u015fem bir taraftar vard\u0131. Ma\u00e7tan \u00f6nce, ma\u00e7ta ve ma\u00e7tan sonra tak\u0131m\u0131 desteklediler. Tek \u00fcz\u00fclece\u011fimiz onlar\u0131n istedikleri, hayal ettiklerini oyunu ve galibiyeti getiremedik. Bu y\u00fczden \u00e7ok \u00fczg\u00fcn\u00fcz. \u015eu da var ki, bu tak\u0131m burada \u015eampiyonlar Ligi play-offu oynad\u0131, bu oyuncularla bu m\u00fccadeleyi verdi. Bu oyuncular kazand\u0131. Bundan sonra yine \u015fampiyonlu\u011fu kazanacak, \u015fampiyonluk yolunda m\u00fccadele edecek yine bu oyuncular. \u00d6ncelikle bug\u00fcnk\u00fc destekten dolay\u0131 te\u015fekk\u00fcr etmek istiyorum. \u00c7ok \u00f6nemli, prestijli bir turnuvan\u0131n i\u00e7inde olamamak bizi \u00fcz\u00fcyor. Bir yandan da tekrar ligdeki \u015fampiyonluk, Avrupa Ligi\u2019nde final oynay\u0131p kazanmak hedefimiz. Bu hedefi tekrar koymam\u0131z gerekiyor. Bunu yapacak potansiyelimiz ve g\u00fcc\u00fcm\u00fcz var.<\/em>&#8220;<\/p>\n<p><em>\u201c\u015eanss\u0131zl\u0131k ya\u015f\u0131yoruz. Davinson Sanchez gibi \u00f6nemli bir oyuncunun ikinci ma\u00e7\u0131nda sakatlanmas\u0131\u2026 Abd\u00fclkerim\u2019in g\u00f6rd\u00fc\u011f\u00fc k\u0131rm\u0131z\u0131 kart, Kaan\u2019\u0131n olmamas\u0131. Savunmada bizim i\u00e7in \u00e7ok \u00f6nemli oyuncular\u0131 sahaya s\u00fcremedik. Geriden oyun kurarken bug\u00fcn \u00e7ok zorland\u0131k. Tak\u0131m\u0131 \u00f6ne itmede, h\u0131zda Davinson\u2019un olmamas\u0131 bizim i\u00e7in en b\u00fcy\u00fck eksiklerden biriydi. Tabii ki bahane de\u011fil. Galatasaray her kadrosuyla y\u00fcr\u00fcmesi gerekiyor. Elimizdeki oyuncular\u0131n d\u00f6nmesi, yapaca\u011f\u0131m\u0131z bir-iki takviyeden sonra tak\u0131m\u0131m\u0131z \u015fampiyonluk i\u00e7in, Avrupa i\u00e7in yar\u0131\u015facak. Tek \u00fcz\u00fcnt\u00fcm\u00fcz taraftar\u0131m\u0131z\u0131 mutlu edememek. Biz iki senedir hep mutlulu\u011fa al\u0131\u015ft\u0131rd\u0131k. Hep kazand\u0131k. Futbolda kaybetmek de var. Bunu da kabul etmeniz gerekiyor. Kaybettikten sonra da \u00e7ok \u00e7abuk toparlan\u0131p hafta sonu oynayaca\u011f\u0131m\u0131z ma\u00e7a haz\u0131rlanmam\u0131z gerekiyor. Devam\u0131nda da Avrupa Ligi\u2019nde kendimize bir hedef \u00e7izmemiz gerekiyor. Oyuncular\u0131mla birlikte tak\u0131m\u0131 en k\u0131sa zamanda toparlay\u0131p yolumuza devam edece\u011fiz. \u00d6n\u00fcm\u00fczde \u00e7ok ma\u00e7 var. Bu oyuncular bizi iki senedir ba\u015far\u0131l\u0131 yapt\u0131. Onlara tekrar destek olup g\u00fcvenece\u011fiz. Onlarla birlikte daha b\u00fcy\u00fck ba\u015far\u0131lara do\u011fru gitmeye \u00e7al\u0131\u015faca\u011f\u0131z.\u201d<\/em><\/p>\n","protected":false},"excerpt":{"rendered":"<p>Galatasaray Futbol A Tak\u0131m\u0131 Teknik Direkt\u00f6r\u00fc Okan Buruk, Young Boys ma\u00e7\u0131n\u0131n ard\u0131ndan yay\u0131nc\u0131 kurulu\u015fa a\u00e7\u0131klamalarda bulundu.<\/p>\n","protected":false},"author":1,"featured_media":73903,"comment_status":"open","ping_status":"open","sticky":false,"template":"","format":"standard","meta":{"footnotes":""},"categories":[12],"tags":[1190,250,1366,3203,431],"class_list":["post-73902","post","type-post","status-publish","format-standard","has-post-thumbnail","hentry","category-galatasaray","tag-mac","tag-oyun","tag-oyuncu","tag-takimi","tag-tek"],"_links":{"self":[{"href":"https:\/\/ekamu.net\/index.php\/wp-json\/wp\/v2\/posts\/73902","targetHints":{"allow":["GET"]}}],"collection":[{"href":"https:\/\/ekamu.net\/index.php\/wp-json\/wp\/v2\/posts"}],"about":[{"href":"https:\/\/ekamu.net\/index.php\/wp-json\/wp\/v2\/types\/post"}],"author":[{"embeddable":true,"href":"https:\/\/ekamu.net\/index.php\/wp-json\/wp\/v2\/users\/1"}],"replies":[{"embeddable":true,"href":"https:\/\/ekamu.net\/index.php\/wp-json\/wp\/v2\/comments?post=73902"}],"version-history":[{"count":1,"href":"https:\/\/ekamu.net\/index.php\/wp-json\/wp\/v2\/posts\/73902\/revisions"}],"predecessor-version":[{"id":73904,"href":"https:\/\/ekamu.net\/index.php\/wp-json\/wp\/v2\/posts\/73902\/revisions\/73904"}],"wp:featuredmedia":[{"embeddable":true,"href":"https:\/\/ekamu.net\/index.php\/wp-json\/wp\/v2\/media\/73903"}],"wp:attachment":[{"href":"https:\/\/ekamu.net\/index.php\/wp-json\/wp\/v2\/media?parent=73902"}],"wp:term":[{"taxonomy":"category","embeddable":true,"href":"https:\/\/ekamu.net\/index.php\/wp-json\/wp\/v2\/categories?post=73902"},{"taxonomy":"post_tag","embeddable":true,"href":"https:\/\/ekamu.net\/index.php\/wp-json\/wp\/v2\/tags?post=73902"}],"curies":[{"name":"wp","href":"https:\/\/api.w.org\/{rel}","templated":true}]}}