{"id":74028,"date":"2024-08-28T12:48:06","date_gmt":"2024-08-28T12:48:06","guid":{"rendered":"https:\/\/ekamu.net\/?p=74028"},"modified":"2024-08-28T12:48:06","modified_gmt":"2024-08-28T12:48:06","slug":"instagram-begenileri-artiracak-yeni-yazi-araclarini-sundu","status":"publish","type":"post","link":"https:\/\/ekamu.net\/index.php\/2024\/08\/28\/instagram-begenileri-artiracak-yeni-yazi-araclarini-sundu\/","title":{"rendered":"Instagram, be\u011fenileri art\u0131racak yeni yaz\u0131 ara\u00e7lar\u0131n\u0131 sundu"},"content":{"rendered":"<p><figure> <span> <img decoding=\"async\" src=\"https:\/\/ekamu.net\/wp-content\/uploads\/2024\/08\/instagram-begenileri-artiracak-yeni-yazi-araclarini-sundu-0-HulKmA9w.jpg\"\/> <\/span> <strong>Instagram<\/strong> art\u0131k foto\u011fraflar\u0131n\u0131za kolayca yaz\u0131 eklemenize izin veriyor. Ayr\u0131ca resmin \u00fcst\u00fcne \u00e7\u0131kartma olarak bir resim de ekleyebiliyorsunuz. Bu, kayd\u0131rmal\u0131 g\u00f6nderiler i\u00e7in de ge\u00e7erli. <\/figure>\n<p><b>Foto\u011fraflara yaz\u0131 yazma \u00f6zell\u011fi geldi<\/b><\/p>\n<p>Galerinizden bir foto\u011fraf se\u00e7tikten sonra yaz\u0131 eklemek i\u00e7in metin d\u00fc\u011fmesine dokunman\u0131z veya \u00e7\u0131kartma olarak ek foto\u011fraflar eklemek i\u00e7in sa\u011f \u00fcst k\u00f6\u015fedeki galeri d\u00fc\u011fmesine dokunman\u0131z yeterli. \u00c7\u0131kartman\u0131n \u00fczerine dokunarak dikd\u00f6rtgen, kare, daire, kalp veya y\u0131ld\u0131z gibi farkl\u0131 \u015fekillerde resmin \u00fczerine ekleyebiliyorsunuz.<\/p>\n<p><b>Reels ve Story&#8217;ler i\u00e7in yeni yaz\u0131 tipler, animasyonlar, efektler<\/b><\/p>\n<p>Instagram, ayr\u0131ca Reels ve Hikayeler i\u00e7in kullan\u0131labilecek yeni yaz\u0131 tipleri, animasyonlar ve efektlerle birlikte basitle\u015ftirilmi\u015f yaz\u0131 arac\u0131n\u0131 kullan\u0131ma sundu. Metin arac\u0131n\u0131 a\u00e7arak yeni yaz\u0131 tipi se\u00e7eneklerini g\u00f6rebilirsiniz. Yaz\u0131 tipini se\u00e7tikten sonra ayr\u0131 animasyonlar ve efektler ekleyebilirsiniz. Yeni fontlar\u0131 foto\u011fraflar ve kayd\u0131rmal\u0131 g\u00f6nderilerde kullanabilirsiniz.<\/p>\n<p>Instagram, bu ay\u0131n ba\u015flar\u0131nda kayd\u0131rmal\u0131 g\u00f6nderilerde eklenebilecek foto\u011fraf ve video say\u0131s\u0131n\u0131 20\u2019ye \u00e7\u0131kard\u0131. Yak\u0131n zamanda profile \u015fark\u0131 ekleme \u00f6zelli\u011fini tan\u0131tt\u0131.<\/p>\n\n<p><span style=\"display: block; width: 343.125px; color: rgb(55, 58, 60); font-size: 14px; background-color: rgb(255, 249, 236);\"><\/span><\/p>\n<p>Kaynak :\u00a0<span style=\"background-color: rgb(255, 249, 236); color: rgb(55, 58, 60); font-size: 14px;\">https:\/\/www.donanimhaber.com\/instagram-begenileri-artiracak-yeni-yazi-araclarini-sundu&#8211;181247<\/span><\/p>\n","protected":false},"excerpt":{"rendered":"<p>Instagram art\u0131k foto\u011fraflar\u0131n\u0131za kolayca yaz\u0131 eklemenize izin veriyor. Ayr\u0131ca resmin \u00fcst\u00fcne \u00e7\u0131kartma olarak bir resim de ekleyebiliyorsunuz. Bu, kayd\u0131rmal\u0131 g\u00f6nderiler i\u00e7in de ge\u00e7erli. Foto\u011fraflara yaz\u0131 yazma \u00f6zell\u011fi geldi Galerinizden bir &#8230;<\/p>\n","protected":false},"author":1,"featured_media":74029,"comment_status":"open","ping_status":"open","sticky":false,"template":"","format":"standard","meta":{"footnotes":""},"categories":[8],"tags":[151,4226],"class_list":["post-74028","post","type-post","status-publish","format-standard","has-post-thumbnail","hentry","category-teknoloji","tag-fotograf","tag-yazi"],"_links":{"self":[{"href":"https:\/\/ekamu.net\/index.php\/wp-json\/wp\/v2\/posts\/74028","targetHints":{"allow":["GET"]}}],"collection":[{"href":"https:\/\/ekamu.net\/index.php\/wp-json\/wp\/v2\/posts"}],"about":[{"href":"https:\/\/ekamu.net\/index.php\/wp-json\/wp\/v2\/types\/post"}],"author":[{"embeddable":true,"href":"https:\/\/ekamu.net\/index.php\/wp-json\/wp\/v2\/users\/1"}],"replies":[{"embeddable":true,"href":"https:\/\/ekamu.net\/index.php\/wp-json\/wp\/v2\/comments?post=74028"}],"version-history":[{"count":1,"href":"https:\/\/ekamu.net\/index.php\/wp-json\/wp\/v2\/posts\/74028\/revisions"}],"predecessor-version":[{"id":74031,"href":"https:\/\/ekamu.net\/index.php\/wp-json\/wp\/v2\/posts\/74028\/revisions\/74031"}],"wp:featuredmedia":[{"embeddable":true,"href":"https:\/\/ekamu.net\/index.php\/wp-json\/wp\/v2\/media\/74029"}],"wp:attachment":[{"href":"https:\/\/ekamu.net\/index.php\/wp-json\/wp\/v2\/media?parent=74028"}],"wp:term":[{"taxonomy":"category","embeddable":true,"href":"https:\/\/ekamu.net\/index.php\/wp-json\/wp\/v2\/categories?post=74028"},{"taxonomy":"post_tag","embeddable":true,"href":"https:\/\/ekamu.net\/index.php\/wp-json\/wp\/v2\/tags?post=74028"}],"curies":[{"name":"wp","href":"https:\/\/api.w.org\/{rel}","templated":true}]}}