{"id":74280,"date":"2024-08-29T09:00:07","date_gmt":"2024-08-29T09:00:07","guid":{"rendered":"https:\/\/ekamu.net\/?p=74280"},"modified":"2024-08-29T09:00:07","modified_gmt":"2024-08-29T09:00:07","slug":"15-milyon-kucuk-isletme-icin-enflasyon-duzeltmesi-muafiyeti","status":"publish","type":"post","link":"https:\/\/ekamu.net\/index.php\/2024\/08\/29\/15-milyon-kucuk-isletme-icin-enflasyon-duzeltmesi-muafiyeti\/","title":{"rendered":"1,5 milyon k\u00fc\u00e7\u00fck i\u015fletme i\u00e7in enflasyon d\u00fczeltmesi muafiyeti"},"content":{"rendered":"<div>\n<p>Son d\u00f6nemde reel sekt\u00f6r\u00fcn en \u00f6nemli ba\u015fl\u0131klar\u0131ndan biri olan enflasyon muhasebesi konusunda ekonomi y\u00f6netimi k\u00fc\u00e7\u00fck i\u015fletmeleri d\u0131\u015far\u0131da b\u0131rakan bir d\u00fczenlemeye gitme karar\u0131 ald\u0131.<\/p>\n<p>Hazine ve Maliye Bakan\u0131 Mehmet \u015eim\u015fek, 2023 sonu itibar\u0131yla cirosu 50 milyon liran\u0131n <b>alt\u0131nda<\/b>ki i\u015fletmelerin 2024 ikinci ve \u00fc\u00e7\u00fcnc\u00fc ge\u00e7ici vergi d\u00f6nemlerinde enflasyon d\u00fczeltmesi yapmas\u0131na gerek olmayaca\u011f\u0131n\u0131 belirtti.<\/p>\n<p>AA&#8217;ya konu\u015fan \u015eim\u015fek, &#8220;K\u00fc\u00e7\u00fck i\u015fletmelere kolayl\u0131k sa\u011flamak i\u00e7in yakla\u015f\u0131k 1,5 milyon m\u00fckellefi ge\u00e7ici vergi d\u00f6nemlerinde enflasyon d\u00fczeltmesi kapsam\u0131ndan \u00e7\u0131kar\u0131yoruz&#8221; dedi.<\/p>\n<\/div>\n<div>\n<p>T\u00dcRMOB ba\u015fta olmak \u00fczere meslek kurulu\u015flar\u0131n\u0131n 2023 y\u0131l sonuna kadar erteleme istedi\u011fini hat\u0131rlatan \u015eim\u015fek, &#8220;Yap\u0131lan yasal d\u00fczenleme ile 2021 ve 2022 y\u0131llar\u0131nda enflasyon d\u00fczeltmesi uygulanmad\u0131. Uygulama 2023 y\u0131l\u0131 sonuna kadar ertelendi. Daha sonra i\u015f d\u00fcnyas\u0131 ile yap\u0131lan toplant\u0131larda yine meslek kurulu\u015flar\u0131nca 2023 y\u0131l sonunda mutlaka enflasyon d\u00fczeltmesi yap\u0131lmas\u0131, 2024 y\u0131l\u0131nda da devam edilmesi istendi. Yap\u0131lan isti\u015fareler sonras\u0131nda da Bakanl\u0131k olarak gerekli d\u00fczenlemeleri yapt\u0131k.&#8221; dedi.<\/p>\n<p>\u015eim\u015fek, 2023 sonunda herhangi bir vergi \u00f6denmeden bilan\u00e7olar\u0131n d\u00fczeltildi\u011fine dikkati \u00e7ekerek, 2024 y\u0131l\u0131 ikinci ge\u00e7ici vergi d\u00f6neminde enflasyon d\u00fczeltmesi uygulanm\u0131\u015f beyannamelerin verilme s\u00fcrelerini de m\u00fckelleflere zaman tan\u0131mak amac\u0131yla \u00f6nce 27 A\u011fustos&#8217;a, daha sonra da 6 Eyl\u00fcl&#8217;e kadar uzatt\u0131klar\u0131n\u0131 hat\u0131rlatt\u0131.<\/p>\n<p>\u0130lgili meslek kurulu\u015flar\u0131n\u0131n, bu d\u00f6nemde enflasyon muhasebesi nedeniyle \u00f6zellikle cirosu d\u00fc\u015f\u00fck ve yine bu i\u015fletmelerden yat\u0131r\u0131m d\u00f6neminde olup hen\u00fcz faaliyete ge\u00e7memi\u015f durumdakilerin enflasyon d\u00fczeltmesi nedeniyle vergilendirilme s\u0131k\u0131nt\u0131s\u0131 ya\u015fayabilece\u011fini ifade etti\u011fini vurgulayan Bakan \u015eim\u015fek, TOBB, M\u00dcS\u0130AD ve T\u00dcRMOB&#8217;un bulundu\u011fu son isti\u015fare toplant\u0131s\u0131nda, k\u00fc\u00e7\u00fck i\u015fletmelerin enflasyon d\u00fczeltmesinden daha az etkilenmelerini temin etmek amac\u0131yla yeni kararlar ald\u0131klar\u0131n\u0131 bildirdi.<\/p>\n<p>\u015eim\u015fek, s\u00f6z konusu kararlara ili\u015fkin \u015f\u00f6yle konu\u015ftu:<\/p>\n<p>&#8220;TOBB, M\u00dcS\u0130AD, T\u00dcS\u0130AD, T\u00dcRMOB gibi i\u015f d\u00fcnyas\u0131 ve meslek kurulu\u015flar\u0131n\u0131n talepleri \u00fczerine uygulamaya ald\u0131\u011f\u0131m\u0131z &#8216;enflasyon muhasebesi&#8217;nde yeni bir a\u015famaya geldik. K\u00fc\u00e7\u00fck i\u015fletmelere y\u00f6nelik ald\u0131\u011f\u0131m\u0131z kararla, yakla\u015f\u0131k 1,5 milyon gelir ve kurumlar vergisi m\u00fckellefini ge\u00e7ici vergi d\u00f6nemlerinde enflasyon d\u00fczeltmesi kapsam\u0131ndan \u00e7\u0131kar\u0131yoruz. 2023 y\u0131l\u0131 sonu itibar\u0131yla cirosu 50 milyon liran\u0131n alt\u0131nda olan i\u015fletmelerimizin 2024 y\u0131l\u0131 ikinci ve \u00fc\u00e7\u00fcnc\u00fc ge\u00e7ici vergi d\u00f6nemlerinde enflasyon d\u00fczeltmesi yapmas\u0131na gerek olmayacak.&#8221;<\/p>\n<p>Konuya ili\u015fkin haz\u0131rlanan tebli\u011f tasla\u011f\u0131n\u0131n yay\u0131mlanmak \u00fczere Cumhurba\u015fkanl\u0131\u011f\u0131na g\u00f6nderildi\u011fini ifade eden \u015eim\u015fek, 31 Aral\u0131k 2023 tarihli gelir tablolar\u0131ndaki br\u00fct sat\u0131\u015flar\u0131 50 milyon liran\u0131n alt\u0131nda olan gelir ve kurumlar vergisi m\u00fckelleflerinin, 2024 y\u0131l\u0131n\u0131n ikinci ve \u00fc\u00e7\u00fcnc\u00fc ge\u00e7ici vergi d\u00f6nemlerinde enflasyon d\u00fczeltmesi yapmadan beyannamelerini verece\u011fini, buna d\u00f6nem sonu bilan\u00e7olar\u0131n\u0131 eklemeyeceklerini bildirdi.<\/p>\n<p>\u015eim\u015fek, kapsama giren m\u00fckelleflerden daha \u00f6nce beyanname vermi\u015f olanlar\u0131n d\u00fczeltme beyannamesi vermesi gerekece\u011fini belirterek, &#8220;D\u00fczeltme beyanlar\u0131n\u0131 6 Eyl\u00fcl 2024&#8217;e kadar yapan m\u00fckellefler herhangi bir ceza veya faiz \u00f6demeyecek&#8221; dedi.<\/p>\n<p><b><strong>Yat\u0131r\u0131m yapan m\u00fckellefler i\u00e7in yeni model \u00fczerinde \u00e7al\u0131\u015f\u0131l\u0131yor<\/strong><\/b><\/p>\n<p>Bakan \u015eim\u015fek, enflasyon d\u00fczeltmesinin, yat\u0131r\u0131m finansman giderlerinin maliyetlere eklenmesi nedeniyle \u00fcretime ge\u00e7ilmeden ilave vergiye neden oldu\u011fu y\u00f6n\u00fcndeki tart\u0131\u015fmalara da dikkati \u00e7ekerek, \u015fu de\u011ferlendirmede bulundu:<\/p>\n<p>&#8220;Enflasyon d\u00fczeltmesiyle amac\u0131m\u0131z mali tablolar\u0131n ger\u00e7ek durumu ifade eder hale gelmesini sa\u011flamak. Yat\u0131r\u0131m yaparak b\u00fcy\u00fcme, istihdam gibi makroekonomik g\u00f6stergelere katk\u0131lar sunan ve faaliyet g\u00f6sterdi\u011fi alanlarda \u00f6nemli \u00f6l\u00e7\u00fcde katma de\u011fer yaratan i\u015fletmelerin devam eden yat\u0131r\u0131mlar\u0131n\u0131 muhasebele\u015ftirdikleri harcamalar\u0131n enflasyon d\u00fczeltmesinden kaynakl\u0131 olumsuz etkilerini asgari seviyede tutmak i\u00e7in ilgili birimlere talimatlar\u0131m\u0131z\u0131 verdik. Uygulaman\u0131n yat\u0131r\u0131m maliyetlerini art\u0131rmamas\u0131 gerekti\u011fini de\u011ferlendirerek, yat\u0131r\u0131m yapan m\u00fckelleflere enflasyon d\u00fczeltmesinde kolayl\u0131k sa\u011flayacak form\u00fcller \u00fczerinde \u00e7al\u0131\u015f\u0131yoruz. Bu kapsamda, devam eden yat\u0131r\u0131mlar hesab\u0131n\u0131n enflasyon d\u00fczeltmesinden kaynakl\u0131 de\u011ferlenmesi nedeniyle olu\u015fan karlar\u0131n \u00f6zel bir fona al\u0131narak vergilenmemesi ve bu hesab\u0131n i\u015fletme d\u00f6neminde 5 y\u0131l gibi bir s\u00fcrede vergiye tabi kazanc\u0131n tespitinde dikkate al\u0131nabilmesine y\u00f6nelik bir model de se\u00e7enekler aras\u0131nda yer al\u0131yor. Yat\u0131r\u0131m d\u00f6neminde enflasyon d\u00fczeltmesi uygulamas\u0131nda tercih edilecek model ne olursa olsun konunun \u00e7\u00f6z\u00fcm\u00fc i\u00e7in kanuni d\u00fczenleme gerekiyor. Ekim ay\u0131nda Meclisin a\u00e7\u0131lmas\u0131yla birlikte bu konuyu da yasaman\u0131n g\u00fcndemine gelmesi i\u00e7in \u00e7al\u0131\u015f\u0131yoruz.&#8221;<\/p>\n<p>Enflasyon d\u00fczeltmesi, paran\u0131n sat\u0131n alma g\u00fcc\u00fcndeki de\u011fi\u015fimler sonucu mali tablolar\u0131n ger\u00e7ek durumu ifade eder hale gelmelerini sa\u011flamak \u00fczere d\u00fczeltme i\u015flemine tabi tutulmas\u0131 olarak tan\u0131mlan\u0131yor.<\/p>\n<p>Bilan\u00e7olar\u0131nda aktif hesaplar\u0131 g\u00fc\u00e7l\u00fc m\u00fckellefler bu varl\u0131klar\u0131n\u0131 sermayeleriyle edinmi\u015flerse enflasyon d\u00fczeltmesinden olumlu etkileniyor, vergi y\u00fckleri azal\u0131yor.<\/p>\n<p>Bor\u00e7lar\u0131 fazla m\u00fckellefler ise bor\u00e7 kaleminin d\u00fczeltmeye tabi olmamas\u0131 nedeniyle olumsuz etkileniyor, ilave vergi \u00f6demeleri s\u00f6z konusu olabiliyor.<\/p>\n<p>Bakanl\u0131k taraf\u0131ndan \u00e7al\u0131\u015f\u0131lan tebli\u011fle sermayeden ziyade yabanc\u0131 finansman kaynaklar\u0131 kullanarak faaliyetlerini s\u00fcrd\u00fcren ve uygulamadan daha fazla olumsuz etkilenme potansiyeli bulunan yakla\u015f\u0131k 1,5 milyon gelir ve kurumlar vergisi m\u00fckellefinin ge\u00e7ici vergi d\u00f6nemlerinde enflasyon d\u00fczeltmesi kapsam\u0131ndan \u00e7\u0131kar\u0131lmas\u0131, bu m\u00fckelleflerin hesap d\u00f6nemi sonunda d\u00fczeltme yapmalar\u0131 ve uygulamadan daha az etkilenmeleri ama\u00e7lan\u0131yor.<\/p>\n<\/div>\n<p><\/p>\n<p>Kaynak :\u00a0<span style=\"background-color: rgb(255, 249, 236); color: rgb(55, 58, 60); font-size: 14px;\">Bloomberg HT<\/span><\/p>\n<p><span style=\"display: block; width: 343.125px; color: rgb(55, 58, 60); font-size: 14px; background-color: rgb(255, 249, 236);\"><\/span><\/p>\n","protected":false},"excerpt":{"rendered":"<p>Hazine ve Maliye Bakan\u0131 Mehmet \u015eim\u015fek, &#8220;K\u00fc\u00e7\u00fck i\u015fletmelere kolayl\u0131k sa\u011flamak i\u00e7in yakla\u015f\u0131k 1,5 milyon m\u00fckellefi ge\u00e7ici vergi d\u00f6nemlerinde enflasyon d\u00fczeltmesi kapsam\u0131ndan \u00e7\u0131kar\u0131yoruz&#8221; dedi.<\/p>\n","protected":false},"author":1,"featured_media":74281,"comment_status":"open","ping_status":"open","sticky":false,"template":"","format":"standard","meta":{"footnotes":""},"categories":[2],"tags":[2144,3932,964,384,79],"class_list":["post-74280","post","type-post","status-publish","format-standard","has-post-thumbnail","hentry","category-ekonomi","tag-enflasyon-duzeltmesi","tag-mukellefler","tag-simsek","tag-vergi","tag-yatirim"],"_links":{"self":[{"href":"https:\/\/ekamu.net\/index.php\/wp-json\/wp\/v2\/posts\/74280","targetHints":{"allow":["GET"]}}],"collection":[{"href":"https:\/\/ekamu.net\/index.php\/wp-json\/wp\/v2\/posts"}],"about":[{"href":"https:\/\/ekamu.net\/index.php\/wp-json\/wp\/v2\/types\/post"}],"author":[{"embeddable":true,"href":"https:\/\/ekamu.net\/index.php\/wp-json\/wp\/v2\/users\/1"}],"replies":[{"embeddable":true,"href":"https:\/\/ekamu.net\/index.php\/wp-json\/wp\/v2\/comments?post=74280"}],"version-history":[{"count":1,"href":"https:\/\/ekamu.net\/index.php\/wp-json\/wp\/v2\/posts\/74280\/revisions"}],"predecessor-version":[{"id":74282,"href":"https:\/\/ekamu.net\/index.php\/wp-json\/wp\/v2\/posts\/74280\/revisions\/74282"}],"wp:featuredmedia":[{"embeddable":true,"href":"https:\/\/ekamu.net\/index.php\/wp-json\/wp\/v2\/media\/74281"}],"wp:attachment":[{"href":"https:\/\/ekamu.net\/index.php\/wp-json\/wp\/v2\/media?parent=74280"}],"wp:term":[{"taxonomy":"category","embeddable":true,"href":"https:\/\/ekamu.net\/index.php\/wp-json\/wp\/v2\/categories?post=74280"},{"taxonomy":"post_tag","embeddable":true,"href":"https:\/\/ekamu.net\/index.php\/wp-json\/wp\/v2\/tags?post=74280"}],"curies":[{"name":"wp","href":"https:\/\/api.w.org\/{rel}","templated":true}]}}