{"id":74577,"date":"2024-08-30T09:12:06","date_gmt":"2024-08-30T09:12:06","guid":{"rendered":"https:\/\/ekamu.net\/?p=74577"},"modified":"2024-08-30T09:12:06","modified_gmt":"2024-08-30T09:12:06","slug":"apple-intelligence-betasi-herkese-aciliyor","status":"publish","type":"post","link":"https:\/\/ekamu.net\/index.php\/2024\/08\/30\/apple-intelligence-betasi-herkese-aciliyor\/","title":{"rendered":"Apple Intelligence betas\u0131 herkese a\u00e7\u0131l\u0131yor"},"content":{"rendered":"<p><figure> <span> <img decoding=\"async\" src=\"https:\/\/ekamu.net\/wp-content\/uploads\/2024\/08\/apple-intelligence-betasi-herkese-aciliyor-0-s51etaIk.jpg\"\/> <\/span> Apple\u2019\u0131n b\u00fcy\u00fck yat\u0131r\u0131mlarla hayata ge\u00e7irdi\u011fi Apple Intelligence yapay zek\u00e2 paketi, duyuruldu\u011fu g\u00fcnden bu yana ABD kullan\u0131c\u0131lar\u0131na k\u0131s\u0131tl\u0131 olan bir beta s\u00fcreci ge\u00e7iriyordu. Bu haftadan itibaren genele a\u00e7\u0131ld\u0131. <\/figure>\n<p><b>Apple Intelligence deneyimi<\/b><\/p>\n<p>Daha \u00f6nce <strong>Apple Intelligence<\/strong> paketini deneyimleyebilmek i\u00e7in beta kat\u0131l\u0131mc\u0131lar\u0131n\u0131n ABD s\u0131n\u0131rlar\u0131 i\u00e7erisinde olmas\u0131 ve Siri dilinin de ABD \u0130ngilizcesi olmas\u0131 gerekiyordu. Bu nedenle kullan\u0131c\u0131lar farkl\u0131 \u00e7\u00f6z\u00fcmlerle eri\u015fim sa\u011flayabiliyordu.<\/p>\n<p>iOS 18.1, iPadOS 18.1 ve macOS 15.1 beta 3 s\u00fcr\u00fcmleri ile birlikte ABD d\u0131\u015f\u0131nda ya\u015fayan kullan\u0131c\u0131lar da bundan faydalanabilecek. Kullan\u0131c\u0131lar\u0131n \u015fart olarak yine Siri dilini ABD \u0130ngilizcesine \u00e7evirmesi gerekiyor. Hali haz\u0131rda sadece iPhone 15 Pro ve iPhone 15 Pro Max modelleri Apple Intelligence ile uyumlu.<\/p>\n\n<p><span style=\"display: block; width: 343.125px; color: rgb(55, 58, 60); font-size: 14px; background-color: rgb(255, 249, 236);\"><\/span><\/p>\n<p>Kaynak :\u00a0<span style=\"background-color: rgb(255, 249, 236); color: rgb(55, 58, 60); font-size: 14px;\">https:\/\/www.donanimhaber.com\/apple-intelligence-artik-erisime-acik&#8211;181336<\/span><\/p>\n","protected":false},"excerpt":{"rendered":"<p>Apple\u2019\u0131n b\u00fcy\u00fck yat\u0131r\u0131mlarla hayata ge\u00e7irdi\u011fi Apple Intelligence yapay zek\u00e2 paketi, duyuruldu\u011fu g\u00fcnden bu yana ABD kullan\u0131c\u0131lar\u0131na k\u0131s\u0131tl\u0131 olan bir beta s\u00fcreci ge\u00e7iriyordu. Bu haftadan itibaren genele a\u00e7\u0131ld\u0131. Apple Intelligence deneyimi Daha &#8230;<\/p>\n","protected":false},"author":1,"featured_media":74578,"comment_status":"open","ping_status":"open","sticky":false,"template":"","format":"standard","meta":{"footnotes":""},"categories":[8],"tags":[433,140],"class_list":["post-74577","post","type-post","status-publish","format-standard","has-post-thumbnail","hentry","category-teknoloji","tag-abd","tag-apple"],"_links":{"self":[{"href":"https:\/\/ekamu.net\/index.php\/wp-json\/wp\/v2\/posts\/74577","targetHints":{"allow":["GET"]}}],"collection":[{"href":"https:\/\/ekamu.net\/index.php\/wp-json\/wp\/v2\/posts"}],"about":[{"href":"https:\/\/ekamu.net\/index.php\/wp-json\/wp\/v2\/types\/post"}],"author":[{"embeddable":true,"href":"https:\/\/ekamu.net\/index.php\/wp-json\/wp\/v2\/users\/1"}],"replies":[{"embeddable":true,"href":"https:\/\/ekamu.net\/index.php\/wp-json\/wp\/v2\/comments?post=74577"}],"version-history":[{"count":1,"href":"https:\/\/ekamu.net\/index.php\/wp-json\/wp\/v2\/posts\/74577\/revisions"}],"predecessor-version":[{"id":74580,"href":"https:\/\/ekamu.net\/index.php\/wp-json\/wp\/v2\/posts\/74577\/revisions\/74580"}],"wp:featuredmedia":[{"embeddable":true,"href":"https:\/\/ekamu.net\/index.php\/wp-json\/wp\/v2\/media\/74578"}],"wp:attachment":[{"href":"https:\/\/ekamu.net\/index.php\/wp-json\/wp\/v2\/media?parent=74577"}],"wp:term":[{"taxonomy":"category","embeddable":true,"href":"https:\/\/ekamu.net\/index.php\/wp-json\/wp\/v2\/categories?post=74577"},{"taxonomy":"post_tag","embeddable":true,"href":"https:\/\/ekamu.net\/index.php\/wp-json\/wp\/v2\/tags?post=74577"}],"curies":[{"name":"wp","href":"https:\/\/api.w.org\/{rel}","templated":true}]}}