{"id":74597,"date":"2024-08-30T10:36:05","date_gmt":"2024-08-30T10:36:05","guid":{"rendered":"https:\/\/ekamu.net\/?p=74597"},"modified":"2024-08-30T10:36:05","modified_gmt":"2024-08-30T10:36:05","slug":"microsoft-tartismali-recall-ozelligini-kaldirilabilir-hale-getiriyor","status":"publish","type":"post","link":"https:\/\/ekamu.net\/index.php\/2024\/08\/30\/microsoft-tartismali-recall-ozelligini-kaldirilabilir-hale-getiriyor\/","title":{"rendered":"Microsoft, tart\u0131\u015fmal\u0131 Recall \u00f6zelli\u011fini kald\u0131r\u0131labilir hale getiriyor"},"content":{"rendered":"<p><figure> <span> <img decoding=\"async\" src=\"https:\/\/ekamu.net\/wp-content\/uploads\/2024\/08\/microsoft-tartismali-recall-ozelligini-kaldirilabilir-hale-getiriyor-0-sCn5PZzr.jpg\"\/> <\/span> <strong>Microsoft<\/strong>&#8216;un olumsuz kullan\u0131c\u0131 tepkileri nedeniyle erteledi\u011fi tart\u0131\u015fmal\u0131 \u00f6zellik <strong>Recall <\/strong>art\u0131k iste\u011fe ba\u011fl\u0131 olacak ve i\u015fletim sisteminden <strong>kald\u0131r\u0131labilecek<\/strong>. <\/figure>\n<p>Microsoft geli\u015ftiricileri <strong>Windows 11 i\u00e7in KB5041865<\/strong> numaral\u0131 A\u011fustos k\u00fcm\u00fclatif g\u00fcncellemesini yay\u0131nlad\u0131 ve bu g\u00fcncelleme Recall i\u015fleviyle ilgili faydal\u0131 <strong>de\u011fi\u015fiklikler<\/strong> getiriyor. \u00d6rne\u011fin, art\u0131k bu bile\u015feni sistemden <strong>tamamen kald\u0131rmak<\/strong> m\u00fcmk\u00fcn. Daha \u00f6nce Windows 11 kullan\u0131c\u0131lar\u0131 bu bile\u015feni yaln\u0131zca engelleyebiliyor ya da <strong>devre d\u0131\u015f\u0131 <\/strong>b\u0131rakabiliyorlard\u0131.<\/p>\n<p><figure> <span> <img decoding=\"async\" src=\"https:\/\/ekamu.net\/wp-content\/uploads\/2024\/08\/microsoft-tartismali-recall-ozelligini-kaldirilabilir-hale-getiriyor-1-TKUQW7Ir.jpg\"\/> <\/span> <\/figure>\n<\/p>\n<p><b>Gizlilik tart\u0131\u015fmalar\u0131na neden olmu\u015ftu<\/b><\/p>\n<p>Tart\u0131\u015fmal\u0131 \u00f6zellik Recall, sistemin <strong>ekran g\u00f6r\u00fcnt\u00fclerini al\u0131yor <\/strong>ve yapay zeka taraf\u0131ndan i\u015flenmek \u00fczere bilgisayardaki eylemleri kaydediyor. \u015eirkete g\u00f6re de bunu, gelecekte kullan\u0131c\u0131n\u0131n t\u00fcm i\u015flemleri bir <strong>zaman \u00e7izelgesi bi\u00e7iminde <\/strong>g\u00f6r\u00fcnt\u00fcleyebilmesini sa\u011flamak i\u00e7in yap\u0131yor. \u00d6rne\u011fin, bir belgenin ne zaman d\u00fczenlendi\u011fini veya bir program\u0131n <strong>ne zaman<\/strong> kapat\u0131ld\u0131\u011f\u0131n\u0131 bulmak i\u00e7in.<\/p>\n<figure> <span> <img decoding=\"async\" src=\"https:\/\/ekamu.net\/wp-content\/uploads\/2024\/08\/microsoft-tartismali-recall-ozelligini-kaldirilabilir-hale-getiriyor-2-WkwhtXwJ.jpg\"\/> <\/span> Kullan\u0131c\u0131lar ise bunu bir <strong>gizlilik ihlali <\/strong>olarak de\u011ferlendirdiler ve Recall&#8217;un i\u015fletim sisteminin <strong>zorunlu <\/strong>bir bile\u015feni olarak da\u011f\u0131t\u0131lmas\u0131ndan duyduklar\u0131 <strong>memnuniyetsizli\u011fi<\/strong> dile getirdiler. Sonras\u0131nda da Microsoft bu i\u015flevi geri \u00e7ekmek ve hatta test s\u00fcr\u00fcmlerinden de <strong>kald\u0131rmak<\/strong> zorunda kald\u0131. <\/figure>\n<\/p>\n<p><span style=\"display: block; width: 343.125px; color: rgb(55, 58, 60); font-size: 14px; background-color: rgb(255, 249, 236);\"><\/span><\/p>\n<p>Kaynak :\u00a0<span style=\"background-color: rgb(255, 249, 236); color: rgb(55, 58, 60); font-size: 14px;\">https:\/\/www.donanimhaber.com\/microsoft-recall-ozelligini-kaldirilabilir-hale-getiriyor&#8211;181347<\/span><\/p>\n","protected":false},"excerpt":{"rendered":"<p>Microsoft&#8217;un olumsuz kullan\u0131c\u0131 tepkileri nedeniyle erteledi\u011fi tart\u0131\u015fmal\u0131 \u00f6zellik Recall art\u0131k iste\u011fe ba\u011fl\u0131 olacak ve i\u015fletim sisteminden kald\u0131r\u0131labilecek. Microsoft geli\u015ftiricileri Windows 11 i\u00e7in KB5041865 numaral\u0131 A\u011fustos k\u00fcm\u00fclatif &#8230;<\/p>\n","protected":false},"author":1,"featured_media":74598,"comment_status":"open","ping_status":"open","sticky":false,"template":"","format":"standard","meta":{"footnotes":""},"categories":[8],"tags":[],"class_list":["post-74597","post","type-post","status-publish","format-standard","has-post-thumbnail","hentry","category-teknoloji"],"_links":{"self":[{"href":"https:\/\/ekamu.net\/index.php\/wp-json\/wp\/v2\/posts\/74597","targetHints":{"allow":["GET"]}}],"collection":[{"href":"https:\/\/ekamu.net\/index.php\/wp-json\/wp\/v2\/posts"}],"about":[{"href":"https:\/\/ekamu.net\/index.php\/wp-json\/wp\/v2\/types\/post"}],"author":[{"embeddable":true,"href":"https:\/\/ekamu.net\/index.php\/wp-json\/wp\/v2\/users\/1"}],"replies":[{"embeddable":true,"href":"https:\/\/ekamu.net\/index.php\/wp-json\/wp\/v2\/comments?post=74597"}],"version-history":[{"count":1,"href":"https:\/\/ekamu.net\/index.php\/wp-json\/wp\/v2\/posts\/74597\/revisions"}],"predecessor-version":[{"id":74602,"href":"https:\/\/ekamu.net\/index.php\/wp-json\/wp\/v2\/posts\/74597\/revisions\/74602"}],"wp:featuredmedia":[{"embeddable":true,"href":"https:\/\/ekamu.net\/index.php\/wp-json\/wp\/v2\/media\/74598"}],"wp:attachment":[{"href":"https:\/\/ekamu.net\/index.php\/wp-json\/wp\/v2\/media?parent=74597"}],"wp:term":[{"taxonomy":"category","embeddable":true,"href":"https:\/\/ekamu.net\/index.php\/wp-json\/wp\/v2\/categories?post=74597"},{"taxonomy":"post_tag","embeddable":true,"href":"https:\/\/ekamu.net\/index.php\/wp-json\/wp\/v2\/tags?post=74597"}],"curies":[{"name":"wp","href":"https:\/\/api.w.org\/{rel}","templated":true}]}}