{"id":74793,"date":"2024-08-31T08:00:06","date_gmt":"2024-08-31T08:00:06","guid":{"rendered":"https:\/\/ekamu.net\/?p=74793"},"modified":"2024-08-31T08:00:06","modified_gmt":"2024-08-31T08:00:06","slug":"enflasyonla-buyume-odunlesmesi-belirginlesecek","status":"publish","type":"post","link":"https:\/\/ekamu.net\/index.php\/2024\/08\/31\/enflasyonla-buyume-odunlesmesi-belirginlesecek\/","title":{"rendered":"\u201cEnflasyonla b\u00fcy\u00fcme \u00f6d\u00fcnle\u015fmesi belirginle\u015fecek\u201d"},"content":{"rendered":"<div>\n<p><strong>Tahsin Ak\u00e7a<\/strong><\/p>\n<p>ABD Merkez Bankas\u0131 (Fed) Finansal \u0130stikrar B\u00f6l\u00fcm\u00fc Ekonomisti Levent Alt\u0131no\u011flu, Fed Ba\u015fkan\u0131 Powell\u2019\u0131n \u2018ayarlama zaman\u0131 geldi\u2019 mesaj\u0131yla faiz indiriminin ba\u015flayaca\u011f\u0131na i\u015faret etti\u011fi konjonkt\u00fcrde k\u00fcresel ko\u015fullar\u0131n T\u00fcrkiye\u2019nin dezenflasyon program\u0131n\u0131n nas\u0131l etkileyece\u011fini, enflasyon ve stagflasyon beklentilerini, kur ve maliye politikalar\u0131n\u0131 Bloomberg B u s i n e s s Week T \u00fc r k i y e \u2019 y e de\u011ferlendirdi.<\/p>\n<p><span><strong>Devam\u0131 Bloomberg Businessweek T\u00fcrkiye&#8217;de!<\/strong><\/span><\/p>\n<\/div>\n<div>\n<p><span><strong>D\u00fcnyan\u0131n en sayg\u0131n ekonomi dergilerinden Bloomberg Businessweek art\u0131k Bloomberg HT ekibi taraf\u0131ndan haz\u0131rlanan i\u00e7erikleriyle T\u00fcrkiye\u2019de! T\u00fcrkiye ve k\u00fcresel piyasalarda t\u00fcm olup bitenler, hisse senedinden para politikas\u0131na hi\u00e7bir yerde bulamayaca\u011f\u0131n\u0131z analizler, i\u00e7erikler ve i\u015f d\u00fcnyas\u0131 temsilcileriyle \u00f6zel r\u00f6portajlarla Bloomberg Businessweek T\u00fcrkiye, e-dergi format\u0131 ve yenilenen i\u00e7eri\u011fiyle yay\u0131nda!<\/strong><\/span><\/p>\n<p><span><strong>T\u00fcm i\u00e7eriklere eri\u015fmek i\u00e7in <\/strong><strong>t\u0131klay\u0131n\u0131z.<\/strong><\/span><\/p>\n<\/div>\n<\/p>\n<p><\/p>\n<p>Kaynak :\u00a0<span style=\"background-color: rgb(255, 249, 236); color: rgb(55, 58, 60); font-size: 14px;\">Bloomberg HT<\/span><\/p>\n<p><span style=\"display: block; width: 343.125px; color: rgb(55, 58, 60); font-size: 14px; background-color: rgb(255, 249, 236);\"><\/span><\/p>\n","protected":false},"excerpt":{"rendered":"<p>Fed\u2019in Finansal \u0130stikrar B\u00f6l\u00fcm\u00fc Ekonomisti Levent Alt\u0131no\u011flu, finansal kurumlar\u0131n kald\u0131ra\u00e7l\u0131 d\u00f6viz pozisyonlar\u0131 likidite sorunu yaratt\u0131\u011f\u0131 i\u00e7in bilinenin aksine k\u00fcresel faizler indik\u00e7e geli\u015fmekte olan \u00fclkelere sermaye ak\u0131m\u0131 konusunda riskler ortaya&#8230;<\/p>\n","protected":false},"author":1,"featured_media":74794,"comment_status":"open","ping_status":"open","sticky":false,"template":"","format":"standard","meta":{"footnotes":""},"categories":[2],"tags":[776,80],"class_list":["post-74793","post","type-post","status-publish","format-standard","has-post-thumbnail","hentry","category-ekonomi","tag-bloomberg","tag-turkiye"],"_links":{"self":[{"href":"https:\/\/ekamu.net\/index.php\/wp-json\/wp\/v2\/posts\/74793","targetHints":{"allow":["GET"]}}],"collection":[{"href":"https:\/\/ekamu.net\/index.php\/wp-json\/wp\/v2\/posts"}],"about":[{"href":"https:\/\/ekamu.net\/index.php\/wp-json\/wp\/v2\/types\/post"}],"author":[{"embeddable":true,"href":"https:\/\/ekamu.net\/index.php\/wp-json\/wp\/v2\/users\/1"}],"replies":[{"embeddable":true,"href":"https:\/\/ekamu.net\/index.php\/wp-json\/wp\/v2\/comments?post=74793"}],"version-history":[{"count":1,"href":"https:\/\/ekamu.net\/index.php\/wp-json\/wp\/v2\/posts\/74793\/revisions"}],"predecessor-version":[{"id":74795,"href":"https:\/\/ekamu.net\/index.php\/wp-json\/wp\/v2\/posts\/74793\/revisions\/74795"}],"wp:featuredmedia":[{"embeddable":true,"href":"https:\/\/ekamu.net\/index.php\/wp-json\/wp\/v2\/media\/74794"}],"wp:attachment":[{"href":"https:\/\/ekamu.net\/index.php\/wp-json\/wp\/v2\/media?parent=74793"}],"wp:term":[{"taxonomy":"category","embeddable":true,"href":"https:\/\/ekamu.net\/index.php\/wp-json\/wp\/v2\/categories?post=74793"},{"taxonomy":"post_tag","embeddable":true,"href":"https:\/\/ekamu.net\/index.php\/wp-json\/wp\/v2\/tags?post=74793"}],"curies":[{"name":"wp","href":"https:\/\/api.w.org\/{rel}","templated":true}]}}