{"id":75491,"date":"2024-09-03T13:12:06","date_gmt":"2024-09-03T13:12:06","guid":{"rendered":"https:\/\/ekamu.net\/?p=75491"},"modified":"2024-09-03T13:12:06","modified_gmt":"2024-09-03T13:12:06","slug":"turkiye-nadir-toprak-elementlerini-islemek-icin-cinle-gorusuyor","status":"publish","type":"post","link":"https:\/\/ekamu.net\/index.php\/2024\/09\/03\/turkiye-nadir-toprak-elementlerini-islemek-icin-cinle-gorusuyor\/","title":{"rendered":"T\u00fcrkiye nadir toprak elementlerini i\u015flemek i\u00e7in \u00c7in\u2019le g\u00f6r\u00fc\u015f\u00fcyor"},"content":{"rendered":"<div>\n<p>Konuyla ilgili bilgi sahibi ki\u015filere g\u00f6re, Enerji Bakan\u0131 Alparslan Bayraktar\u2019\u0131n ekim ay\u0131nda ileri d\u00fczeyde g\u00f6r\u00fc\u015fmeler yapmak \u00fczere \u00c7in\u2019e gidecek bir heyete liderlik etmesi bekleniyor. Bu hamle, T\u00fcrkiye\u2019nin \u00c7in ve Rusya\u2019n\u0131n da dahil oldu\u011fu 5 b\u00fcy\u00fck geli\u015fmekte olan \u00fclkenin olu\u015fturdu\u011fu BRICS\u2019e kat\u0131lmak i\u00e7in ba\u015fvuruda bulundu\u011fu s\u0131rada geldi.<\/p>\n<p>Cumhurba\u015fkan\u0131 Recep Tayyip Erdo\u011fan, temmuz ay\u0131 ba\u015f\u0131nda Kazakistan\u2019da \u00c7in Devlet Ba\u015fkan\u0131 Xi Jinping ile bir araya gelmi\u015f ve bir dizi y\u00fcksek teknoloji uygulamas\u0131nda kullan\u0131lan metallerin geli\u015ftirilmesi konusunda \u00c7in ile i\u015fbirli\u011fini ele alm\u0131\u015ft\u0131.<\/p>\n<\/div>\n<div>\n<p>Sanayi ve Teknoloji Bakan\u0131 Fatih Kac\u0131r, ge\u00e7ti\u011fimiz ay yapt\u0131\u011f\u0131 a\u00e7\u0131klamada \u201c\u00dclkemizi k\u00fcresel nadir toprak elementleri tedarik zincirinde \u00f6nemli bir oyuncu h\u00e2line getirecek end\u00fcstriyel \u00f6l\u00e7ekteki tesisin devreye al\u0131nmas\u0131 i\u00e7in \u00e7al\u0131\u015fmalar\u0131m\u0131z\u0131 s\u00fcrd\u00fcr\u00fcyoruz.\u201d demi\u015fti. Kac\u0131r, \u201cT\u00fcrkiye\u2019yi elektrikli ara\u00e7lar, batarya ve yenilenebilir enerji teknolojilerinde hammaddeden son \u00fcr\u00fcne \u00fcretim zincirinin farkl\u0131 halkalar\u0131nda da s\u00f6z sahibi konuma ta\u015f\u0131yaca\u011f\u0131z\u201d ifadesini kullam\u0131\u015ft\u0131.<\/p>\n<p>\u00c7in, son 30 y\u0131lda madencilikte ve \u00f6zellikle de r\u00fczgar t\u00fcrbinlerinden askeri donan\u0131m ve elektrikli ara\u00e7lara kadar bir\u00e7ok alanda kullan\u0131lan nadir toprak elementlerinin rafine edilmesinde etkili bir rol \u00fcstlendi.<\/p>\n<p>\u00c7inli \u00fcreticiler, T\u00fcrkiye\u2019nin G\u00fcmr\u00fck Birli\u011fi \u00fcyeli\u011finden yararlanarak, Avrupa\u2019daki pazar paylar\u0131n\u0131 art\u0131rmaya \u00e7al\u0131\u015f\u0131yorlar. T\u00fcrkiye halihaz\u0131rda BYD ve Chery Automobile Co Ltd. ile \u00fclkede fabrika yat\u0131r\u0131mlar\u0131 i\u00e7in m\u00fczakereler y\u00fcr\u00fct\u00fcyor.<\/p>\n<p>\u0130ki y\u0131l \u00f6nce T\u00fcrkiye, Eski\u015fehir yak\u0131nlar\u0131ndaki Beylikova\u2019da tek bir alanda d\u00fcnyan\u0131n en b\u00fcy\u00fck ikinci nadir toprak mineralleri rezervini ke\u015ffetmi\u015fti. Enerji Bakanl\u0131\u011f\u0131, hammaddeleri i\u015flemek i\u00e7in bir zenginle\u015ftirme tesisi kurmaya haz\u0131r oldu\u011funu duyurmu\u015ftu.<\/p>\n<p>Yetkililer, T\u00fcrkiye\u2019nin Beylikova\u2019da ke\u015ffedilen elementleri m\u00fcmk\u00fcn olan en y\u00fcksek safl\u0131kta ayr\u0131 ayr\u0131 elementlere ay\u0131rmak istedi\u011fine dikkat \u00e7ekiyor.<\/p>\n<p>\u00c7in Kom\u00fcnist Partisi\u2019nin yay\u0131n organ\u0131 Global Times gazetesi de o d\u00f6nemde bu bulgunun \u00c7in ve T\u00fcrkiye\u2019nin i\u015fbirli\u011fi yapmas\u0131 i\u00e7in bir f\u0131rsat yaratt\u0131\u011f\u0131n\u0131 yazm\u0131\u015ft\u0131.<\/p>\n<\/div>\n<\/p>\n<p><\/p>\n<p>Kaynak :\u00a0<span style=\"background-color: rgb(255, 249, 236); color: rgb(55, 58, 60); font-size: 14px;\">Bloomberg HT<\/span><\/p>\n<p><span style=\"display: block; width: 343.125px; color: rgb(55, 58, 60); font-size: 14px; background-color: rgb(255, 249, 236);\"><\/span><\/p>\n","protected":false},"excerpt":{"rendered":"<p>T\u00fcrkiye, nadir toprak elementleri rezervlerini i\u015flemek i\u00e7in \u00c7in ile i\u015fbirli\u011fi yapmaya haz\u0131rlan\u0131yor. Olas\u0131 i\u015fbirli\u011fi \u00fclkeyi \u00c7inli elektrikli ara\u00e7 (EV) ve batarya \u00fcreticileri i\u00e7in daha cazip hale getirebilir.<\/p>\n","protected":false},"author":1,"featured_media":75492,"comment_status":"open","ping_status":"open","sticky":false,"template":"","format":"standard","meta":{"footnotes":""},"categories":[2],"tags":[380,4331,80],"class_list":["post-75491","post","type-post","status-publish","format-standard","has-post-thumbnail","hentry","category-ekonomi","tag-cin","tag-ele","tag-turkiye"],"_links":{"self":[{"href":"https:\/\/ekamu.net\/index.php\/wp-json\/wp\/v2\/posts\/75491","targetHints":{"allow":["GET"]}}],"collection":[{"href":"https:\/\/ekamu.net\/index.php\/wp-json\/wp\/v2\/posts"}],"about":[{"href":"https:\/\/ekamu.net\/index.php\/wp-json\/wp\/v2\/types\/post"}],"author":[{"embeddable":true,"href":"https:\/\/ekamu.net\/index.php\/wp-json\/wp\/v2\/users\/1"}],"replies":[{"embeddable":true,"href":"https:\/\/ekamu.net\/index.php\/wp-json\/wp\/v2\/comments?post=75491"}],"version-history":[{"count":1,"href":"https:\/\/ekamu.net\/index.php\/wp-json\/wp\/v2\/posts\/75491\/revisions"}],"predecessor-version":[{"id":75493,"href":"https:\/\/ekamu.net\/index.php\/wp-json\/wp\/v2\/posts\/75491\/revisions\/75493"}],"wp:featuredmedia":[{"embeddable":true,"href":"https:\/\/ekamu.net\/index.php\/wp-json\/wp\/v2\/media\/75492"}],"wp:attachment":[{"href":"https:\/\/ekamu.net\/index.php\/wp-json\/wp\/v2\/media?parent=75491"}],"wp:term":[{"taxonomy":"category","embeddable":true,"href":"https:\/\/ekamu.net\/index.php\/wp-json\/wp\/v2\/categories?post=75491"},{"taxonomy":"post_tag","embeddable":true,"href":"https:\/\/ekamu.net\/index.php\/wp-json\/wp\/v2\/tags?post=75491"}],"curies":[{"name":"wp","href":"https:\/\/api.w.org\/{rel}","templated":true}]}}