{"id":75550,"date":"2024-09-03T16:48:05","date_gmt":"2024-09-03T16:48:05","guid":{"rendered":"https:\/\/ekamu.net\/?p=75550"},"modified":"2024-09-03T16:48:05","modified_gmt":"2024-09-03T16:48:05","slug":"turkiye-ile-isvec-arasinda-jetco-protokolu","status":"publish","type":"post","link":"https:\/\/ekamu.net\/index.php\/2024\/09\/03\/turkiye-ile-isvec-arasinda-jetco-protokolu\/","title":{"rendered":"T\u00fcrkiye ile \u0130sve\u00e7 aras\u0131nda JETCO Protokol\u00fc\u00a0"},"content":{"rendered":"<div>\n<p>Ticaret Bakan\u0131 \u00d6mer Bolat, sosyal medya hesab\u0131ndan yapt\u0131\u011f\u0131 yaz\u0131l\u0131 a\u00e7\u0131klamada, \u0130sve\u00e7&#8217;te, Uluslararas\u0131 Kalk\u0131nma \u0130\u015fbirli\u011fi ve D\u0131\u015f Ticaret Bakan\u0131 Johan Forssell ile T\u00fcrkiye-\u0130sve\u00e7 Ekonomi ve Ticaret Ortak Komitesi (JETCO\/ETOK) II. D\u00f6nem Toplant\u0131s\u0131 vesilesiyle bir araya geldiklerini belirtti.<\/p>\n<p>Ziyaret \u00e7er\u00e7evesinde iki \u00fclke aras\u0131ndaki i\u015fbirli\u011fini ve f\u0131rsatlar\u0131 de\u011ferlendirdiklerini ifade eden Bolat, \u015funlar\u0131 kaydetti:<\/p>\n<p>&#8220;Toplant\u0131da, \u00f6zellikle yenilenebilir enerji, sa\u011fl\u0131k turizmi, ye\u015fil ekonomi, teknoloji, savunma, KOB\u0130&#8217;ler ve start-uplar konusunda yeni i\u015fbirlikleri i\u00e7in g\u00fc\u00e7l\u00fc bir zemin in\u015fa ettik, yol haritam\u0131z\u0131 imzalad\u0131\u011f\u0131m\u0131z JETCO Protokol\u00fc ile kayda ge\u00e7irdik. \u00d6zel sekt\u00f6r kurulu\u015flar\u0131m\u0131z, i\u015f d\u00fcnyam\u0131z, sanayicilerimiz ve \u015firketlerimizle el ele vererek ikili ticaret hacmimizi k\u0131sa s\u00fcre i\u00e7erisinde 5 milyar dolar\u0131n \u00fczerine \u00e7\u0131karmay\u0131 hedefliyoruz.&#8221;<\/p>\n<\/div>\n<div>\n<p>Bolat, \u0130sve\u00e7 ile ikili i\u015fbirli\u011fini ilerletmenin yan\u0131 s\u0131ra g\u00fcmr\u00fck birli\u011finin modernizasyonu i\u00e7in de ortak \u00e7al\u0131\u015fmalar yapmaya devam edeceklerinin alt\u0131n\u0131 \u00e7izdi.<\/p>\n<p><b>Bolat, Stokholm&#8217;de T\u00fcrk ve \u0130sve\u00e7 i\u015f d\u00fcnyas\u0131ndan temsilcilerle bulu\u015ftu<\/b><\/p>\n<p>Forssell ile birlikte JETCO toplant\u0131s\u0131 marj\u0131nda Stokholm&#8217;de T\u00fcrk ve \u0130sve\u00e7 i\u015f d\u00fcnyas\u0131ndan temsilcilerin kat\u0131ld\u0131\u011f\u0131 bir Yuvarlak Masa Toplant\u0131s\u0131&#8217;n\u0131 da ger\u00e7ekle\u015ftirdiklerini belirten Bolat, &#8220;K\u00fcresel ticaretin dijitalle\u015fme ve ye\u015fil d\u00f6n\u00fc\u015f\u00fcm ekseninde yeniden \u015fekillendi\u011fi bir d\u00f6nemde T\u00fcrkiye, Avrupa\u2019daki ve d\u00fcnyadaki ekonomik ve ticari geli\u015fmeleri yak\u0131ndan takip etmekte; yeni geli\u015fmelere y\u00f6n vermekte ve inovatif politikalar\u0131 ve etkin yat\u0131r\u0131m te\u015fvik enstr\u00fcmanlar\u0131yla uluslarararas\u0131 yat\u0131r\u0131mlara g\u00fcvenli bir lokasyon olma konumunu kuvvetlendirmektedir&#8221; ifadesini kulland\u0131.<\/p>\n<p>Bakan Bolat, k\u00fcresel ticaret ve tedarik zinciri i\u00e7in ortaya \u00e7\u0131kan yeni s\u0131namalar\u0131n yan\u0131 ba\u015f\u0131nda, \u0130sve\u00e7li i\u015f insanlar\u0131n\u0131n da T\u00fcrkiye&#8217;yi g\u00fcvenilir bir ticari ortak olarak, gelecek planlar\u0131n\u0131n merkezine koymu\u015f olmalar\u0131n\u0131n memnuniyet verici oldu\u011funu kaydederek, &#8220;Bug\u00fcn ger\u00e7ekle\u015ftirdi\u011fimiz toplant\u0131lar\u0131n \u00f6n\u00fcm\u00fczdeki d\u00f6nemde yeni i\u015f birli\u011fi alanlar\u0131n\u0131n ortaya \u00e7\u0131kmas\u0131na ve \u0130sve\u00e7 ile ili\u015fkilerimizi daha da derinle\u015ftirece\u011fine inan\u0131yoruz&#8221; de\u011ferlendirmesinde bulundu.<\/p>\n<\/div>\n<\/p>\n<p><\/p>\n<p>Kaynak :\u00a0<span style=\"background-color: rgb(255, 249, 236); color: rgb(55, 58, 60); font-size: 14px;\">Bloomberg HT<\/span><\/p>\n<p><span style=\"display: block; width: 343.125px; color: rgb(55, 58, 60); font-size: 14px; background-color: rgb(255, 249, 236);\"><\/span><\/p>\n","protected":false},"excerpt":{"rendered":"<p>Ticaret Bakan\u0131 \u00d6mer Bolat, T\u00fcrkiye-\u0130sve\u00e7 aras\u0131ndaki ticaret hacmini k\u0131sa s\u00fcre i\u00e7erisinde 5 milyar dolar\u0131n \u00fczerine \u00e7\u0131karmay\u0131 hedeflediklerini bildirdi.<\/p>\n","protected":false},"author":1,"featured_media":75551,"comment_status":"open","ping_status":"open","sticky":false,"template":"","format":"standard","meta":{"footnotes":""},"categories":[2],"tags":[96,90,4336,254,220],"class_list":["post-75550","post","type-post","status-publish","format-standard","has-post-thumbnail","hentry","category-ekonomi","tag-bolat","tag-is","tag-isvec","tag-ticaret","tag-turk"],"_links":{"self":[{"href":"https:\/\/ekamu.net\/index.php\/wp-json\/wp\/v2\/posts\/75550","targetHints":{"allow":["GET"]}}],"collection":[{"href":"https:\/\/ekamu.net\/index.php\/wp-json\/wp\/v2\/posts"}],"about":[{"href":"https:\/\/ekamu.net\/index.php\/wp-json\/wp\/v2\/types\/post"}],"author":[{"embeddable":true,"href":"https:\/\/ekamu.net\/index.php\/wp-json\/wp\/v2\/users\/1"}],"replies":[{"embeddable":true,"href":"https:\/\/ekamu.net\/index.php\/wp-json\/wp\/v2\/comments?post=75550"}],"version-history":[{"count":1,"href":"https:\/\/ekamu.net\/index.php\/wp-json\/wp\/v2\/posts\/75550\/revisions"}],"predecessor-version":[{"id":75552,"href":"https:\/\/ekamu.net\/index.php\/wp-json\/wp\/v2\/posts\/75550\/revisions\/75552"}],"wp:featuredmedia":[{"embeddable":true,"href":"https:\/\/ekamu.net\/index.php\/wp-json\/wp\/v2\/media\/75551"}],"wp:attachment":[{"href":"https:\/\/ekamu.net\/index.php\/wp-json\/wp\/v2\/media?parent=75550"}],"wp:term":[{"taxonomy":"category","embeddable":true,"href":"https:\/\/ekamu.net\/index.php\/wp-json\/wp\/v2\/categories?post=75550"},{"taxonomy":"post_tag","embeddable":true,"href":"https:\/\/ekamu.net\/index.php\/wp-json\/wp\/v2\/tags?post=75550"}],"curies":[{"name":"wp","href":"https:\/\/api.w.org\/{rel}","templated":true}]}}