{"id":75664,"date":"2024-09-04T06:12:05","date_gmt":"2024-09-04T06:12:05","guid":{"rendered":"https:\/\/ekamu.net\/?p=75664"},"modified":"2024-09-04T06:12:05","modified_gmt":"2024-09-04T06:12:05","slug":"hatice-karahan-para-politikasi-gecikmeli-etkileri-ile-bir-yandan-meyvelerini-veriyor","status":"publish","type":"post","link":"https:\/\/ekamu.net\/index.php\/2024\/09\/04\/hatice-karahan-para-politikasi-gecikmeli-etkileri-ile-bir-yandan-meyvelerini-veriyor\/","title":{"rendered":"Hatice Karahan: Para politikas\u0131 gecikmeli etkileri ile bir yandan meyvelerini veriyor"},"content":{"rendered":"<div>\n<p>Merkez Bankas\u0131 Ba\u015fkan Yard\u0131mc\u0131s\u0131 Hatice Karahan Reuters haber ajans\u0131na a\u00e7\u0131klamalarda bulundu.<\/p>\n<p>Karahan&#8217;\u0131n s\u00f6yle\u015fisinde \u00f6ne \u00e7\u0131kanlar \u015f\u00f6yle;<\/p>\n<p>Karahan enflasyon hakk\u0131nda, &#8220;Ayl\u0131k enflasyonun ana e\u011filiminde zay\u0131flaman\u0131n devam etmesi, hedefledi\u011fimiz dezenflasyon patikas\u0131 i\u00e7in kritik \u00f6nemde. A\u011fustos verileri bize \u015funu s\u00f6yl\u00fcyor: Mal enflasyonunda \u0131l\u0131ml\u0131 seyir devam ederken hizmetler taraf\u0131nda kat\u0131l\u0131k s\u00fcr\u00fcyor. Bununla birlikte hizmetlerdeki enflasyonu anlamak i\u00e7in bu grubu iki kategoriye ay\u0131rmakta fayda var: Bir grupta, talep ko\u015fullar\u0131na duyarl\u0131l\u0131\u011f\u0131 nispeten belirgin olan lokanta-oteller gibi kalemler var. Burada bir s\u00fcredir bir yava\u015flama e\u011filimi s\u00f6z konusu.Di\u011fer grupta ise, zamana ba\u011fl\u0131 fiyatlama davran\u0131\u015f\u0131 hakim. Bu kalemler, fiyatlar\u0131 g\u00fcncellendi\u011finde ge\u00e7mi\u015f enflasyonun yans\u0131malar\u0131n\u0131 g\u00fcn\u00fcm\u00fcze ta\u015f\u0131yor. E\u011fitim, bu grupta \u00f6ne \u00e7\u0131kan kalemlerden biri ve ilgili g\u00fcncellemeler A\u011fustos-Eyl\u00fcl aylar\u0131nda endekse girdi\u011finden bu aylarda ana e\u011filimi y\u00fckseltiyor. B ve C gibi g\u00f6stergeler ise ana e\u011filimde y\u00fckseli\u015f sinyalleri verirken fiyat de\u011fi\u015fimlerinin ayl\u0131k da\u011f\u0131l\u0131m\u0131na ba\u011fl\u0131 SATRIM ve medyan gibi \u00e7ekirdek g\u00f6stergeler ana e\u011filimde yava\u015flama ima ediyor. Bu da B ve C&#8217;deki art\u0131\u015f\u0131n, belirli kalemlerden kaynakland\u0131\u011f\u0131n\u0131 g\u00f6steriyor. Ana e\u011filimi y\u00fckselten zamana ba\u011fl\u0131 fiyatlanan hizmet kalemlerinin de son \u00e7eyrekte d\u00fc\u015f\u00fc\u015f e\u011filimine girece\u011fini de\u011ferlendiriyoruz. Enflasyonda d\u00fc\u015f\u00fc\u015f seyri devam ettik\u00e7e, beklentilerde de iyile\u015fmeler olaca\u011f\u0131n\u0131 \u00f6ng\u00f6r\u00fcyoruz. Bu zaten her zaman belirtti\u011fimiz gibi s\u00fcrecin dikkatle izledi\u011fimiz bir aya\u011f\u0131.Fiyat istikrar\u0131 hedefimiz do\u011frultusunda, dezenflasyon s\u00fcrecinin sa\u011flam bir \u015fekilde s\u00fcrmesi gerekti\u011fine \u015f\u00fcphe yok. Para politikas\u0131 gecikmeli etkileriyle bir yandan meyvelerini verirken, dezenflasyonun en verimli bi\u00e7imde ilerlemesi i\u00e7in maliye politikas\u0131ndan gelecek g\u00fc\u00e7l\u00fc bir deste\u011fi \u00f6nemsiyoruz. Mali g\u00f6r\u00fcn\u00fcm, \u00f6n\u00fcm\u00fczdeki d\u00f6nemde enflasyon g\u00f6r\u00fcn\u00fcm\u00fcne etkileri a\u00e7\u0131s\u0131ndan kritik olacak. Bu anlamda OVP de bu hafta bir yol haritas\u0131 a\u00e7\u0131klayacak&#8221; dedi.<\/p>\n<\/div>\n<div>\n<p>B\u00fcy\u00fcme rakamlar\u0131 hakk\u0131nda da de\u011ferlendirmede bulunan Hatica Karahan, &#8220;\u0130kinci \u00e7eyrek GSYH verileri iktisadi faaliyette \u00f6ng\u00f6rd\u00fc\u011f\u00fcm\u00fcz yava\u015flamay\u0131 teyit ederken, b\u00fcy\u00fcmenin kompozisyonunda dengelenme belirginle\u015fiyor. Net ihracat\u0131n ve yurti\u00e7i talebin y\u0131ll\u0131k b\u00fcy\u00fcmeye katk\u0131lar\u0131 giderek daha sa\u011fl\u0131kl\u0131 hale geliyor. \u00c7e\u015fitli g\u00f6stergeler, b\u00fcy\u00fcmedeki bu dengelenme s\u00fcrecinin, para politikas\u0131n\u0131n gecikmeli etkileriyle y\u0131l\u0131n ikinci yar\u0131s\u0131nda da devam ederek dezenflasyon s\u00fcrecine ve makroekonomik g\u00f6r\u00fcn\u00fcme anlaml\u0131 bir katk\u0131 vermeyi s\u00fcrd\u00fcrd\u00fc\u011f\u00fcne i\u015faret ediyor&#8221; dedi.<\/p>\n<p>Karahan cari a\u00e7\u0131k hakk\u0131nda ise &#8220;B\u00fcy\u00fcmedeki dengelenmenin yans\u0131malar\u0131n\u0131 cari a\u00e7\u0131k verilerinde de g\u00fc\u00e7l\u00fc bir \u015fekilde g\u00f6rmeye devam ediyoruz. 2023 sonunda y\u00fczde 4 olan cari a\u00e7\u0131\u011f\u0131n GSYH&#8217;ye oran\u0131 son verilere g\u00f6re y\u00fczde 2 civar\u0131na gerilemi\u015f durumda. Bu hafta gelen \u00f6nc\u00fc A\u011fustos d\u0131\u015f ticaret verileri de ihracatta istikrarl\u0131 bir seyir ve ithalattaki y\u0131ll\u0131k bazdaki d\u00fc\u015f\u00fc\u015f e\u015fli\u011finde, cari dengedeki bu belirgin iyile\u015fmenin net bir \u015fekilde s\u00fcrd\u00fc\u011f\u00fcn\u00fc g\u00f6steriyor&#8221; a\u00e7\u0131klamas\u0131nda bulundu.<\/p>\n<\/div>\n<\/p>\n<p><\/p>\n<p>Kaynak :\u00a0<span style=\"background-color: rgb(255, 249, 236); color: rgb(55, 58, 60); font-size: 14px;\">Bloomberg HT<\/span><\/p>\n<p><span style=\"display: block; width: 343.125px; color: rgb(55, 58, 60); font-size: 14px; background-color: rgb(255, 249, 236);\"><\/span><\/p>\n","protected":false},"excerpt":{"rendered":"<p>TCMB Ba\u015fkan Yard\u0131mc\u0131s\u0131 Hatice Karahan a\u00e7\u0131klamalarda bulundu.<\/p>\n","protected":false},"author":1,"featured_media":75665,"comment_status":"open","ping_status":"open","sticky":false,"template":"","format":"standard","meta":{"footnotes":""},"categories":[2],"tags":[86,4347,44,4348,1292],"class_list":["post-75664","post","type-post","status-publish","format-standard","has-post-thumbnail","hentry","category-ekonomi","tag-buyume","tag-egilimi","tag-enflasyon","tag-kalemler","tag-karahan"],"_links":{"self":[{"href":"https:\/\/ekamu.net\/index.php\/wp-json\/wp\/v2\/posts\/75664","targetHints":{"allow":["GET"]}}],"collection":[{"href":"https:\/\/ekamu.net\/index.php\/wp-json\/wp\/v2\/posts"}],"about":[{"href":"https:\/\/ekamu.net\/index.php\/wp-json\/wp\/v2\/types\/post"}],"author":[{"embeddable":true,"href":"https:\/\/ekamu.net\/index.php\/wp-json\/wp\/v2\/users\/1"}],"replies":[{"embeddable":true,"href":"https:\/\/ekamu.net\/index.php\/wp-json\/wp\/v2\/comments?post=75664"}],"version-history":[{"count":1,"href":"https:\/\/ekamu.net\/index.php\/wp-json\/wp\/v2\/posts\/75664\/revisions"}],"predecessor-version":[{"id":75666,"href":"https:\/\/ekamu.net\/index.php\/wp-json\/wp\/v2\/posts\/75664\/revisions\/75666"}],"wp:featuredmedia":[{"embeddable":true,"href":"https:\/\/ekamu.net\/index.php\/wp-json\/wp\/v2\/media\/75665"}],"wp:attachment":[{"href":"https:\/\/ekamu.net\/index.php\/wp-json\/wp\/v2\/media?parent=75664"}],"wp:term":[{"taxonomy":"category","embeddable":true,"href":"https:\/\/ekamu.net\/index.php\/wp-json\/wp\/v2\/categories?post=75664"},{"taxonomy":"post_tag","embeddable":true,"href":"https:\/\/ekamu.net\/index.php\/wp-json\/wp\/v2\/tags?post=75664"}],"curies":[{"name":"wp","href":"https:\/\/api.w.org\/{rel}","templated":true}]}}