{"id":7568,"date":"2024-05-31T00:48:04","date_gmt":"2024-05-31T00:48:04","guid":{"rendered":"https:\/\/ekamu.net\/?p=7568"},"modified":"2024-05-31T00:48:04","modified_gmt":"2024-05-31T00:48:04","slug":"atlanta-fed-baskani-bostic-normallesme-icin-2025i-isaret-etti","status":"publish","type":"post","link":"https:\/\/ekamu.net\/index.php\/2024\/05\/31\/atlanta-fed-baskani-bostic-normallesme-icin-2025i-isaret-etti\/","title":{"rendered":"Atlanta Fed Ba\u015fkan\u0131 Bostic normalle\u015fme i\u00e7in 2025\u2019i i\u015faret etti"},"content":{"rendered":"<div>\n<p>Atlanta Fed Ba\u015fkan\u0131 Raphael Bostic, Kovid-19 pandemisi s\u0131ras\u0131nda g\u00f6r\u00fclen \u00e7ok y\u00fcksek fiyat bask\u0131s\u0131n\u0131n normale d\u00f6nmesinden umutlu oldu\u011funu belirtti ancak bu normalle\u015fme i\u00e7in 2025\u2019i i\u015faret etti.<\/p>\n<p>\u00c7ar\u015famba g\u00fcn\u00fc bir konferansta konu\u015fan Bostic \u201cSon birka\u00e7 y\u0131lda g\u00f6r\u00fclen ciddi fiyat art\u0131\u015f\u0131n\u0131 azaltmak i\u00e7in hala katetmemiz gereken uzun bir yol var\u201d diye konu\u015ftu.<\/p>\n<p>Bostic faiz indirmeye haz\u0131rlanmak i\u00e7in bu y\u0131l\u0131n d\u00f6rd\u00fcnc\u00fc \u00e7eyre\u011fine i\u015faret etti. Fed\u2019in \u00e7ar\u015famba ak\u015fam\u0131 yay\u0131mlad\u0131\u011f\u0131 Bej Kitap\u2019ta t\u00fcketicilerin y\u00fcksek fiyatlar kar\u015f\u0131s\u0131nda harcamalar\u0131n\u0131 k\u0131smas\u0131yla birlikte ekonomik b\u00fcy\u00fcmenin \u0131l\u0131ml\u0131la\u015ft\u0131\u011f\u0131na dikkat \u00e7ekildi.<\/p>\n<\/div>\n<div>\n<p>Fed, rapor i\u00e7in g\u00f6r\u00fc\u015ft\u00fc\u011f\u00fc i\u015f d\u00fcnyas\u0131 temsilcilerinin t\u00fcketicilerin ek fiyat art\u0131\u015flar\u0131na kar\u015f\u0131 \u00e7\u0131kt\u0131\u011f\u0131 g\u00f6r\u00fc\u015f\u00fcn\u00fc yans\u0131tt\u0131\u011f\u0131n\u0131 belirtti.<\/p>\n<\/div>\n<\/p>\n<p><\/p>\n<p>Kaynak :\u00a0<span style=\"background-color: rgb(255, 249, 236); color: rgb(55, 58, 60); font-size: 14px;\">Bloomberg HT<\/span><\/p>\n<p><span style=\"display: block; width: 343.125px; color: rgb(55, 58, 60); font-size: 14px; background-color: rgb(255, 249, 236);\"><\/span><\/p>\n","protected":false},"excerpt":{"rendered":"<p>ABD\u2019de bor\u00e7lanma maliyeti y\u00fcksek seyrini korurken Fed \u00fcyeleri bu maliyette yak\u0131n zamanda bir d\u00fc\u015f\u00fc\u015f sinyali vermekten ka\u00e7\u0131nmaya devam ediyor.<\/p>\n","protected":false},"author":1,"featured_media":7569,"comment_status":"open","ping_status":"open","sticky":false,"template":"","format":"standard","meta":{"footnotes":""},"categories":[2],"tags":[],"class_list":["post-7568","post","type-post","status-publish","format-standard","has-post-thumbnail","hentry","category-ekonomi"],"_links":{"self":[{"href":"https:\/\/ekamu.net\/index.php\/wp-json\/wp\/v2\/posts\/7568","targetHints":{"allow":["GET"]}}],"collection":[{"href":"https:\/\/ekamu.net\/index.php\/wp-json\/wp\/v2\/posts"}],"about":[{"href":"https:\/\/ekamu.net\/index.php\/wp-json\/wp\/v2\/types\/post"}],"author":[{"embeddable":true,"href":"https:\/\/ekamu.net\/index.php\/wp-json\/wp\/v2\/users\/1"}],"replies":[{"embeddable":true,"href":"https:\/\/ekamu.net\/index.php\/wp-json\/wp\/v2\/comments?post=7568"}],"version-history":[{"count":1,"href":"https:\/\/ekamu.net\/index.php\/wp-json\/wp\/v2\/posts\/7568\/revisions"}],"predecessor-version":[{"id":7570,"href":"https:\/\/ekamu.net\/index.php\/wp-json\/wp\/v2\/posts\/7568\/revisions\/7570"}],"wp:featuredmedia":[{"embeddable":true,"href":"https:\/\/ekamu.net\/index.php\/wp-json\/wp\/v2\/media\/7569"}],"wp:attachment":[{"href":"https:\/\/ekamu.net\/index.php\/wp-json\/wp\/v2\/media?parent=7568"}],"wp:term":[{"taxonomy":"category","embeddable":true,"href":"https:\/\/ekamu.net\/index.php\/wp-json\/wp\/v2\/categories?post=7568"},{"taxonomy":"post_tag","embeddable":true,"href":"https:\/\/ekamu.net\/index.php\/wp-json\/wp\/v2\/tags?post=7568"}],"curies":[{"name":"wp","href":"https:\/\/api.w.org\/{rel}","templated":true}]}}