{"id":75689,"date":"2024-09-04T08:00:06","date_gmt":"2024-09-04T08:00:06","guid":{"rendered":"https:\/\/ekamu.net\/?p=75689"},"modified":"2024-09-04T08:00:06","modified_gmt":"2024-09-04T08:00:06","slug":"altinda-yon-asagi","status":"publish","type":"post","link":"https:\/\/ekamu.net\/index.php\/2024\/09\/04\/altinda-yon-asagi\/","title":{"rendered":"Alt\u0131nda y\u00f6n a\u015fa\u011f\u0131"},"content":{"rendered":"<div>\n<p>Yat\u0131r\u0131mc\u0131lar, hisse senedi ve emtia piyasalar\u0131n\u0131 sarsan geni\u015f \u00e7apl\u0131 bir sat\u0131\u015f dalgas\u0131n\u0131n ard\u0131ndan hisse senedi al\u0131rken alt\u0131n ons ba\u015f\u0131na 2.500 dolar\u0131n alt\u0131na geriledi.<\/p>\n<p>Spot alt\u0131n haftan\u0131n \u00fc\u00e7\u00fcnc\u00fc i\u015flem g\u00fcn\u00fcnde ons ba\u015f\u0131na 2.487 dolardan i\u015flem g\u00f6r\u00fcyor. Ons alt\u0131n ve Dolar\/TL  ile yap\u0131lan hesaplamaya g\u00f6re gram alt\u0131n da 2.725 TL seviyesinde.<\/p>\n<p>K\u00fcresel piyasalarda, d\u00fcn ABD&#8217;de a\u00e7\u0131klanan makroekonomik verilerin resesyon korkular\u0131n\u0131 yeniden canland\u0131rmas\u0131yla sat\u0131\u015f bask\u0131s\u0131 derinle\u015firken, cuma g\u00fcn\u00fc a\u00e7\u0131klanacak istihdam raporundaki veriler yat\u0131r\u0131mc\u0131lar\u0131n oda\u011f\u0131nda kalmaya devam ediyor. Tar\u0131m d\u0131\u015f\u0131 istihdam verilerindeki zay\u0131flamaya dair herhangi bir i\u015faret, Fed&#8217;in gev\u015femeye y\u00f6nelik daha agresif bir d\u00f6n\u00fc\u015f\u00fcn\u00fc destekleyerek alt\u0131n fiyatlar\u0131na yard\u0131mc\u0131 olabilir.<\/p>\n<\/div>\n<div>\n<p>De\u011ferli metal bu y\u0131l yakla\u015f\u0131k y\u00fczde 20 y\u00fckseli\u015f g\u00f6sterdi. Alt\u0131n\u0131n y\u00fckseli\u015f e\u011filimini destekleyen di\u011fer fakt\u00f6rler aras\u0131nda merkez bankalar\u0131 ve \u00c7inli t\u00fcketicilerden gelen artan sat\u0131n al\u0131mlar ile Orta Do\u011fu ve Ukrayna&#8217;daki \u00e7at\u0131\u015fmalar yer ald\u0131.<\/p>\n<p>Analistler, bug\u00fcn yurt d\u0131\u015f\u0131nda hizmet sekt\u00f6r\u00fc ve bile\u015fik PMI verilerinin yan\u0131 s\u0131ra Euro B\u00f6lgesi\u2019nde \u00dcretici Fiyat Endeksi (\u00dcFE), ABD&#8217;de d\u0131\u015f ticaret dengesi, JOLTS a\u00e7\u0131k i\u015f say\u0131s\u0131 ve Fed&#8217;in Bej kitap raporunu takip edilecek.<\/p>\n<\/div>\n<\/p>\n<p><\/p>\n<p>Kaynak :\u00a0<span style=\"background-color: rgb(255, 249, 236); color: rgb(55, 58, 60); font-size: 14px;\">Bloomberg HT<\/span><\/p>\n<p><span style=\"display: block; width: 343.125px; color: rgb(55, 58, 60); font-size: 14px; background-color: rgb(255, 249, 236);\"><\/span><\/p>\n","protected":false},"excerpt":{"rendered":"<p>Alt\u0131n bir \u00f6nceki seansta y\u00fczde 0,3 de\u011fer kaybetmesinin ard\u0131ndan hafta ortas\u0131nda gerilemesini s\u00fcrd\u00fcrd\u00fc.<\/p>\n","protected":false},"author":1,"featured_media":75690,"comment_status":"open","ping_status":"open","sticky":false,"template":"","format":"standard","meta":{"footnotes":""},"categories":[2],"tags":[573],"class_list":["post-75689","post","type-post","status-publish","format-standard","has-post-thumbnail","hentry","category-ekonomi","tag-altin"],"_links":{"self":[{"href":"https:\/\/ekamu.net\/index.php\/wp-json\/wp\/v2\/posts\/75689","targetHints":{"allow":["GET"]}}],"collection":[{"href":"https:\/\/ekamu.net\/index.php\/wp-json\/wp\/v2\/posts"}],"about":[{"href":"https:\/\/ekamu.net\/index.php\/wp-json\/wp\/v2\/types\/post"}],"author":[{"embeddable":true,"href":"https:\/\/ekamu.net\/index.php\/wp-json\/wp\/v2\/users\/1"}],"replies":[{"embeddable":true,"href":"https:\/\/ekamu.net\/index.php\/wp-json\/wp\/v2\/comments?post=75689"}],"version-history":[{"count":1,"href":"https:\/\/ekamu.net\/index.php\/wp-json\/wp\/v2\/posts\/75689\/revisions"}],"predecessor-version":[{"id":75691,"href":"https:\/\/ekamu.net\/index.php\/wp-json\/wp\/v2\/posts\/75689\/revisions\/75691"}],"wp:featuredmedia":[{"embeddable":true,"href":"https:\/\/ekamu.net\/index.php\/wp-json\/wp\/v2\/media\/75690"}],"wp:attachment":[{"href":"https:\/\/ekamu.net\/index.php\/wp-json\/wp\/v2\/media?parent=75689"}],"wp:term":[{"taxonomy":"category","embeddable":true,"href":"https:\/\/ekamu.net\/index.php\/wp-json\/wp\/v2\/categories?post=75689"},{"taxonomy":"post_tag","embeddable":true,"href":"https:\/\/ekamu.net\/index.php\/wp-json\/wp\/v2\/tags?post=75689"}],"curies":[{"name":"wp","href":"https:\/\/api.w.org\/{rel}","templated":true}]}}