{"id":75987,"date":"2024-09-05T06:24:04","date_gmt":"2024-09-05T06:24:04","guid":{"rendered":"https:\/\/ekamu.net\/?p=75987"},"modified":"2024-09-05T06:24:04","modified_gmt":"2024-09-05T06:24:04","slug":"japonya-ucret-verisi-boj-faiz-artisi-beklentilerini-destekledi","status":"publish","type":"post","link":"https:\/\/ekamu.net\/index.php\/2024\/09\/05\/japonya-ucret-verisi-boj-faiz-artisi-beklentilerini-destekledi\/","title":{"rendered":"Japonya \u00fccret verisi BOJ faiz art\u0131\u015f\u0131 beklentilerini destekledi"},"content":{"rendered":"<div>\n<p>\u00c7al\u0131\u015fma Bakanl\u0131\u011f\u0131 per\u015fembe g\u00fcn\u00fc yapt\u0131\u011f\u0131 a\u00e7\u0131klamada, i\u015f\u00e7ilerin reel nakit kazan\u00e7lar\u0131n\u0131n temmuz ay\u0131nda bir \u00f6nceki y\u0131la g\u00f6re %0,4 artt\u0131\u011f\u0131n\u0131 bildirdi. \u00dccret art\u0131\u015flar\u0131n\u0131n h\u0131z\u0131 bir \u00f6nceki ayki art\u0131\u015fa g\u00f6re yava\u015flasa da, veri %0,6\u2019l\u0131k bir d\u00fc\u015f\u00fc\u015f y\u00f6n\u00fcndeki beklentiyi a\u015ft\u0131.<\/p>\n<p>Nominal \u00fccretler de %3,6 artarak beklentiyi a\u015ft\u0131. Taban ayl\u0131klar %2,7\u2019lik art\u0131\u015fla son 31 y\u0131l\u0131n en b\u00fcy\u00fck art\u0131\u015f\u0131n\u0131 kaydederken, ikramiye ve fazla mesaiyi hari\u00e7 tutan daha istikrarl\u0131 bir \u00fccret e\u011filimi \u00f6l\u00e7\u00fcs\u00fc, tam zamanl\u0131 \u00e7al\u0131\u015fanlar\u0131n \u00fccretlerinin %3 gibi rekor bir oranda artt\u0131\u011f\u0131n\u0131 g\u00f6sterdi. Veriler, Japonya Merkez Bankas\u0131 (BOJ) Ba\u015fkan\u0131 Kazuo Ueda\u2019n\u0131n uzun s\u00fcredir arad\u0131\u011f\u0131 verimli d\u00f6ng\u00fcn\u00fcn kilit bir halkas\u0131n\u0131n yerine oturuyor olabilece\u011finin bir g\u00f6stergesi oldu.<\/p>\n<\/div>\n<div>\n<p>BOJ daha \u00f6nce \u00fccret art\u0131\u015flar\u0131n\u0131n talep \u00f6nc\u00fcl\u00fc\u011f\u00fcnde h\u0131zlanan enflasyonu k\u00f6r\u00fcklemesini bekledi\u011fini ve bunun politikay\u0131 normalle\u015ftirme yolunda ilerlerken teyit etmesi gereken bir durum oldu\u011funu a\u00e7\u0131klam\u0131\u015ft\u0131. Sompo Institute Plus ekonomisti Masato Koike, \u201cUeda\u2019n\u0131n yorumlar\u0131 hala faiz oranlar\u0131n\u0131 y\u00fckseltmek istedi\u011fini g\u00f6steriyor.<\/p>\n<p>Piyasalarda daha fazla \u00e7alkant\u0131 ya\u015fanmayaca\u011f\u0131 ve \u00fccret art\u0131\u015f\u0131n\u0131n \u00f6nemli bir destek sa\u011flayaca\u011f\u0131 varsay\u0131m\u0131yla, y\u0131l sonundan \u00f6nce faiz art\u0131r\u0131m\u0131 olas\u0131l\u0131\u011f\u0131 \u00f6nemli \u00f6l\u00e7\u00fcde artt\u0131\u201d yorumunu yapt\u0131. Bloomberg\u2019in anketine kat\u0131lan ekonomistlerin neredeyse tamam\u0131 BOJ\u2019un 20 Eyl\u00fcl\u2019deki toplant\u0131s\u0131nda faizi sabit tutmas\u0131n\u0131 beklerken, \u00e7o\u011fu Ekim ve Ocak aylar\u0131 aras\u0131nda bir art\u0131r\u0131m bekliyor.<\/p>\n<\/div>\n<\/p>\n<p><\/p>\n<p>Kaynak :\u00a0<span style=\"background-color: rgb(255, 249, 236); color: rgb(55, 58, 60); font-size: 14px;\">Bloomberg HT<\/span><\/p>\n<p><span style=\"display: block; width: 343.125px; color: rgb(55, 58, 60); font-size: 14px; background-color: rgb(255, 249, 236);\"><\/span><\/p>\n","protected":false},"excerpt":{"rendered":"<p>Japon i\u015f\u00e7ilerinin reel \u00fccretleri art arda ikinci ayda da artarak merkez bankas\u0131n\u0131n bu y\u0131l\u0131n kalan k\u0131sm\u0131nda ilave bir faiz art\u0131\u015f\u0131 ger\u00e7ekle\u015ftirmesi ihtimalini destekledi.<\/p>\n","protected":false},"author":1,"featured_media":75988,"comment_status":"open","ping_status":"open","sticky":false,"template":"","format":"standard","meta":{"footnotes":""},"categories":[2],"tags":[757],"class_list":["post-75987","post","type-post","status-publish","format-standard","has-post-thumbnail","hentry","category-ekonomi","tag-ucret"],"_links":{"self":[{"href":"https:\/\/ekamu.net\/index.php\/wp-json\/wp\/v2\/posts\/75987","targetHints":{"allow":["GET"]}}],"collection":[{"href":"https:\/\/ekamu.net\/index.php\/wp-json\/wp\/v2\/posts"}],"about":[{"href":"https:\/\/ekamu.net\/index.php\/wp-json\/wp\/v2\/types\/post"}],"author":[{"embeddable":true,"href":"https:\/\/ekamu.net\/index.php\/wp-json\/wp\/v2\/users\/1"}],"replies":[{"embeddable":true,"href":"https:\/\/ekamu.net\/index.php\/wp-json\/wp\/v2\/comments?post=75987"}],"version-history":[{"count":1,"href":"https:\/\/ekamu.net\/index.php\/wp-json\/wp\/v2\/posts\/75987\/revisions"}],"predecessor-version":[{"id":75989,"href":"https:\/\/ekamu.net\/index.php\/wp-json\/wp\/v2\/posts\/75987\/revisions\/75989"}],"wp:featuredmedia":[{"embeddable":true,"href":"https:\/\/ekamu.net\/index.php\/wp-json\/wp\/v2\/media\/75988"}],"wp:attachment":[{"href":"https:\/\/ekamu.net\/index.php\/wp-json\/wp\/v2\/media?parent=75987"}],"wp:term":[{"taxonomy":"category","embeddable":true,"href":"https:\/\/ekamu.net\/index.php\/wp-json\/wp\/v2\/categories?post=75987"},{"taxonomy":"post_tag","embeddable":true,"href":"https:\/\/ekamu.net\/index.php\/wp-json\/wp\/v2\/tags?post=75987"}],"curies":[{"name":"wp","href":"https:\/\/api.w.org\/{rel}","templated":true}]}}