{"id":76080,"date":"2024-09-05T12:00:10","date_gmt":"2024-09-05T12:00:10","guid":{"rendered":"https:\/\/ekamu.net\/?p=76080"},"modified":"2024-09-05T12:00:10","modified_gmt":"2024-09-05T12:00:10","slug":"kasimpasa-maci-hazirliklari-devam-ediyor","status":"publish","type":"post","link":"https:\/\/ekamu.net\/index.php\/2024\/09\/05\/kasimpasa-maci-hazirliklari-devam-ediyor\/","title":{"rendered":"Kas\u0131mpa\u015fa ma\u00e7\u0131 haz\u0131rl\u0131klar\u0131 devam ediyor"},"content":{"rendered":"<p>Fenerbah\u00e7emiz, Kas\u0131mpa\u015fa ile deplasmanda oynayaca\u011f\u0131 Trendyol S\u00fcper Lig 5. hafta ma\u00e7\u0131n\u0131n haz\u0131rl\u0131klar\u0131na Fenerbah\u00e7e Can Bartu Tesisleri\u2019nde sabah saatlerinde yapt\u0131\u011f\u0131 antrenmanla s\u00fcrd\u00fcrd\u00fc.<\/p>\n<p>  Teknik Direkt\u00f6r\u00fcm\u00fcz Jose Mourinho y\u00f6netiminde salonda core \u00e7al\u0131\u015fmalar\u0131yla ba\u015flayan idman ard\u0131ndan sahada kuvvet, dayan\u0131kl\u0131l\u0131k ve pas \u00e7al\u0131\u015fmalar\u0131yla devam etti. Antrenman dar alanda \u00e7ift kale ma\u00e7larla sona erdi.<\/p>\n<p>  Futbol Tak\u0131m\u0131m\u0131z, yar\u0131n yapaca\u011f\u0131 antrenmanla Kas\u0131mpa\u015fa ma\u00e7\u0131n\u0131n haz\u0131rl\u0131klar\u0131na devam edecek. <\/p>\n<p><b>Bas\u0131n Foto\u011fraflar\u0131<\/b><\/p>\n<div>\n<figure> <img decoding=\"async\" src=\"https:\/\/ekamu.net\/wp-content\/uploads\/2024\/09\/kasimpasa-maci-hazirliklari-devam-ediyor-0-2kKydtG8.jpg\"\/> <\/figure>\n<figure> <img decoding=\"async\" src=\"https:\/\/ekamu.net\/wp-content\/uploads\/2024\/09\/kasimpasa-maci-hazirliklari-devam-ediyor-1-qA1jhByh.jpg\"\/> <\/figure>\n<figure> <img decoding=\"async\" src=\"https:\/\/ekamu.net\/wp-content\/uploads\/2024\/09\/kasimpasa-maci-hazirliklari-devam-ediyor-2-LgsjVp7F.jpg\"\/> <\/figure>\n<figure> <img decoding=\"async\" src=\"https:\/\/ekamu.net\/wp-content\/uploads\/2024\/09\/kasimpasa-maci-hazirliklari-devam-ediyor-3-D6XwJOHn.jpg\"\/> <\/figure>\n<figure> <img decoding=\"async\" src=\"https:\/\/ekamu.net\/wp-content\/uploads\/2024\/09\/kasimpasa-maci-hazirliklari-devam-ediyor-4-MaAWyjCE.jpg\"\/> <\/figure>\n<figure> <img decoding=\"async\" src=\"https:\/\/ekamu.net\/wp-content\/uploads\/2024\/09\/kasimpasa-maci-hazirliklari-devam-ediyor-5-rl4mmdqR.jpg\"\/> <\/figure>\n<figure> <img decoding=\"async\" src=\"https:\/\/ekamu.net\/wp-content\/uploads\/2024\/09\/kasimpasa-maci-hazirliklari-devam-ediyor-6-THt1iuBE.jpg\"\/> <\/figure>\n<figure> <img decoding=\"async\" src=\"https:\/\/ekamu.net\/wp-content\/uploads\/2024\/09\/kasimpasa-maci-hazirliklari-devam-ediyor-7-gnkPxn6x.jpg\"\/> <\/figure>\n<figure> <img decoding=\"async\" src=\"https:\/\/ekamu.net\/wp-content\/uploads\/2024\/09\/kasimpasa-maci-hazirliklari-devam-ediyor-8-xlmcDXXS.jpg\"\/> <\/figure>\n<figure> <img decoding=\"async\" src=\"https:\/\/ekamu.net\/wp-content\/uploads\/2024\/09\/kasimpasa-maci-hazirliklari-devam-ediyor-9-xfvDyZmG.jpg\"\/> <\/figure>\n<\/p><\/div>\n<\/p>","protected":false},"excerpt":{"rendered":"<p>Fenerbah\u00e7emiz, Kas\u0131mpa\u015fa ile deplasmanda oynayaca\u011f\u0131 Trendyol S\u00fcper Lig 5. hafta ma\u00e7\u0131n\u0131n haz\u0131rl\u0131klar\u0131na Fenerbah\u00e7e Can Bartu Tesisleri\u2019nde sabah saatlerinde yapt\u0131\u011f\u0131 antrenmanla s\u00fcrd\u00fcrd\u00fc. Teknik Direkt\u00f6r\u00fcm\u00fcz Jose Mourinho y\u00f6netiminde salonda core &#8230;<\/p>\n","protected":false},"author":1,"featured_media":76081,"comment_status":"open","ping_status":"open","sticky":false,"template":"","format":"standard","meta":{"footnotes":""},"categories":[11],"tags":[],"class_list":["post-76080","post","type-post","status-publish","format-standard","has-post-thumbnail","hentry","category-fenerbahce"],"_links":{"self":[{"href":"https:\/\/ekamu.net\/index.php\/wp-json\/wp\/v2\/posts\/76080","targetHints":{"allow":["GET"]}}],"collection":[{"href":"https:\/\/ekamu.net\/index.php\/wp-json\/wp\/v2\/posts"}],"about":[{"href":"https:\/\/ekamu.net\/index.php\/wp-json\/wp\/v2\/types\/post"}],"author":[{"embeddable":true,"href":"https:\/\/ekamu.net\/index.php\/wp-json\/wp\/v2\/users\/1"}],"replies":[{"embeddable":true,"href":"https:\/\/ekamu.net\/index.php\/wp-json\/wp\/v2\/comments?post=76080"}],"version-history":[{"count":1,"href":"https:\/\/ekamu.net\/index.php\/wp-json\/wp\/v2\/posts\/76080\/revisions"}],"predecessor-version":[{"id":76092,"href":"https:\/\/ekamu.net\/index.php\/wp-json\/wp\/v2\/posts\/76080\/revisions\/76092"}],"wp:featuredmedia":[{"embeddable":true,"href":"https:\/\/ekamu.net\/index.php\/wp-json\/wp\/v2\/media\/76081"}],"wp:attachment":[{"href":"https:\/\/ekamu.net\/index.php\/wp-json\/wp\/v2\/media?parent=76080"}],"wp:term":[{"taxonomy":"category","embeddable":true,"href":"https:\/\/ekamu.net\/index.php\/wp-json\/wp\/v2\/categories?post=76080"},{"taxonomy":"post_tag","embeddable":true,"href":"https:\/\/ekamu.net\/index.php\/wp-json\/wp\/v2\/tags?post=76080"}],"curies":[{"name":"wp","href":"https:\/\/api.w.org\/{rel}","templated":true}]}}