{"id":76378,"date":"2024-09-06T11:00:07","date_gmt":"2024-09-06T11:00:07","guid":{"rendered":"https:\/\/ekamu.net\/?p=76378"},"modified":"2024-09-06T11:00:07","modified_gmt":"2024-09-06T11:00:07","slug":"kasimpasa-macinin-hazirliklari-suruyor","status":"publish","type":"post","link":"https:\/\/ekamu.net\/index.php\/2024\/09\/06\/kasimpasa-macinin-hazirliklari-suruyor\/","title":{"rendered":"Kas\u0131mpa\u015fa ma\u00e7\u0131n\u0131n haz\u0131rl\u0131klar\u0131 s\u00fcr\u00fcyor"},"content":{"rendered":"<p>Fenerbah\u00e7emiz, Kas\u0131mpa\u015fa ile 15 Eyl\u00fcl Pazar g\u00fcn\u00fc deplasmanda oynayaca\u011f\u0131 Trendyol S\u00fcper Lig 5. hafta ma\u00e7\u0131n\u0131n haz\u0131rl\u0131klar\u0131n\u0131 sabah saatlerinde yapt\u0131\u011f\u0131 antrenmanla s\u00fcrd\u00fcrd\u00fc.<\/p>\n<p>  Teknik Direkt\u00f6r\u00fcm\u00fcz Jose Mourinho y\u00f6netiminde Fenerbah\u00e7e Can Bartu Tesisleri\u2019nde ger\u00e7ekle\u015ftirilen idman \u0131s\u0131nma ve koordinasyon hareketleriyle ba\u015flad\u0131, antrenman ma\u00e7\u0131yla tamamland\u0131.<\/p>\n<p><b>Bas\u0131n Foto\u011fraflar\u0131<\/b><\/p>\n<div>\n<figure> <img decoding=\"async\" src=\"https:\/\/ekamu.net\/wp-content\/uploads\/2024\/09\/kasimpasa-macinin-hazirliklari-suruyor-0-nJyk4DcK.jpg\"\/> <\/figure>\n<figure> <img decoding=\"async\" src=\"https:\/\/ekamu.net\/wp-content\/uploads\/2024\/09\/kasimpasa-macinin-hazirliklari-suruyor-1-rDkRFR61.jpg\"\/> <\/figure>\n<figure> <img decoding=\"async\" src=\"https:\/\/ekamu.net\/wp-content\/uploads\/2024\/09\/kasimpasa-macinin-hazirliklari-suruyor-2-Jry8T879.jpg\"\/> <\/figure>\n<figure> <img decoding=\"async\" src=\"https:\/\/ekamu.net\/wp-content\/uploads\/2024\/09\/kasimpasa-macinin-hazirliklari-suruyor-3-9j7nxi8O.jpg\"\/> <\/figure>\n<figure> <img decoding=\"async\" src=\"https:\/\/ekamu.net\/wp-content\/uploads\/2024\/09\/kasimpasa-macinin-hazirliklari-suruyor-4-Z63JAU6S.jpg\"\/> <\/figure>\n<figure> <img decoding=\"async\" src=\"https:\/\/ekamu.net\/wp-content\/uploads\/2024\/09\/kasimpasa-macinin-hazirliklari-suruyor-5-bzq4FFOR.jpg\"\/> <\/figure>\n<figure> <img decoding=\"async\" src=\"https:\/\/ekamu.net\/wp-content\/uploads\/2024\/09\/kasimpasa-macinin-hazirliklari-suruyor-6-EMkUVAFG.jpg\"\/> <\/figure>\n<figure> <img decoding=\"async\" src=\"https:\/\/ekamu.net\/wp-content\/uploads\/2024\/09\/kasimpasa-macinin-hazirliklari-suruyor-7-KiHJ7rYV.jpg\"\/> <\/figure>\n<figure> <img decoding=\"async\" src=\"https:\/\/ekamu.net\/wp-content\/uploads\/2024\/09\/kasimpasa-macinin-hazirliklari-suruyor-8-fsR7sOpj.jpg\"\/> <\/figure>\n<\/p><\/div>\n<\/p>","protected":false},"excerpt":{"rendered":"<p>Fenerbah\u00e7emiz, Kas\u0131mpa\u015fa ile 15 Eyl\u00fcl Pazar g\u00fcn\u00fc deplasmanda oynayaca\u011f\u0131 Trendyol S\u00fcper Lig 5. hafta ma\u00e7\u0131n\u0131n haz\u0131rl\u0131klar\u0131n\u0131 sabah saatlerinde yapt\u0131\u011f\u0131 antrenmanla s\u00fcrd\u00fcrd\u00fc. Teknik Direkt\u00f6r\u00fcm\u00fcz Jose Mourinho y\u00f6netiminde Fenerbah\u00e7e Can Bartu Tesisleri &#8230;<\/p>\n","protected":false},"author":1,"featured_media":76379,"comment_status":"open","ping_status":"open","sticky":false,"template":"","format":"standard","meta":{"footnotes":""},"categories":[11],"tags":[],"class_list":["post-76378","post","type-post","status-publish","format-standard","has-post-thumbnail","hentry","category-fenerbahce"],"_links":{"self":[{"href":"https:\/\/ekamu.net\/index.php\/wp-json\/wp\/v2\/posts\/76378","targetHints":{"allow":["GET"]}}],"collection":[{"href":"https:\/\/ekamu.net\/index.php\/wp-json\/wp\/v2\/posts"}],"about":[{"href":"https:\/\/ekamu.net\/index.php\/wp-json\/wp\/v2\/types\/post"}],"author":[{"embeddable":true,"href":"https:\/\/ekamu.net\/index.php\/wp-json\/wp\/v2\/users\/1"}],"replies":[{"embeddable":true,"href":"https:\/\/ekamu.net\/index.php\/wp-json\/wp\/v2\/comments?post=76378"}],"version-history":[{"count":1,"href":"https:\/\/ekamu.net\/index.php\/wp-json\/wp\/v2\/posts\/76378\/revisions"}],"predecessor-version":[{"id":76389,"href":"https:\/\/ekamu.net\/index.php\/wp-json\/wp\/v2\/posts\/76378\/revisions\/76389"}],"wp:featuredmedia":[{"embeddable":true,"href":"https:\/\/ekamu.net\/index.php\/wp-json\/wp\/v2\/media\/76379"}],"wp:attachment":[{"href":"https:\/\/ekamu.net\/index.php\/wp-json\/wp\/v2\/media?parent=76378"}],"wp:term":[{"taxonomy":"category","embeddable":true,"href":"https:\/\/ekamu.net\/index.php\/wp-json\/wp\/v2\/categories?post=76378"},{"taxonomy":"post_tag","embeddable":true,"href":"https:\/\/ekamu.net\/index.php\/wp-json\/wp\/v2\/tags?post=76378"}],"curies":[{"name":"wp","href":"https:\/\/api.w.org\/{rel}","templated":true}]}}