{"id":77027,"date":"2024-09-19T12:12:05","date_gmt":"2024-09-19T12:12:05","guid":{"rendered":"https:\/\/ekamu.net\/?p=77027"},"modified":"2024-09-19T12:12:05","modified_gmt":"2024-09-19T12:12:05","slug":"teknik-direktorumuz-okan-buruk-boyle-bir-galibiyete-ihtiyacimiz-vardi","status":"publish","type":"post","link":"https:\/\/ekamu.net\/index.php\/2024\/09\/19\/teknik-direktorumuz-okan-buruk-boyle-bir-galibiyete-ihtiyacimiz-vardi\/","title":{"rendered":"Teknik Direkt\u00f6r\u00fcm\u00fcz Okan Buruk: &#8220;B\u00f6yle bir galibiyete ihtiyac\u0131m\u0131z vard\u0131&#8221;"},"content":{"rendered":"<p>Galatasaray Futbol A Tak\u0131m\u0131 Teknik Direkt\u00f6r\u00fc Okan Buruk, \u00c7aykur Rizespor galibiyetimizin ard\u0131ndan yay\u0131nc\u0131 kurulu\u015fa a\u00e7\u0131klamalarda bulundu.<\/p>\n<p><p><strong>Hocam\u0131z\u0131n de\u011ferlendirmeleri \u015fu \u015fekide:<\/strong><\/p>\n<p><em>\u201cMilli tak\u0131m aras\u0131 sonras\u0131 bu ma\u00e7lara haz\u0131rl\u0131klar zor oluyor. \u00c7ok fazla oyuncumuz yoktu. D\u00fcn taktik antrenmanda rakibimizi nas\u0131l kar\u015f\u0131layaca\u011f\u0131m\u0131z\u0131, nas\u0131l oyun kuraca\u011f\u0131m\u0131z\u0131 \u00e7al\u0131\u015ft\u0131k. Yeni oyuncular\u0131m\u0131z da vard\u0131. Kendi oyunumuzu anlatmak, onlar\u0131 yerle\u015ftirmek \u00f6nemliydi. Rakibimizin 5\u2019li savunmayla, 5-4-1 defansif kar\u015f\u0131lamayla ba\u015flad\u0131klar\u0131n\u0131 g\u00f6rd\u00fck. Ma\u00e7 \u00f6ncesi gelen kadroda bunu tahmin ettik. Bunu bir duran top ile \u00e7\u00f6zd\u00fck. Oyunun devam\u0131nda rakibimizin 4\u2019l\u00fc savunmaya ge\u00e7ene kadar \u00e7ok a\u00e7\u0131lmad\u0131\u011f\u0131n\u0131 g\u00f6rd\u00fck. Topu yine bize b\u0131rakt\u0131lar. Burada girdi\u011fimiz pozisyonlar ve att\u0131\u011f\u0131m\u0131z goller \u00f6nemli. Bunun yan\u0131nda \u00e7ok net pozisyon vermedik. En sevindi\u011fimiz yanlardan biri buydu. Hem savunmam\u0131z\u0131 \u00f6nde kurduk hem de ilk yar\u0131 rakibimize \u00e7ok fazla kendi yar\u0131 saham\u0131za ge\u00e7me f\u0131rsat\u0131 vermedik. Yine kazand\u0131\u011f\u0131m\u0131z toplarla h\u00fccum yapmaya \u00e7al\u0131\u015ft\u0131k. Rakibe \u00e7ok fazla pozisyon vermeden ma\u00e7\u0131 bitirdik. \u00d6nemli bir galibiyet. B\u00f6yle bir galibiyete ihtiyac\u0131m\u0131z vard\u0131.\u201d<\/em><\/p>\n<p><strong>\u201cAMACIMIZ T\u00dcRK\u0130YE\u2019DE VE AVRUPA\u2019DA KUPALAR\u201d<\/strong><\/p>\n<p><em>\u201cTransfer d\u00f6nemi bittikten sonra oyuncular daha kendilerinden emin oluyor. Tak\u0131m da biz de rahatl\u0131yoruz. Att\u0131\u011f\u0131m\u0131z goller, kazand\u0131\u011f\u0131m\u0131z galibiyet moral oldu. \u00dc\u00e7 g\u00fcn sonra bir ma\u00e7\u0131m\u0131z daha var. D\u00f6rtte d\u00f6rtle ba\u015flamak, be\u015finci ma\u00e7a galibiyet i\u00e7in \u00e7\u0131kmak bizim i\u00e7in \u00f6nemliydi. Kazanarak devam etmek istiyoruz. Amac\u0131m\u0131z hem T\u00fcrkiye Ligi\u2019ni ve T\u00fcrkiye Kupas\u0131\u2019n\u0131 kazanmak ve Avrupa\u2019da tekrar kupa kazanmak. \u0130yi bir kadromuz ve \u00f6nemli oyuncular\u0131m\u0131z var. Icardi, Hakim Ziyech ve yeni transferimiz Sallai yoktu. Kadroda eksikler vard\u0131 ama sahada ba\u015flayan ve devam eden oyuncular y\u00fczde y\u00fcz\u00fcn\u00fc verdi. Bu galibiyet bize sonraki haftalar i\u00e7in g\u00fcven verecek.\u201d<\/em><\/p>\n<p><strong>\u201cSAVUNMAMIZ \u0130Y\u0130 OLUNCA, ORTA SAHANIN PERFORMANSI ARTIYOR\u201d<\/strong><\/p>\n<p><em>\u201cOyuncular yeni bir \u00fclkeye geliyor, yeni bir ligi g\u00f6r\u00fcyor ve yeni bir tak\u0131mdalar. Sezon ba\u015f\u0131 oyuncular\u0131n haz\u0131rl\u0131k s\u00fcre\u00e7leri \u00e7ok \u00f6nemli. Bazen erken karar vermek zor oluyor. Ya \u00f6ld\u00fcr\u00fcyoruz ya da fazla yukar\u0131 \u00e7\u0131kart\u0131yoruz. \u015eu anda da fazla yukar\u0131ya \u00e7\u0131karmam\u0131za da gerek yok. \u0130yi bir oyun ortaya koydu. Bunu ondan hep isteyece\u011fiz. Lucas ile birlikte top bizdeyken ve rakipteyken iyi i\u015fler yapt\u0131lar. Onun yan\u0131nda savunmadaki oyuncular\u0131n performans\u0131 da onlar\u0131n formunu art\u0131r\u0131yor. \u00d6zellikle Davinson Sanchez ve Abd\u00fclkerim \u00e7ok iyi oynad\u0131. Savuna \u00e7izgimiz ne kadar \u00f6nde olursa, rakibi ne kadar \u00f6nde kar\u015f\u0131larsak orta saha oyuncular\u0131n\u0131n performans\u0131 da art\u0131yor. Genel olarak tak\u0131m\u0131m\u0131z\u0131n iyi oynad\u0131\u011f\u0131n\u0131 d\u00fc\u015f\u00fcn\u00fcyorum. \u00c7ok fazla abartmamak laz\u0131m. Sadece bir ma\u00e7 kazand\u0131k. \u00dc\u00e7 g\u00fcn sonra bir ma\u00e7 daha var. Bunu d\u00fc\u015f\u00fcnece\u011fiz. Oyuncular performanslar\u0131n\u0131 yukar\u0131ya \u00e7ekiyorlar. Yunus\u2019un ilk 11\u2019iydi. Uzun s\u00fcreden sonra Osimhen ilk 11\u2019de ma\u00e7 oynad\u0131. Bu ma\u00e7 bir anlamda fiziksel olarak geli\u015fimlerini tamamlama ma\u00e7\u0131yd\u0131. Skoru erken bulup 60\u2019ta d\u00f6rt oyuncu de\u011fi\u015ftirmemiz de bir sonraki ma\u00e7 i\u00e7in \u00f6nemli.\u201d<\/em><\/p>\n<p><strong>\u201cTARAFTAR VE TAKIM B\u0130RLE\u015eEREK G\u00d6VDE G\u00d6STER\u0130S\u0130 YAPTI\u201d<\/strong><\/p>\n<p><em>\u201cTaraftar\u0131m\u0131za te\u015fekk\u00fcr ediyorum. Muhte\u015fem bir ortam yaratt\u0131lar. Tak\u0131m\u0131n oyunu ile onlar\u0131n co\u015fkusu birle\u015fti\u011finde \u00e7ok de\u011ferli oluyor. Tak\u0131m\u0131m\u0131z\u0131n hep bu oyunu ortaya koymas\u0131, hep bu co\u015fkuyu g\u00f6stermesi laz\u0131m. Onlar\u0131 her zaman ma\u00e7\u0131n i\u00e7ine \u00e7ekmesi gerekiyor. Hem taraftar hem tak\u0131m bug\u00fcn net bir \u015fekilde birle\u015ferek g\u00f6vde g\u00f6sterisi yapt\u0131.\u201d<\/em><\/p>\n<p>\u201c\u00dc\u00e7 \u00f6nemli forvetimiz var. Sistemsel olarak hepsi birlikte oldu\u011fu zaman neler yapabilece\u011fimizi d\u00fc\u015f\u00fcnece\u011fiz.Bence en \u00f6nemlisi hepsinin tak\u0131m\u0131 sahiplenmesi. Osimhen \u00e7ok yeni geldi; ama bu sahiplenmeyi net bir \u015fekilde g\u00f6r\u00fcyoruz. Bu \u00e7ok \u00f6nemli ve de\u011ferli. Batshuayi de bunu g\u00fczel \u015fekilde yap\u0131yor. Icardi zaten bu tak\u0131m\u0131n \u00f6nemli efsanesi oldu. Hepsi bir arada Galatasaray\u2019\u0131 \u015fampiyonlu\u011fa ta\u015f\u0131yacak isimler. Icardi\u2019nin tedavisi s\u00fcr\u00fcyor. Kendi \u00fclkesinde devam ediyor. 2-3 g\u00fcn i\u00e7inde burada bizim kontrol\u00fcm\u00fczde devam edecek. \u015eu anda g\u00f6z\u00fcken iki haftal\u0131k bir s\u00fcresi daha var.\u201d<\/p>\n","protected":false},"excerpt":{"rendered":"<p>Galatasaray Futbol A Tak\u0131m\u0131 Teknik Direkt\u00f6r\u00fc Okan Buruk, \u00c7aykur Rizespor galibiyetimizin ard\u0131ndan yay\u0131nc\u0131 kurulu\u015fa a\u00e7\u0131klamalarda bulundu.<\/p>\n","protected":false},"author":1,"featured_media":77028,"comment_status":"open","ping_status":"open","sticky":false,"template":"","format":"standard","meta":{"footnotes":""},"categories":[12],"tags":[3764,1190,353,250,3203],"class_list":["post-77027","post","type-post","status-publish","format-standard","has-post-thumbnail","hentry","category-galatasaray","tag-galibiyet","tag-mac","tag-onemli","tag-oyun","tag-takimi"],"_links":{"self":[{"href":"https:\/\/ekamu.net\/index.php\/wp-json\/wp\/v2\/posts\/77027","targetHints":{"allow":["GET"]}}],"collection":[{"href":"https:\/\/ekamu.net\/index.php\/wp-json\/wp\/v2\/posts"}],"about":[{"href":"https:\/\/ekamu.net\/index.php\/wp-json\/wp\/v2\/types\/post"}],"author":[{"embeddable":true,"href":"https:\/\/ekamu.net\/index.php\/wp-json\/wp\/v2\/users\/1"}],"replies":[{"embeddable":true,"href":"https:\/\/ekamu.net\/index.php\/wp-json\/wp\/v2\/comments?post=77027"}],"version-history":[{"count":1,"href":"https:\/\/ekamu.net\/index.php\/wp-json\/wp\/v2\/posts\/77027\/revisions"}],"predecessor-version":[{"id":77029,"href":"https:\/\/ekamu.net\/index.php\/wp-json\/wp\/v2\/posts\/77027\/revisions\/77029"}],"wp:featuredmedia":[{"embeddable":true,"href":"https:\/\/ekamu.net\/index.php\/wp-json\/wp\/v2\/media\/77028"}],"wp:attachment":[{"href":"https:\/\/ekamu.net\/index.php\/wp-json\/wp\/v2\/media?parent=77027"}],"wp:term":[{"taxonomy":"category","embeddable":true,"href":"https:\/\/ekamu.net\/index.php\/wp-json\/wp\/v2\/categories?post=77027"},{"taxonomy":"post_tag","embeddable":true,"href":"https:\/\/ekamu.net\/index.php\/wp-json\/wp\/v2\/tags?post=77027"}],"curies":[{"name":"wp","href":"https:\/\/api.w.org\/{rel}","templated":true}]}}