{"id":77088,"date":"2024-09-19T15:00:06","date_gmt":"2024-09-19T15:00:06","guid":{"rendered":"https:\/\/ekamu.net\/?p=77088"},"modified":"2024-09-19T15:00:06","modified_gmt":"2024-09-19T15:00:06","slug":"imza-toreni-bilgilendirme-alpet-ile-resmi-imza-atiliyor","status":"publish","type":"post","link":"https:\/\/ekamu.net\/index.php\/2024\/09\/19\/imza-toreni-bilgilendirme-alpet-ile-resmi-imza-atiliyor\/","title":{"rendered":"\u0130mza T\u00f6reni Bilgilendirme | Alpet ile resmi imza at\u0131l\u0131yor"},"content":{"rendered":"<p>Futbol A Tak\u0131m\u0131m\u0131z ile Alpet aras\u0131nda yap\u0131lan forma sa\u011f kol sponsorluk anla\u015fmas\u0131n\u0131n imza t\u00f6reni, 10 Eyl\u00fcl Sal\u0131 g\u00fcn\u00fc \u00dclker Stadyumu Fenerbah\u00e7e \u015e\u00fckr\u00fc Saraco\u011flu Spor Kompleksi 1907 Trib\u00fcn\u00fc\u2019nde d\u00fczenlenecektir.<\/p>\n<p>  Genel Sekreterimiz Burak \u00c7a\u011flan K\u0131z\u0131lhan, Zeren Group Holding Enerji Grubu Ba\u015fkan\u0131 Cem Osman Sokullu ve Zeren Group Holding CEO Vekili ve Y\u00f6netim Kurulu \u00dcyesi Yusuf Yatk\u0131n\u2019\u0131n kat\u0131l\u0131mlar\u0131yla d\u00fczenlenecek imza t\u00f6reni, saat 12.00\u2019de bas\u0131na a\u00e7\u0131k olarak ger\u00e7ekle\u015ftirilecektir.<\/p>\n<p>  Kamuoyunun ve de\u011ferli bas\u0131n mensuplar\u0131n\u0131n bilgisine sunar\u0131z.<\/p>\n","protected":false},"excerpt":{"rendered":"<p>Futbol A Tak\u0131m\u0131m\u0131z ile Alpet aras\u0131nda yap\u0131lan forma sa\u011f kol sponsorluk anla\u015fmas\u0131n\u0131n imza t\u00f6reni, 10 Eyl\u00fcl Sal\u0131 g\u00fcn\u00fc \u00dclker Stadyumu Fenerbah\u00e7e \u015e\u00fckr\u00fc Saraco\u011flu Spor Kompleksi 1907 Trib\u00fcn\u00fc\u2019nde d\u00fczenlenecektir. Genel Sekreterimiz Burak \u00c7a\u011flan K\u0131z\u0131lhan &#8230;<\/p>\n","protected":false},"author":1,"featured_media":77089,"comment_status":"open","ping_status":"open","sticky":false,"template":"","format":"standard","meta":{"footnotes":""},"categories":[11],"tags":[],"class_list":["post-77088","post","type-post","status-publish","format-standard","has-post-thumbnail","hentry","category-fenerbahce"],"_links":{"self":[{"href":"https:\/\/ekamu.net\/index.php\/wp-json\/wp\/v2\/posts\/77088","targetHints":{"allow":["GET"]}}],"collection":[{"href":"https:\/\/ekamu.net\/index.php\/wp-json\/wp\/v2\/posts"}],"about":[{"href":"https:\/\/ekamu.net\/index.php\/wp-json\/wp\/v2\/types\/post"}],"author":[{"embeddable":true,"href":"https:\/\/ekamu.net\/index.php\/wp-json\/wp\/v2\/users\/1"}],"replies":[{"embeddable":true,"href":"https:\/\/ekamu.net\/index.php\/wp-json\/wp\/v2\/comments?post=77088"}],"version-history":[{"count":1,"href":"https:\/\/ekamu.net\/index.php\/wp-json\/wp\/v2\/posts\/77088\/revisions"}],"predecessor-version":[{"id":77090,"href":"https:\/\/ekamu.net\/index.php\/wp-json\/wp\/v2\/posts\/77088\/revisions\/77090"}],"wp:featuredmedia":[{"embeddable":true,"href":"https:\/\/ekamu.net\/index.php\/wp-json\/wp\/v2\/media\/77089"}],"wp:attachment":[{"href":"https:\/\/ekamu.net\/index.php\/wp-json\/wp\/v2\/media?parent=77088"}],"wp:term":[{"taxonomy":"category","embeddable":true,"href":"https:\/\/ekamu.net\/index.php\/wp-json\/wp\/v2\/categories?post=77088"},{"taxonomy":"post_tag","embeddable":true,"href":"https:\/\/ekamu.net\/index.php\/wp-json\/wp\/v2\/tags?post=77088"}],"curies":[{"name":"wp","href":"https:\/\/api.w.org\/{rel}","templated":true}]}}