{"id":77105,"date":"2024-09-19T15:24:06","date_gmt":"2024-09-19T15:24:06","guid":{"rendered":"https:\/\/ekamu.net\/?p=77105"},"modified":"2024-09-19T15:24:06","modified_gmt":"2024-09-19T15:24:06","slug":"fenerbahcemize-hos-geldin-kostic","status":"publish","type":"post","link":"https:\/\/ekamu.net\/index.php\/2024\/09\/19\/fenerbahcemize-hos-geldin-kostic\/","title":{"rendered":"Fenerbah\u00e7emize ho\u015f geldin Kostic"},"content":{"rendered":"<p>Filip Kostic, kendisini sar\u0131 lacivert renklerimize ba\u011flayan s\u00f6zle\u015fmeye imza att\u0131. <\/p>\n<p>  Kul\u00fcb\u00fcm\u00fcz\u00fcn Juventus\u2019dan kiral\u0131k olarak kadrosuna katt\u0131\u011f\u0131 oyuncu Filip Kostic, d\u00fczenlenen t\u00f6renle kendisini sar\u0131 lacivertli renklere ba\u011flayan s\u00f6zle\u015fmemize imza att\u0131. <\/p>\n<p>  Kostic, taraftarlar\u0131m\u0131z\u0131n \u00f6n\u00fcnde sahaya \u00e7\u0131kmak i\u00e7in sab\u0131rs\u0131zland\u0131\u011f\u0131n\u0131 s\u00f6yledi.<\/p>\n<p><b>Bas\u0131n Foto\u011fraflar\u0131<\/b><\/p>\n<div>\n<figure> <img decoding=\"async\" src=\"https:\/\/ekamu.net\/wp-content\/uploads\/2024\/09\/fenerbahcemize-hos-geldin-kostic-0-VtFS1Zau.jpg\"\/> <\/figure>\n<\/p><\/div>\n<\/p>","protected":false},"excerpt":{"rendered":"<p>Filip Kostic, kendisini sar\u0131 lacivert renklerimize ba\u011flayan s\u00f6zle\u015fmeye imza att\u0131. Kul\u00fcb\u00fcm\u00fcz\u00fcn Juventus\u2019dan kiral\u0131k olarak kadrosuna katt\u0131\u011f\u0131 oyuncu Filip Kostic, d\u00fczenlenen t\u00f6renle kendisini sar\u0131 lacivertli renklere ba\u011flayan s\u00f6zle\u015fmemize imza att\u0131 &#8230;<\/p>\n","protected":false},"author":1,"featured_media":77106,"comment_status":"open","ping_status":"open","sticky":false,"template":"","format":"standard","meta":{"footnotes":""},"categories":[11],"tags":[],"class_list":["post-77105","post","type-post","status-publish","format-standard","has-post-thumbnail","hentry","category-fenerbahce"],"_links":{"self":[{"href":"https:\/\/ekamu.net\/index.php\/wp-json\/wp\/v2\/posts\/77105","targetHints":{"allow":["GET"]}}],"collection":[{"href":"https:\/\/ekamu.net\/index.php\/wp-json\/wp\/v2\/posts"}],"about":[{"href":"https:\/\/ekamu.net\/index.php\/wp-json\/wp\/v2\/types\/post"}],"author":[{"embeddable":true,"href":"https:\/\/ekamu.net\/index.php\/wp-json\/wp\/v2\/users\/1"}],"replies":[{"embeddable":true,"href":"https:\/\/ekamu.net\/index.php\/wp-json\/wp\/v2\/comments?post=77105"}],"version-history":[{"count":1,"href":"https:\/\/ekamu.net\/index.php\/wp-json\/wp\/v2\/posts\/77105\/revisions"}],"predecessor-version":[{"id":77108,"href":"https:\/\/ekamu.net\/index.php\/wp-json\/wp\/v2\/posts\/77105\/revisions\/77108"}],"wp:featuredmedia":[{"embeddable":true,"href":"https:\/\/ekamu.net\/index.php\/wp-json\/wp\/v2\/media\/77106"}],"wp:attachment":[{"href":"https:\/\/ekamu.net\/index.php\/wp-json\/wp\/v2\/media?parent=77105"}],"wp:term":[{"taxonomy":"category","embeddable":true,"href":"https:\/\/ekamu.net\/index.php\/wp-json\/wp\/v2\/categories?post=77105"},{"taxonomy":"post_tag","embeddable":true,"href":"https:\/\/ekamu.net\/index.php\/wp-json\/wp\/v2\/tags?post=77105"}],"curies":[{"name":"wp","href":"https:\/\/api.w.org\/{rel}","templated":true}]}}