{"id":77112,"date":"2024-09-19T15:48:10","date_gmt":"2024-09-19T15:48:10","guid":{"rendered":"https:\/\/ekamu.net\/?p=77112"},"modified":"2024-09-19T15:48:10","modified_gmt":"2024-09-19T15:48:10","slug":"futbol-a-takimimiz-ile-alpet-arasinda-yapilan-sponsorluk-anlasmasinin-imza-toreni-gerceklestirildi","status":"publish","type":"post","link":"https:\/\/ekamu.net\/index.php\/2024\/09\/19\/futbol-a-takimimiz-ile-alpet-arasinda-yapilan-sponsorluk-anlasmasinin-imza-toreni-gerceklestirildi\/","title":{"rendered":"Futbol A Tak\u0131m\u0131m\u0131z ile Alpet aras\u0131nda yap\u0131lan sponsorluk anla\u015fmas\u0131n\u0131n imza t\u00f6reni ger\u00e7ekle\u015ftirildi"},"content":{"rendered":"<p><p>Futbol A Tak\u0131m\u0131m\u0131z ile Alpet aras\u0131nda yap\u0131lan forma sa\u011f kol sponsorluk anla\u015fmas\u0131n\u0131n imza t\u00f6reni \u00dclker Stadyumu Fenerbah\u00e7e \u015e\u00fckr\u00fc Saraco\u011flu Spor Kompleksi 1907 Trib\u00fcn\u00fc\u2019nde d\u00fczenlendi.<\/p>\n<p>Genel Sekreterimiz Burak \u00c7a\u011flan K\u0131z\u0131lhan, Zeren Group Holding Enerji Grubu Ba\u015fkan\u0131 Cem Osman Sokullu ve Zeren Group Holding CEO Vekili ve Y\u00f6netim Kurulu \u00dcyesi Yusuf Yatk\u0131n\u2019\u0131n konu\u015fmac\u0131 olarak kat\u0131ld\u0131\u011f\u0131 imza t\u00f6reninde kul\u00fcb\u00fcm\u00fcz\u00fcn, Zeren Group Holding ve Alpet\u2019in profesyonelleri de haz\u0131r bulundu.<\/p>\n<p><strong>Genel Sekreterimiz Burak \u00c7a\u011flan K\u0131z\u0131lhan: Sekt\u00f6r\u00fcnde \u00f6nc\u00fc markalardan biri olan Alpet\u2019in logosu bu sezon Futbol A Tak\u0131m\u0131m\u0131z\u0131n forma sa\u011f kolunda yer almaya ba\u015flad\u0131<\/strong><\/p>\n<p>\u0130mza t\u00f6reninin a\u00e7\u0131l\u0131\u015f konu\u015fmas\u0131n\u0131 yapan Genel Sekreterimiz Burak \u00c7a\u011flan K\u0131z\u0131lhan, \u201cDe\u011ferli bas\u0131n mensuplar\u0131, ekranlar\u0131 ba\u015f\u0131nda bizleri izleyen k\u0131ymetli taraftarlar\u0131m\u0131z, kongre \u00fcyelerimiz, sayg\u0131de\u011fer kat\u0131l\u0131mc\u0131lar, sevgili Zeren Group Holding Enerji Grubu Ba\u015fkan\u0131 Sn. Cem Osman Sokullu ve Zeren Group Holding CEO Vekili ve Y\u00f6netim Kurulu \u00dcyesi Sn Yusuf Yatk\u0131n ile herkesi sevgi ve sayg\u0131yla selaml\u0131yorum.<\/p>\n<p>Futbol A Tak\u0131m\u0131m\u0131z ile T\u00fcrkiye\u2019nin en y\u00fcksek akaryak\u0131t depolama kapasitesine sahip da\u011f\u0131t\u0131m \u015firketlerinden biri olan Alpet aras\u0131ndaki imza t\u00f6reni i\u00e7in beraberiz. Sekt\u00f6r\u00fcnde \u00f6nc\u00fc markalardan biri olan Alpet\u2019in logosu bu sezon Futbol A Tak\u0131m\u0131m\u0131z\u0131n forma sa\u011f kolunda yer almaya ba\u015flad\u0131. Yeni sponsorumuz Alpet\u2019in k\u0131ymetli destekleriyle birlikte yeni sezonda Fenerbah\u00e7emizin sahadaki zaferlerini kutlamay\u0131 bu sezonun ba\u015far\u0131larla ve \u015fampiyonluklarla ta\u00e7lanmas\u0131n\u0131 d\u00f6rt g\u00f6zle bekliyoruz. Alpet\u2019e B\u00fcy\u00fck Fenerbah\u00e7e Ailesi\u2019ne ho\u015f geldiniz diyorum ve bu anla\u015fman\u0131n her iki taraf i\u00e7in de hay\u0131rl\u0131 u\u011furlu olmas\u0131n\u0131 diliyorum\u201d diyerek s\u00f6zlerini noktalad\u0131.<\/p>\n<p><strong>Zeren Group Holding Enerji Grubu Ba\u015fkan\u0131 Cem Osman Sokullu: Bizim i\u00e7in gurur<\/strong><\/p>\n<p>Zeren Group Holding Enerji Grubu Ba\u015fkan\u0131 Cem Osman Sokullu ise, \u201cDe\u011ferli Fenerbah\u00e7e taraftarlar\u0131 ve bas\u0131n mensuplar\u0131&#8230; Fenerbah\u00e7e formas\u0131n\u0131n sa\u011f kolunda olmak bizim i\u00e7in \u015feref ve gururdur. Umut ediyorum; Fenerbah\u00e7e, Alpet\u2019e, Alpet de Fenerbah\u00e7e\u2019ye \u015fans getirecektir. Burak ba\u015fkan\u0131m\u0131z\u0131n s\u00f6yledi\u011fi gibi \u2018\u015eampiyonluk kupas\u0131yla ta\u00e7lanan\u2019 bir sezon olmas\u0131n\u0131 diliyoruz.\u201d ifadelerini kulland\u0131.<\/p>\n<p><strong>Zeren Group Holding CEO Vekili ve Y\u00f6netim Kurulu \u00dcyesi Yusuf Yatk\u0131n: \u015eampiyonluk kupas\u0131n\u0131 in\u015fallah hep beraber kald\u0131raca\u011f\u0131z<\/strong><\/p>\n<p>Zeren Group Holding CEO Vekili ve Y\u00f6netim Kurulu \u00dcyesi Yusuf Yatk\u0131n, \u201cAlpet ile Fenerbah\u00e7e markas\u0131n\u0131n bir arada olmas\u0131 bizim uzun s\u00fcredir arzu etti\u011fimiz, \u00fczerinde \u00e7al\u0131\u015ft\u0131\u011f\u0131m\u0131z bir konuydu. Kul\u00fcp de sa\u011f olsun bizi k\u0131rmad\u0131, bu birlikteli\u011fe yol a\u00e7t\u0131. Umar\u0131m iyi bir i\u015f birli\u011fi olacak. \u015eampiyonluk kupas\u0131n\u0131 in\u015fallah hep beraber kald\u0131raca\u011f\u0131z.\u201d dedi.<\/p>\n<p>Konu\u015fmalar\u0131n ard\u0131ndan imzalar at\u0131ld\u0131 ve foto\u011fraf \u00e7ekimi ger\u00e7ekle\u015ftirildi.<\/p>\n\n<p><b>Bas\u0131n Foto\u011fraflar\u0131<\/b><\/p>\n<div>\n<figure> <img decoding=\"async\" src=\"https:\/\/ekamu.net\/wp-content\/uploads\/2024\/09\/futbol-a-takimimiz-ile-alpet-arasinda-yapilan-sponsorluk-anlasmasinin-imza-toreni-gerceklestirildi-0-172SJJF6.jpg\"\/> <\/figure>\n<figure> <img decoding=\"async\" src=\"https:\/\/ekamu.net\/wp-content\/uploads\/2024\/09\/futbol-a-takimimiz-ile-alpet-arasinda-yapilan-sponsorluk-anlasmasinin-imza-toreni-gerceklestirildi-1-fHmHyB2k.jpg\"\/> <\/figure>\n<figure> <img decoding=\"async\" src=\"https:\/\/ekamu.net\/wp-content\/uploads\/2024\/09\/futbol-a-takimimiz-ile-alpet-arasinda-yapilan-sponsorluk-anlasmasinin-imza-toreni-gerceklestirildi-2-4zXtTv1j.jpg\"\/> <\/figure>\n<figure> <img decoding=\"async\" src=\"https:\/\/ekamu.net\/wp-content\/uploads\/2024\/09\/futbol-a-takimimiz-ile-alpet-arasinda-yapilan-sponsorluk-anlasmasinin-imza-toreni-gerceklestirildi-3-6I8MZTgq.jpg\"\/> <\/figure>\n<figure> <img decoding=\"async\" src=\"https:\/\/ekamu.net\/wp-content\/uploads\/2024\/09\/futbol-a-takimimiz-ile-alpet-arasinda-yapilan-sponsorluk-anlasmasinin-imza-toreni-gerceklestirildi-4-RWiAw2mX.jpg\"\/> <\/figure>\n<figure> <img decoding=\"async\" src=\"https:\/\/ekamu.net\/wp-content\/uploads\/2024\/09\/futbol-a-takimimiz-ile-alpet-arasinda-yapilan-sponsorluk-anlasmasinin-imza-toreni-gerceklestirildi-5-esgANTCJ.jpg\"\/> <\/figure>\n<figure> <img decoding=\"async\" src=\"https:\/\/ekamu.net\/wp-content\/uploads\/2024\/09\/futbol-a-takimimiz-ile-alpet-arasinda-yapilan-sponsorluk-anlasmasinin-imza-toreni-gerceklestirildi-6-TYStJjyG.jpg\"\/> <\/figure>\n<figure> <img decoding=\"async\" src=\"https:\/\/ekamu.net\/wp-content\/uploads\/2024\/09\/futbol-a-takimimiz-ile-alpet-arasinda-yapilan-sponsorluk-anlasmasinin-imza-toreni-gerceklestirildi-7-62Ls7hG6.jpg\"\/> <\/figure>\n<figure> <img decoding=\"async\" src=\"https:\/\/ekamu.net\/wp-content\/uploads\/2024\/09\/futbol-a-takimimiz-ile-alpet-arasinda-yapilan-sponsorluk-anlasmasinin-imza-toreni-gerceklestirildi-8-emDC5LjY.jpg\"\/> <\/figure>\n<\/p><\/div>\n<\/p>","protected":false},"excerpt":{"rendered":"<p>Futbol A Tak\u0131m\u0131m\u0131z ile Alpet aras\u0131nda yap\u0131lan forma sa\u011f kol sponsorluk anla\u015fmas\u0131n\u0131n imza t\u00f6reni \u00dclker Stadyumu Fenerbah\u00e7e \u015e\u00fckr\u00fc Saraco\u011flu Spor Kompleksi 1907 Trib\u00fcn\u00fc\u2019nde d\u00fczenlendi. Genel Sekreterimiz Burak \u00c7a\u011flan K\u0131z\u0131lhan, Zeren Group Holding &#8230;<\/p>\n","protected":false},"author":1,"featured_media":77113,"comment_status":"open","ping_status":"open","sticky":false,"template":"","format":"standard","meta":{"footnotes":""},"categories":[11],"tags":[2542,1106,65,1545,4450],"class_list":["post-77112","post","type-post","status-publish","format-standard","has-post-thumbnail","hentry","category-fenerbahce","tag-alpet","tag-baskani","tag-fenerbahce","tag-sezon","tag-zeren-group-holding"],"_links":{"self":[{"href":"https:\/\/ekamu.net\/index.php\/wp-json\/wp\/v2\/posts\/77112","targetHints":{"allow":["GET"]}}],"collection":[{"href":"https:\/\/ekamu.net\/index.php\/wp-json\/wp\/v2\/posts"}],"about":[{"href":"https:\/\/ekamu.net\/index.php\/wp-json\/wp\/v2\/types\/post"}],"author":[{"embeddable":true,"href":"https:\/\/ekamu.net\/index.php\/wp-json\/wp\/v2\/users\/1"}],"replies":[{"embeddable":true,"href":"https:\/\/ekamu.net\/index.php\/wp-json\/wp\/v2\/comments?post=77112"}],"version-history":[{"count":1,"href":"https:\/\/ekamu.net\/index.php\/wp-json\/wp\/v2\/posts\/77112\/revisions"}],"predecessor-version":[{"id":77123,"href":"https:\/\/ekamu.net\/index.php\/wp-json\/wp\/v2\/posts\/77112\/revisions\/77123"}],"wp:featuredmedia":[{"embeddable":true,"href":"https:\/\/ekamu.net\/index.php\/wp-json\/wp\/v2\/media\/77113"}],"wp:attachment":[{"href":"https:\/\/ekamu.net\/index.php\/wp-json\/wp\/v2\/media?parent=77112"}],"wp:term":[{"taxonomy":"category","embeddable":true,"href":"https:\/\/ekamu.net\/index.php\/wp-json\/wp\/v2\/categories?post=77112"},{"taxonomy":"post_tag","embeddable":true,"href":"https:\/\/ekamu.net\/index.php\/wp-json\/wp\/v2\/tags?post=77112"}],"curies":[{"name":"wp","href":"https:\/\/api.w.org\/{rel}","templated":true}]}}